{"id":50346,"date":"2025-08-29T15:53:15","date_gmt":"2025-08-29T15:53:15","guid":{"rendered":"https:\/\/www.europesays.com\/pt\/50346\/"},"modified":"2025-08-29T15:53:15","modified_gmt":"2025-08-29T15:53:15","slug":"tsitsipas-deixa-fugir-match-point-e-perde-duelo-epico-no-us-open","status":"publish","type":"post","link":"https:\/\/www.europesays.com\/pt\/50346\/","title":{"rendered":"Tsitsipas deixa fugir match point e perde duelo \u00e9pico no US Open"},"content":{"rendered":"<p style=\"text-align: justify;\"><strong>Stefanos Tsitsipas<\/strong>, ex-top 3 mundial mas atualmente ca\u00eddo para as profundezas dos \u00faltimos lugares do top 30, continua sem conseguir sair do buraco onde viu a sua carreira enfiar-se. Esta quinta-feira ao final da noite, caiu na segunda ronda do US Open, fase da prova que n\u00e3o passa desde 2021!<\/p>\n<p style=\"text-align: justify;\">O grego de 27 anos perdeu um duelo \u00e9pico de mais de quatro horas diante do alem\u00e3o<strong> Daniel Altamier<\/strong> (56.\u00ba) por 7-6(6), 1-6, 4-6, 6-3 e 7-5, num encontro em que chegou a ter match point no 10.\u00ba jogo de um quinto set onde esteve quase sempre por cima\u2026 mas n\u00e3o conseguiu aproveitar as oportunidades. No final da partida, houve troca de palavras algo tensa entre os dois\u2026<\/p>\n<blockquote class=\"twitter-tweet\" data-media-max-width=\"560\">\n<p dir=\"ltr\" lang=\"en\">Daniel Altmaier prevails in a dramatic five sets over Stefanos Tsitsipas! <a href=\"https:\/\/t.co\/bMJXsLZXJQ\" rel=\"nofollow\">pic.twitter.com\/bMJXsLZXJQ<\/a><\/p>\n<p>\u2014 US Open Tennis (@usopen) <a href=\"https:\/\/twitter.com\/usopen\/status\/1961279029111054759?ref_src=twsrc%5Etfw\" rel=\"nofollow noopener\" target=\"_blank\">August 29, 2025<\/a><\/p>\n<\/blockquote>\n<p style=\"text-align: justify;\">Tsitsipas termina a temporada de 2025 com apenas duas vit\u00f3rias em Grand Slams. Perdeu na segunda ronda aqui e em Roland Garros e na primeira do Australian Open e Wimbledon\u2026<\/p>\n<p>                <a href=\"https:\/\/bolamarela.pt\/author\/jmorgado\/\" rel=\"nofollow noopener\" target=\"_blank\"><img alt=\"\" src=\"https:\/\/www.europesays.com\/pt\/wp-content\/uploads\/2025\/08\/sporttv-142x142.jpg\"  class=\"avatar avatar-142 photo\" height=\"142\" width=\"142\" loading=\"lazy\" decoding=\"async\"\/><\/a><\/p>\n<p>Apaixonei-me pelo t\u00e9nis na \u00e9pica final de Roland Garros 2001 entre  Jennifer Capriati e a Kim Clijsters e nunca mais larguei uma modalidade que sempre me pareceu muito especial. O amor pelo jornalismo e pelo t\u00e9nis foram crescendo lado a lado. Entrei para o Bola Amarela em 2008, ainda antes de ir para a faculdade, e o site nunca mais saiu da minha vida. Trabalhei no Record e desde 2018 pode tamb\u00e9m ouvir-me a comentar tudo sobre a bolinha amarela na Sport TV. J\u00e1 tive a honra de fazer a cobertura &#8216;in loco&#8217; de tr\u00eas dos quatro Grand Slams (s\u00f3 me falta a Austr\u00e1lia!), do ATP Masters 1000 de Madrid, das Davis Cup Finals, muitas eliminat\u00f3rias portuguesas na competi\u00e7\u00e3o e, claro, de 16 (!) edi\u00e7\u00f5es do Estoril Open. Estou a ficar velho&#8230;&#13;<br \/>\n&#13;<br \/>\nEmail: jose_guerra_morgado@hotmail.com<\/p>\n<p>              <script async src=\"https:\/\/platform.twitter.com\/widgets.js\" charset=\"utf-8\"><\/script><\/p>\n","protected":false},"excerpt":{"rendered":"Stefanos Tsitsipas, ex-top 3 mundial mas atualmente ca\u00eddo para as profundezas dos \u00faltimos lugares do top 30, continua&hellip;\n","protected":false},"author":2,"featured_media":50347,"comment_status":"","ping_status":"","sticky":false,"template":"","format":"standard","meta":{"footnotes":""},"categories":[87],"tags":[135,32,33,134],"class_list":{"0":"post-50346","1":"post","2":"type-post","3":"status-publish","4":"format-standard","5":"has-post-thumbnail","7":"category-desporto","8":"tag-desporto","9":"tag-portugal","10":"tag-pt","11":"tag-sports"},"share_on_mastodon":{"url":"","error":""},"_links":{"self":[{"href":"https:\/\/www.europesays.com\/pt\/wp-json\/wp\/v2\/posts\/50346","targetHints":{"allow":["GET"]}}],"collection":[{"href":"https:\/\/www.europesays.com\/pt\/wp-json\/wp\/v2\/posts"}],"about":[{"href":"https:\/\/www.europesays.com\/pt\/wp-json\/wp\/v2\/types\/post"}],"author":[{"embeddable":true,"href":"https:\/\/www.europesays.com\/pt\/wp-json\/wp\/v2\/users\/2"}],"replies":[{"embeddable":true,"href":"https:\/\/www.europesays.com\/pt\/wp-json\/wp\/v2\/comments?post=50346"}],"version-history":[{"count":0,"href":"https:\/\/www.europesays.com\/pt\/wp-json\/wp\/v2\/posts\/50346\/revisions"}],"wp:featuredmedia":[{"embeddable":true,"href":"https:\/\/www.europesays.com\/pt\/wp-json\/wp\/v2\/media\/50347"}],"wp:attachment":[{"href":"https:\/\/www.europesays.com\/pt\/wp-json\/wp\/v2\/media?parent=50346"}],"wp:term":[{"taxonomy":"category","embeddable":true,"href":"https:\/\/www.europesays.com\/pt\/wp-json\/wp\/v2\/categories?post=50346"},{"taxonomy":"post_tag","embeddable":true,"href":"https:\/\/www.europesays.com\/pt\/wp-json\/wp\/v2\/tags?post=50346"}],"curies":[{"name":"wp","href":"https:\/\/api.w.org\/{rel}","templated":true}]}}