{"id":503472,"date":"2026-08-28T11:38:37","date_gmt":"2026-08-28T11:38:37","guid":{"rendered":"https:\/\/www.europesays.com\/pt\/503472\/"},"modified":"2026-08-28T11:38:37","modified_gmt":"2026-08-28T11:38:37","slug":"passa-ou-repassa-relembre-os-apresentadores-desse-classico-da-tv","status":"publish","type":"post","link":"https:\/\/www.europesays.com\/pt\/503472\/","title":{"rendered":"Passa ou Repassa: relembre os apresentadores desse cl\u00e1ssico da TV"},"content":{"rendered":"<p><img decoding=\"async\" fetchpriority=\"high\" src=\"https:\/\/www.europesays.com\/pt\/wp-content\/uploads\/2026\/08\/dkgn5zzr785enfvkkvrpzji9v.jpg\" width=\"906\" height=\"509\" alt=\"Celso Portiolli comanda o Passa ou Repassa\" title=\"Celso Portiolli comanda o Passa ou Repassa\"\/>Reprodu\u00e7\u00e3o\/SBT<\/p>\n<p>Celso Portiolli comanda o Passa ou Repassa<\/p>\n<p>O\u00a0 <a href=\"https:\/\/gente.ig.com.br\/tvenovela\/2026-04-06\/passa-ou-repassa--pergunta-sobre-azeite-vira-meme-no-sbt.html\" data-mce-href=\"https:\/\/gente.ig.com.br\/tvenovela\/2026-04-06\/passa-ou-repassa--pergunta-sobre-azeite-vira-meme-no-sbt.html\" data-mce- rel=\"nofollow noopener\" target=\"_blank\">Passa ou Repassa<\/a> \u00e9 um dos quadros mais tradicionais da televis\u00e3o brasileira. A atra\u00e7\u00e3o, hoje comandada por <a href=\"https:\/\/gente.ig.com.br\/tvenovela\/2026-08-24\/passa-ou-repassa--portiolli-reage-a-pergunta-sobre-11-de-setembro.html\" data-mce-href=\"https:\/\/gente.ig.com.br\/tvenovela\/2026-08-24\/passa-ou-repassa--portiolli-reage-a-pergunta-sobre-11-de-setembro.html\" data-mce- rel=\"nofollow noopener\" target=\"_blank\">Celso Portiolli,<\/a> \u00a0j\u00e1 passou por <strong>in\u00fameras fases no SBT<\/strong>, sendo apresentada por diversos comunicadores, como <strong>Silvio Santos<\/strong> (1930-2024), <strong>Gugu Liberato<\/strong> (1959-2019) e <strong>Ang\u00e9lica.<\/strong><\/p>\n<p>Na atra\u00e7\u00e3o, <strong>dois\u00a0grupos participam de um quiz com perguntas e respostas<\/strong> sobre conhecimentos gerais. Primeiro, o quadro come\u00e7a com uma prova para ver qual equipe vai come\u00e7ar os trabalhos primeiro. Caso os participantes n\u00e3o saibam a resposta, eles podem repassar para o time rival. Caso ningu\u00e9m consiga, a equipe ter\u00e1 que pagar participando de <strong>provas malucas<\/strong>, al\u00e9m de um desconto de pontos no placar.<\/p>\n<p>H\u00e1 tamb\u00e9m o <strong>\u201cTorta na Cara\u201d<\/strong>, em que um participante de cada equipe representante precisa ser r\u00e1pido para apertar um bot\u00e3o. <strong>Quem consegue primeiro e acerta o questionamento tem o direito de dar uma tortada de merengue no rival.<\/strong><\/p>\n<p>Passa ou Repassa\u00a0com Silvio Santos<img decoding=\"async\" fetchpriority=\"high\" src=\"https:\/\/www.europesays.com\/pt\/wp-content\/uploads\/2026\/08\/2tjf30a6yllf36dhldkr517bq.jpg\" width=\"906\" height=\"509\" alt=\"Silvio Santos tamb\u00e9m comandou o Passa ou Repassa\" title=\"Silvio Santos tamb\u00e9m comandou o Passa ou Repassa\"\/>Reprodu\u00e7\u00e3o\/SBT<\/p>\n<p>Silvio Santos tamb\u00e9m comandou o Passa ou Repassa<\/p>\n<p class=\"\"><strong>A atra\u00e7\u00e3o estreou em 1987 no SBT,<\/strong> como um quadro do <strong>Programa Silvio Santos<\/strong>. Na \u00e9poca, duas duplas de crian\u00e7as, que representavam suas respectivas escolas, competiam sob o comando de <a href=\"https:\/\/gente.ig.com.br\/tvenovela\/2026-08-27\/A atra\u00e7\u00e3o estreou em 1987 no SBT, como um quadro do Programa Silvio Santos. Na \u00e9poca, duas duplas de crian\u00e7as, que representavam suas respectivas escolas, competiam sob o comando de Silvio Santos. No final, os participantes ganhavam brinquedos, jogos, r\u00e1dios, videogames, entre outros.\" data-mce-href=\"https:\/\/gente.ig.com.br\/tvenovela\/2026-08-27\/A atra\u00e7\u00e3o estreou em 1987 no SBT, como um quadro do Programa Silvio Santos. Na \u00e9poca, duas duplas de crian\u00e7as, que representavam suas respectivas escolas, competiam sob o comando de Silvio Santos. No final, os participantes ganhavam brinquedos, jogos, r\u00e1dios, videogames, entre outros.\" data-mce- rel=\"nofollow noopener\" target=\"_blank\">Silvio Santos<\/a>. No final, os participantes ganhavam brinquedos, jogos, r\u00e1dios, videogames, entre outros.<\/p>\n<p>Passa ou Repassa com Gugu Liberato<\/p>\n<p class=\"\">Em 1988, o programa passou a ser comandado por <a href=\"https:\/\/gente.ig.com.br\/tvenovela\/2026-08-22\/mansao-onde-gugu-sofreu-acidente-e-colocada-a-venda-por-r--14-mi.html\" data-mce-href=\"https:\/\/gente.ig.com.br\/tvenovela\/2026-08-22\/mansao-onde-gugu-sofreu-acidente-e-colocada-a-venda-por-r--14-mi.html\" data-mce- rel=\"nofollow noopener\" target=\"_blank\">Gugu Liberato,<\/a> \u00a0dentro do <strong>Programa Silvio Santos.<\/strong> Mas foi em 1991 que a atra\u00e7\u00e3o virou aclama\u00e7\u00e3o nacional ao ganhar o &#8220;Torta na Cara&#8221;.<\/p>\n<p><img decoding=\"async\" fetchpriority=\"high\" src=\"https:\/\/www.europesays.com\/pt\/wp-content\/uploads\/2026\/08\/d4u82jid7bgpjqrroxj7db4qy.jpg\" width=\"906\" height=\"509\" alt=\"Gugu no Passa ou Repassa\" title=\"Gugu no Passa ou Repassa\"\/>Reprodu\u00e7\u00e3o\/SBT<\/p>\n<p>Gugu no Passa ou Repassa<\/p>\n<p class=\"\">A partir da temporada de 1992, <strong>passou a contar com famosos.<\/strong><\/p>\n<p>Ang\u00e9lica no comando<\/p>\n<p class=\"\">Com o sucesso de <strong>Ang\u00e9lica<\/strong> no <strong>\u201cCasa da Ang\u00e9lica\u201d<\/strong>, o SBT decidiu tornar o quadro independente e repass\u00e1-lo para a loira. Ent\u00e3o, ele passou a ser exibido de segunda a sexta-feira pela apresentadora, com estudantes do ensino m\u00e9dio e do ensino superior.<\/p>\n<p><img decoding=\"async\" fetchpriority=\"high\" src=\"https:\/\/www.europesays.com\/pt\/wp-content\/uploads\/2026\/08\/2kumm9wdlrl3kwlopti8wjvpq.jpg\" width=\"906\" height=\"509\" alt=\"Ang\u00e9lica no Passa ou Repassa\" title=\"Ang\u00e9lica no Passa ou Repassa\"\/>Reprodu\u00e7\u00e3o\/SBT<\/p>\n<p>Ang\u00e9lica no Passa ou Repassa<\/p>\n<p class=\"\">\u00a0Com a ida de Ang\u00e9lica para a TV Globo, em 1996, <strong>o quadro foi transferido para Celso Portiolli<\/strong>, e foi ali que ele iniciou sua carreira como apresentador. <strong>Ficou no ar at\u00e9 janeiro de 1998.<\/strong><\/p>\n<p>Celso Portiolli<img decoding=\"async\" fetchpriority=\"high\" src=\"https:\/\/www.europesays.com\/pt\/wp-content\/uploads\/2026\/08\/7pr3nahimdr3u20ybpt2ru16p.jpg\" width=\"906\" height=\"509\" alt=\"Celso Portiolli no Passa ou Repassa\" title=\"Celso Portiolli no Passa ou Repassa\"\/>Reprodu\u00e7\u00e3o\/SBT<\/p>\n<p>Celso Portiolli no Passa ou Repassa<\/p>\n<p><strong>O Passa ou Repassa com Celso teve outras fases.<\/strong> Retornou em 1999, desta vez com artistas. No mesmo ano, passou a ser disputado por estudantes do ensino fundamental e, na ocasi\u00e3o, os pontos eram convertidos em dinheiro.<\/p>\n<p><strong>A atra\u00e7\u00e3o deixou de ser exibida em 2000<\/strong>, retornando somente em 2004, com reprises da temporada dos anos 2000.<\/p>\n<p>Em 2013, voltou ao ar, desta vez como um <strong>quadro do Domingo Legal e sob a apresenta\u00e7\u00e3o de Celso Portiolli.<\/strong> O formato, no entanto, sofreu uma altera\u00e7\u00e3o e passou a ser exibido \u201cao vivo\u201d e com celebridades. Saiu do ar em 2016.<\/p>\n<p><img decoding=\"async\" fetchpriority=\"high\" src=\"https:\/\/www.europesays.com\/pt\/wp-content\/uploads\/2026\/08\/75i2xscguxdzub9yk6ko05lw5.jpg\" width=\"906\" height=\"509\" alt=\"Celso Portiolli no Passa ou Repassa\" title=\"Celso Portiolli no Passa ou Repassa\"\/>Reprodu\u00e7\u00e3o\/SBT<\/p>\n<p>Celso Portiolli no Passa ou Repassa<\/p>\n<p>Em sua sexta fase, a atra\u00e7\u00e3o retornou e manteve sua parceria com famosos. <strong>A reestreia contou com a participa\u00e7\u00e3o da apresentadora Eliana<\/strong>, que <strong>chegou a levar uma tortada na cara<\/strong>, o que rendeu altos \u00edndices de audi\u00eancia.<\/p>\n<p><strong>Atualmente, novamente com Celso Portiolli, o programa rende picos de lideran\u00e7a ao SBT<\/strong>, superando a TV Globo no Ibope.<\/p>\n","protected":false},"excerpt":{"rendered":"Reprodu\u00e7\u00e3o\/SBT Celso Portiolli comanda o Passa ou Repassa O\u00a0 Passa ou Repassa \u00e9 um dos quadros mais tradicionais&hellip;\n","protected":false},"author":2,"featured_media":503473,"comment_status":"","ping_status":"","sticky":false,"template":"","format":"standard","meta":{"footnotes":"","_share_on_mastodon":"0"},"categories":[142],"tags":[13885,10817,114,115,12322,80664,32,33,936,10646,151],"class_list":["post-503472","post","type-post","status-publish","format-standard","has-post-thumbnail","category-tv","tag-angelica","tag-celso-portiolli","tag-entertainment","tag-entretenimento","tag-gugu","tag-iconico","tag-portugal","tag-pt","tag-sbt","tag-silvio-santos","tag-tv"],"share_on_mastodon":{"url":"https:\/\/pubeurope.com\/@pt\/117172943974507715","error":""},"_links":{"self":[{"href":"https:\/\/www.europesays.com\/pt\/wp-json\/wp\/v2\/posts\/503472","targetHints":{"allow":["GET"]}}],"collection":[{"href":"https:\/\/www.europesays.com\/pt\/wp-json\/wp\/v2\/posts"}],"about":[{"href":"https:\/\/www.europesays.com\/pt\/wp-json\/wp\/v2\/types\/post"}],"author":[{"embeddable":true,"href":"https:\/\/www.europesays.com\/pt\/wp-json\/wp\/v2\/users\/2"}],"replies":[{"embeddable":true,"href":"https:\/\/www.europesays.com\/pt\/wp-json\/wp\/v2\/comments?post=503472"}],"version-history":[{"count":0,"href":"https:\/\/www.europesays.com\/pt\/wp-json\/wp\/v2\/posts\/503472\/revisions"}],"wp:featuredmedia":[{"embeddable":true,"href":"https:\/\/www.europesays.com\/pt\/wp-json\/wp\/v2\/media\/503473"}],"wp:attachment":[{"href":"https:\/\/www.europesays.com\/pt\/wp-json\/wp\/v2\/media?parent=503472"}],"wp:term":[{"taxonomy":"category","embeddable":true,"href":"https:\/\/www.europesays.com\/pt\/wp-json\/wp\/v2\/categories?post=503472"},{"taxonomy":"post_tag","embeddable":true,"href":"https:\/\/www.europesays.com\/pt\/wp-json\/wp\/v2\/tags?post=503472"}],"curies":[{"name":"wp","href":"https:\/\/api.w.org\/{rel}","templated":true}]}}