{"id":50350,"date":"2025-08-29T15:55:19","date_gmt":"2025-08-29T15:55:19","guid":{"rendered":"https:\/\/www.europesays.com\/pt\/50350\/"},"modified":"2025-08-29T15:55:19","modified_gmt":"2025-08-29T15:55:19","slug":"kina-apela-por-concorrente-nomeado-do-big-brother-verao","status":"publish","type":"post","link":"https:\/\/www.europesays.com\/pt\/50350\/","title":{"rendered":"Kina apela por concorrente nomeado do Big Brother Ver\u00e3o"},"content":{"rendered":"<p>\t\t\t\t\t\t\t\t\t\t\t\t<a href=\"#\" onclick=\"window.open('http:\/\/www.facebook.com\/sharer.php?u=https:\/\/cusquices.com\/kina-apela-por-concorrente-nomeado-do-big-brother-verao\/&amp;t=Kina apela por concorrente nomeado do Big Brother Ver\u00e3o', 'facebookShare', 'width=626,height=436'); return false;\" title=\"Share on Facebook\"><\/p>\n<p>Share<\/p>\n<p><\/a><br \/>\n\t\t\t\t\t\t\t\t\t\t\t\t<a href=\"#\" onclick=\"window.open('http:\/\/twitter.com\/share?text=Kina apela por concorrente nomeado do Big Brother Ver\u00e3o -&amp;url=https:\/\/cusquices.com\/kina-apela-por-concorrente-nomeado-do-big-brother-verao\/', 'twitterShare', 'width=626,height=436'); return false;\" title=\"Tweet This Post\"><\/p>\n<p>Tweet<\/p>\n<p><\/a><br \/>\n\t\t\t\t\t\t\t\t\t\t\t\t<a href=\"whatsapp:\/\/send?text=Kina apela por concorrente nomeado do Big Brother Ver\u00e3o https:\/\/cusquices.com\/kina-apela-por-concorrente-nomeado-do-big-brother-verao\/\" rel=\"nofollow\"><\/p>\n<p>Share<\/p>\n<p><\/a><br \/>\n\t\t\t\t\t\t\t\t\t\t\t\t<a href=\"#\" onclick=\"window.open('http:\/\/pinterest.com\/pin\/create\/button\/?url=https:\/\/cusquices.com\/kina-apela-por-concorrente-nomeado-do-big-brother-verao\/&amp;media=https:\/\/cusquices.com\/wp-content\/uploads\/2025\/08\/kina-nomeados9-1000x600.jpg&amp;description=Kina apela por concorrente nomeado do Big Brother Ver\u00e3o', 'pinterestShare', 'width=750,height=350'); return false;\" title=\"Pin This Post\"><\/p>\n<p>Share<\/p>\n<p><\/a><br \/>\n\t\t\t\t\t\t\t\t\t\t\t\t<a href=\"mailto:?subject=Kina apela por concorrente nomeado do Big Brother Ver\u00e3o&amp;BODY=I found this article interesting and thought of sharing it with you. Check it out: https:\/\/cusquices.com\/kina-apela-por-concorrente-nomeado-do-big-brother-verao\/\"><\/p>\n<p>Email<\/p>\n<p><\/a><br \/>\n\t\t\t\t\t\t\t\t\t\t\t\t\t\t\t\t\t\t\t\t\t\t\t\t\t\t\t\t\t\t\t\t\t\t\t\t\t\t\t\t\t\t\t\t\t\t\t\t\t\t\t\t\t<a href=\"https:\/\/cusquices.com\/kina-apela-por-concorrente-nomeado-do-big-brother-verao\/#respond\" rel=\"nofollow noopener\" target=\"_blank\"><\/p>\n<p>Kina refor\u00e7a apoio a ex-colega do Big Brother Ver\u00e3o e deixa apelo pela sua salva\u00e7\u00e3o.<\/p>\n<p>O <strong>Big Brother Ver\u00e3o <\/strong>aproxima-se a passos largos da grande final e este domingo, 31 de agosto, a casa mais vigiada do pa\u00eds vai perder mais um concorrente \u2013 <strong>Ana Duarte, Catarina Miranda e Viriato Quintela<\/strong> -s\u00e3o os concorrentes em risco esta semana.<\/p>\n<p><strong>Kina,<\/strong> ex-concorrente do formato, recorreu \u00e0s redes sociais esta quinta-feira, 28 de agosto, para apelar por um dos concorrentes nomeados. A estilista deixou um apelo por <strong>Ana Duarte<\/strong> nas suas redes sociais, demonstrando assim, o apoio \u00e0 amiga que conheceu na casa mais vigiada do pa\u00eds.<\/p>\n<p>Recorde-se que nas sondagens n\u00e3o oficiais, <strong>Ana Duarte<\/strong> \u00e9 o elo mais fraco e pode mesmo ser ela a abandonar a casa mais vigiada do pa\u00eds no pr\u00f3ximo domingo. Veja como anda a <a href=\"https:\/\/cusquices.com\/sondagem-big-brother\/\" rel=\"nofollow noopener\" target=\"_blank\">sondagem aqui.<\/a><\/p>\n<p><img loading=\"lazy\" decoding=\"async\" width=\"566\" height=\"1024\" src=\"https:\/\/www.europesays.com\/pt\/wp-content\/uploads\/2025\/08\/kinaapelo-566x1024.png\" alt=\"\" class=\"wp-image-97808 webpexpress-processed\"  \/><\/p>\n<p><strong>Leia tamb\u00e9m:<\/strong><\/p>\n<p>\t\t\t\t\t\t\t\t\t\t\t\t\t\t\t\t\t\t\t\t\t\t\t\t\t<img decoding=\"async\" src=\"https:\/\/www.europesays.com\/pt\/wp-content\/uploads\/2025\/08\/1756419256_853_cusquices-logo-52x.png\" class=\"webpexpress-processed\"\/><\/p>\n<p>\t\t\t\t\t\t\t\t\t\t\t\t\t\t\t\t\t\t\t\t\t            \t\t\t\t\t\t\t\t\t\t\t\t\t\t\t\t\t\t\t\t\t\t\t\t\t\t\t\t\t\t\t\t\t\t\t\t\t\t\t<script async src=\"https:\/\/platform.twitter.com\/widgets.js\" charset=\"utf-8\"><\/script><\/p>\n","protected":false},"excerpt":{"rendered":"Share Tweet Share Share Email Kina refor\u00e7a apoio a ex-colega do Big Brother Ver\u00e3o e deixa apelo pela&hellip;\n","protected":false},"author":2,"featured_media":50351,"comment_status":"","ping_status":"","sticky":false,"template":"","format":"standard","meta":{"footnotes":""},"categories":[85],"tags":[340,48,49,114,115,672,32,33],"class_list":{"0":"post-50350","1":"post","2":"type-post","3":"status-publish","4":"format-standard","5":"has-post-thumbnail","7":"category-entretenimento","8":"tag-ana-duarte","9":"tag-big-brother","10":"tag-destaques","11":"tag-entertainment","12":"tag-entretenimento","13":"tag-kina","14":"tag-portugal","15":"tag-pt"},"share_on_mastodon":{"url":"","error":""},"_links":{"self":[{"href":"https:\/\/www.europesays.com\/pt\/wp-json\/wp\/v2\/posts\/50350","targetHints":{"allow":["GET"]}}],"collection":[{"href":"https:\/\/www.europesays.com\/pt\/wp-json\/wp\/v2\/posts"}],"about":[{"href":"https:\/\/www.europesays.com\/pt\/wp-json\/wp\/v2\/types\/post"}],"author":[{"embeddable":true,"href":"https:\/\/www.europesays.com\/pt\/wp-json\/wp\/v2\/users\/2"}],"replies":[{"embeddable":true,"href":"https:\/\/www.europesays.com\/pt\/wp-json\/wp\/v2\/comments?post=50350"}],"version-history":[{"count":0,"href":"https:\/\/www.europesays.com\/pt\/wp-json\/wp\/v2\/posts\/50350\/revisions"}],"wp:featuredmedia":[{"embeddable":true,"href":"https:\/\/www.europesays.com\/pt\/wp-json\/wp\/v2\/media\/50351"}],"wp:attachment":[{"href":"https:\/\/www.europesays.com\/pt\/wp-json\/wp\/v2\/media?parent=50350"}],"wp:term":[{"taxonomy":"category","embeddable":true,"href":"https:\/\/www.europesays.com\/pt\/wp-json\/wp\/v2\/categories?post=50350"},{"taxonomy":"post_tag","embeddable":true,"href":"https:\/\/www.europesays.com\/pt\/wp-json\/wp\/v2\/tags?post=50350"}],"curies":[{"name":"wp","href":"https:\/\/api.w.org\/{rel}","templated":true}]}}