{"id":50356,"date":"2025-08-29T16:00:08","date_gmt":"2025-08-29T16:00:08","guid":{"rendered":"https:\/\/www.europesays.com\/pt\/50356\/"},"modified":"2025-08-29T16:00:08","modified_gmt":"2025-08-29T16:00:08","slug":"candidato-a-presidencia-do-fenerbahce-anuncia-acordo-com-sergio-conceicao","status":"publish","type":"post","link":"https:\/\/www.europesays.com\/pt\/50356\/","title":{"rendered":"Candidato \u00e0 presid\u00eancia do Fenerbah\u00e7e anuncia acordo com S\u00e9rgio Concei\u00e7\u00e3o"},"content":{"rendered":"<p>Um candidato \u00e0 presid\u00eancia do Fenerbah\u00e7e, o empres\u00e1rio Sadettin Saran, anunciou nas redes sociais que tem um entendimento com S\u00e9rgio Concei\u00e7\u00e3o para tornar-se treinador do clube turco.\u00a0\u00a0<\/p>\n<p>Ap\u00f3s o an\u00fancio da sa\u00edda de<strong><a href=\"https:\/\/maisfutebol.iol.pt\/fenerbahce\/29-08-2025\/oficial-jose-mourinho-despedido-do-fenerbahce\" rel=\"nofollow noopener\" target=\"_blank\"> Jos\u00e9 Mourinho do Fenerbah\u00e7e<\/a><\/strong>, nesta sexta-feira, Saran garantiu que tem um pr\u00e9-acordo com o treinador portugu\u00eas e at\u00e9 disponibilizou-se a facilitar a chegada do t\u00e9cnico antes das elei\u00e7\u00f5es.\u00a0<\/p>\n<p>E o neg\u00f3cio at\u00e9 pode ser feito \u00abem melhores condi\u00e7\u00f5es\u00bb do que o contrato de Jos\u00e9 Mourinho, garante\u00a0Sadettin Saran.\u00a0<\/p>\n<p style=\"text-align:left; margin-bottom:20px\">\u00abEstamos todos cientes da not\u00edcia de que o nosso treinador, Jos\u00e9 Mourinho, foi demitido pela dire\u00e7\u00e3o do clube a partir de hoje. Considerando que faltam exatamente 23 dias para as elei\u00e7\u00f5es, a decis\u00e3o sobre o novo treinador \u00e9, sem d\u00favida, de vital import\u00e2ncia. Neste momento, temos de afirmar que o nosso candidato a treinador \u00e9 S\u00e9rgio Concei\u00e7\u00e3o\u00bb, anunciou, em comunicado.<\/p>\n<p>\u00abConvidamos a nossa dire\u00e7\u00e3o a tomar medidas imediatas. S\u00e9rgio Concei\u00e7\u00e3o est\u00e1 pronto para vir para o nosso clube em melhores condi\u00e7\u00f5es do que o nosso antigo treinador Mourinho. Temos total confian\u00e7a de que Concei\u00e7\u00e3o nos levar\u00e1 ao sucesso que tanto almejamos, dado o seu car\u00e1ter ambicioso e entusiasmante, que est\u00e1 em sintonia com os genes do nosso clube\u00bb, continuou Saran.\u00a0<\/p>\n<p>\u00abEsperamos que a nossa administra\u00e7\u00e3o aja com essa vis\u00e3o e pensamento, e ficar\u00edamos felizes em intervir se houver alguma obriga\u00e7\u00e3o que nos caiba. O Fenerbah\u00e7e \u00e9 mais importante do que qualquer outra coisa\u00bb, apelou, por fim, o candidato.\u00a0<\/p>\n<p>S\u00e9rgio Concei\u00e7\u00e3o, antigo treinador emblem\u00e1tico do FC Porto, teve uma curta aventura no Milan, de It\u00e1lia, acabando despedido no final da \u00faltima temporada. Est\u00e1 livre no mercado.<\/p>\n<blockquote class=\"twitter-tweet\">\n<p lang=\"tr\">Fenerbah\u00e7e Spor Kul\u00fcb\u00fc Ba\u015fkan Aday\u0131 Sadettin Saran&#8217;\u0131n A\u00e7\u0131klamas\u0131 <a href=\"https:\/\/t.co\/h3uPtGcDYf\" rel=\"nofollow\">pic.twitter.com\/h3uPtGcDYf<\/a><\/p>\n<p> \u2014 S\u00f6z Fenerbah\u00e7e (@sozfb2025)<br \/>\n  <a href=\"https:\/\/twitter.com\/sozfb2025\/status\/1961414982597226629?ref_src=twsrc%5Etfw\" rel=\"nofollow noopener\" target=\"_blank\">August 29, 2025<\/a>\n <\/p><\/blockquote>\n<p>                                <script async src=\"https:\/\/platform.twitter.com\/widgets.js\" charset=\"utf-8\"><\/script><\/p>\n","protected":false},"excerpt":{"rendered":"Um candidato \u00e0 presid\u00eancia do Fenerbah\u00e7e, o empres\u00e1rio Sadettin Saran, anunciou nas redes sociais que tem um entendimento&hellip;\n","protected":false},"author":2,"featured_media":50357,"comment_status":"","ping_status":"","sticky":false,"template":"","format":"standard","meta":{"footnotes":""},"categories":[8],"tags":[27,28,15,16,918,14,82,25,26,436,21,22,46,12,13,19,20,32,23,24,33,47,14788,5540,17,18,29,30,31],"class_list":{"0":"post-50356","1":"post","2":"type-post","3":"status-publish","4":"format-standard","5":"has-post-thumbnail","7":"category-principais-noticias","8":"tag-breaking-news","9":"tag-breakingnews","10":"tag-featured-news","11":"tag-featurednews","12":"tag-fenerbahce","13":"tag-headlines","14":"tag-internacional","15":"tag-latest-news","16":"tag-latestnews","17":"tag-made-in","18":"tag-main-news","19":"tag-mainnews","20":"tag-maisfutebol","21":"tag-news","22":"tag-noticias","23":"tag-noticias-principais","24":"tag-noticiasprincipais","25":"tag-portugal","26":"tag-principais-noticias","27":"tag-principaisnoticias","28":"tag-pt","29":"tag-pura-paixao","30":"tag-sadettin-saran","31":"tag-sergio-conceicao","32":"tag-top-stories","33":"tag-topstories","34":"tag-ultimas","35":"tag-ultimas-noticias","36":"tag-ultimasnoticias"},"share_on_mastodon":{"url":"","error":""},"_links":{"self":[{"href":"https:\/\/www.europesays.com\/pt\/wp-json\/wp\/v2\/posts\/50356","targetHints":{"allow":["GET"]}}],"collection":[{"href":"https:\/\/www.europesays.com\/pt\/wp-json\/wp\/v2\/posts"}],"about":[{"href":"https:\/\/www.europesays.com\/pt\/wp-json\/wp\/v2\/types\/post"}],"author":[{"embeddable":true,"href":"https:\/\/www.europesays.com\/pt\/wp-json\/wp\/v2\/users\/2"}],"replies":[{"embeddable":true,"href":"https:\/\/www.europesays.com\/pt\/wp-json\/wp\/v2\/comments?post=50356"}],"version-history":[{"count":0,"href":"https:\/\/www.europesays.com\/pt\/wp-json\/wp\/v2\/posts\/50356\/revisions"}],"wp:featuredmedia":[{"embeddable":true,"href":"https:\/\/www.europesays.com\/pt\/wp-json\/wp\/v2\/media\/50357"}],"wp:attachment":[{"href":"https:\/\/www.europesays.com\/pt\/wp-json\/wp\/v2\/media?parent=50356"}],"wp:term":[{"taxonomy":"category","embeddable":true,"href":"https:\/\/www.europesays.com\/pt\/wp-json\/wp\/v2\/categories?post=50356"},{"taxonomy":"post_tag","embeddable":true,"href":"https:\/\/www.europesays.com\/pt\/wp-json\/wp\/v2\/tags?post=50356"}],"curies":[{"name":"wp","href":"https:\/\/api.w.org\/{rel}","templated":true}]}}