{"id":503560,"date":"2026-08-28T12:56:13","date_gmt":"2026-08-28T12:56:13","guid":{"rendered":"https:\/\/www.europesays.com\/pt\/503560\/"},"modified":"2026-08-28T12:56:13","modified_gmt":"2026-08-28T12:56:13","slug":"harald-v-fotos-do-adeus-ao-monarca-no-trono-ha-tres-decadas-observador","status":"publish","type":"post","link":"https:\/\/www.europesays.com\/pt\/503560\/","title":{"rendered":"Harald V. Fotos do adeus ao monarca no trono h\u00e1 tr\u00eas d\u00e9cadas \u2013 Observador"},"content":{"rendered":"<p>O Presidente de Fran\u00e7a reagiu \u00e0 morte do monarca. \u201c\u00c9 com profunda tristeza que tomo conhecimento do falecimento de Sua Majestade o Rei Harald, que <strong>trabalhou incansavelmente<\/strong>, ao longo de todo o seu reinado, para fortalecer os la\u00e7os que unem a Noruega e a Fran\u00e7a\u201d, escreveu Emmanuel Macron na <a href=\"https:\/\/twitter.com\/EmmanuelMacron\/status\/2093238737178116159\" rel=\"nofollow noopener\" target=\"_blank\">rede social X<\/a>.<\/p>\n<p>Giorgia Meloni, a primeira-ministra de It\u00e1lia, expressou \u201co mais profundo pesar\u201d pelo falecimento do Rei. \u201cUm Soberano que serviu a sua Na\u00e7\u00e3o com <strong>equil\u00edbrio, autoridade e profundo senso das institui\u00e7\u00f5es<\/strong>, contribuindo para fortalecer, ao longo do seu longo Reinado, os la\u00e7os entre a Noruega e It\u00e1lia. \u00c0 Fam\u00edlia Real e a todo o povo noruegu\u00eas, apresentamos as nossas mais sentidas condol\u00eancias e a nossa sincera solidariedade\u201d, afirmou tamb\u00e9m no <a href=\"https:\/\/twitter.com\/GiorgiaMeloni\/status\/2093255939423863129\" rel=\"nofollow noopener\" target=\"_blank\">X<\/a>.<\/p>\n<blockquote class=\"twitter-tweet\" data-width=\"500\" data-dnt=\"true\">\n<p lang=\"it\" dir=\"ltr\">Esprimo a nome del Governo italiano il piu profondo cordoglio per la scomparsa di Sua Maest\u00e0 Re Harald V di Norvegia.<\/p>\n<p>Un Sovrano che ha servito la sua Nazione con equilibrio, autorevolezza e profondo senso delle istituzioni, contribuendo a rafforzare nel corso del suo lungo\u2026<\/p>\n<p>\u2014 Giorgia Meloni (@GiorgiaMeloni) <a href=\"https:\/\/x.com\/GiorgiaMeloni\/status\/2093255939423863129?ref_src=twsrc%5Etfw\" rel=\"nofollow\">August 28, 2026<\/a><\/p>\n<\/blockquote>\n<p>Friedrich Merz, por seu turno, desejou \u201cmuita for\u00e7a \u00e0 Fam\u00edlia Real e ao povo noruegu\u00eas\u201d. \u201cO falecimento do Rei Harald V toca-nos a todos. A Noruega perdeu uma grande personalidade, que representava a serenidade e a uni\u00e3o\u201d, escreveu o chanceler da Alemanha nas <a href=\"https:\/\/twitter.com\/bundeskanzler\/status\/2093289022453924266\" rel=\"nofollow noopener\" target=\"_blank\">redes sociais<\/a>.<\/p>\n<p>Tamb\u00e9m o presidente do Conselho Europeu recebeu \u201ccom profundo pesar\u201d a not\u00edcia. No <a href=\"https:\/\/twitter.com\/eucopresident\/status\/2093250913355915411\" rel=\"nofollow noopener\" target=\"_blank\">X<\/a>, Ant\u00f3nio Costa afirmou que Harald \u201cdedicou a sua vida ao servi\u00e7o do povo noruegu\u00eas e era altamente respeitado, tanto no seu pa\u00eds como no estrangeiro\u201d. \u201cO seu longo e dedicado servi\u00e7o \u00e0 sua na\u00e7\u00e3o ser\u00e1 recordado com grande respeito\u201d, acrescentou.<\/p>\n<p>Ursula von der Leyen apresentou as \u201ccondol\u00eancias ao povo da Noruega\u201d. \u201cDurante mais de tr\u00eas d\u00e9cadas, [Harald] serviu o seu pa\u00eds com <strong>calor humano<\/strong>, <strong>humildade<\/strong> e um<strong> inabal\u00e1vel sentido do dever<\/strong>. Nos momentos de alegria e de tristeza, uniu os noruegueses. <strong>Foi um verdadeiro europeu<\/strong> e um servidor dedicado do seu povo ao longo de toda a sua vida\u201d, <a href=\"https:\/\/twitter.com\/vonderleyen\/status\/2093232955875373551\" rel=\"nofollow noopener\" target=\"_blank\">escreveu<\/a> a presidente da Comiss\u00e3o Europeia, sublinhando que \u201cas suas palavras continuar\u00e3o a ecoar: \u2018Tudo pela Noruega&#8217;\u201d.<\/p>\n<p>Harald V, de 89 anos, era casado com a rainha Sonja da Noruega, com quem completaria 58 anos de matrim\u00f3nio no s\u00e1bado, dia 28 de agosto. Juntos, o Rei e a Rainha tiveram dois filhos: a princesa Martha Louise e o pr\u00edncipe herdeiro Haakon, que assumir\u00e1 o trono real. \u201cO meu maior desejo para a Noruega \u00e9 que sejamos capazes de cuidar uns dos outros. Que continuemos a construir este pa\u00eds com base na confian\u00e7a, na comunidade e na generosidade. Que sintamos que, apesar de todas as nossas diferen\u00e7as, somos um s\u00f3 povo. Que a Noruega \u00e9 uma s\u00f3\u201d. A declara\u00e7\u00e3o de Harald V em 2016 no Pal\u00e1cio Real de Oslo foi recordada pela casa real norueguesa num story no Instagram.<\/p>\n<p>A morte do Rei ocorre num momento j\u00e1 dif\u00edcil para a fam\u00edlia: o <a href=\"https:\/\/observador.pt\/especiais\/mette-marit-o-passado-com-drogas-o-filho-condenado-o-escandalo-epstein-e-o-transplante-que-ameaca-o-trono\/\" rel=\"nofollow noopener\" target=\"_blank\">transplante recente de pulm\u00e3o<\/a> da princesa herdeira Mette-Marit, que teve o nome envolvido nos <a href=\"https:\/\/observador.pt\/especiais\/epstein-o-filho-em-risco-de-prisao-e-a-doenca-grave-mette-marit-sob-pressao-num-momento-decisivo-para-a-coroa-norueguesa\/\" rel=\"nofollow noopener\" target=\"_blank\">ficheiros do caso Epstein<\/a>; a condena\u00e7\u00e3o e <a href=\"https:\/\/observador.pt\/2026\/06\/15\/marius-borg-filho-da-princesa-herdeira-da-noruega-condenado-a-quatro-anos-de-prisao-na-noruega\/\" rel=\"nofollow noopener\" target=\"_blank\">pris\u00e3o de Marius Borg<\/a>; a sa\u00edda do pr\u00edncipe Sverre Magnus da Noruega para o <a href=\"https:\/\/observador.pt\/especiais\/da-adolescencia-reservada-a-discreto-trunfo-da-coroa-norueguesa-sverre-magnus-o-filho-de-haakon-e-mette-marit-que-vem-estudar-para-lisboa\/\" rel=\"nofollow noopener\" target=\"_blank\">in\u00edcio dos estudos em Lisboa<\/a> (a sua irm\u00e3 Ingrid Alexandra vai estudar em Oslo) e os <a href=\"https:\/\/observador.pt\/2026\/05\/19\/rainha-sonja-da-noruega-falha-compromisso-oficial-devido-a-arritmia-cardiaca\/\" rel=\"nofollow noopener\" target=\"_blank\">problemas de sa\u00fade da rainha Sonja<\/a>. Haakon ter\u00e1 a miss\u00e3o n\u00e3o s\u00f3 de dar continuidade ao trabalho do seu pai mas, tamb\u00e9m, de <strong>recuperar a confian\u00e7a na monarquia<\/strong> no seu pa\u00eds.<\/p>\n<p>Artigo atualizado \u00e0s 13h20 desta sexta-feira com mais rea\u00e7\u00f5es \u00e0 morte do Rei<\/p>\n<p>            <script async src=\"https:\/\/platform.twitter.com\/widgets.js\" charset=\"utf-8\"><\/script><\/p>\n","protected":false},"excerpt":{"rendered":"O Presidente de Fran\u00e7a reagiu \u00e0 morte do monarca. \u201c\u00c9 com profunda tristeza que tomo conhecimento do falecimento&hellip;\n","protected":false},"author":2,"featured_media":503561,"comment_status":"","ping_status":"","sticky":false,"template":"","format":"standard","meta":{"footnotes":"","_share_on_mastodon":"0"},"categories":[50],"tags":[27,28,6516,211,445,15,16,14,25,26,186,21,22,62,12,965,13,19,20,23,24,58,17,18,2303,29,30,31,63,64,65],"class_list":["post-503560","post","type-post","status-publish","format-standard","has-post-thumbnail","category-mundo","tag-breaking-news","tag-breakingnews","tag-casas-reais","tag-celebridades","tag-europa","tag-featured-news","tag-featurednews","tag-headlines","tag-latest-news","tag-latestnews","tag-lifestyle","tag-main-news","tag-mainnews","tag-mundo","tag-news","tag-noruega","tag-noticias","tag-noticias-principais","tag-noticiasprincipais","tag-principais-noticias","tag-principaisnoticias","tag-sociedade","tag-top-stories","tag-topstories","tag-u00d3bito","tag-ultimas","tag-ultimas-noticias","tag-ultimasnoticias","tag-world","tag-world-news","tag-worldnews"],"share_on_mastodon":{"url":"https:\/\/pubeurope.com\/@pt\/117173248808710264","error":""},"_links":{"self":[{"href":"https:\/\/www.europesays.com\/pt\/wp-json\/wp\/v2\/posts\/503560","targetHints":{"allow":["GET"]}}],"collection":[{"href":"https:\/\/www.europesays.com\/pt\/wp-json\/wp\/v2\/posts"}],"about":[{"href":"https:\/\/www.europesays.com\/pt\/wp-json\/wp\/v2\/types\/post"}],"author":[{"embeddable":true,"href":"https:\/\/www.europesays.com\/pt\/wp-json\/wp\/v2\/users\/2"}],"replies":[{"embeddable":true,"href":"https:\/\/www.europesays.com\/pt\/wp-json\/wp\/v2\/comments?post=503560"}],"version-history":[{"count":0,"href":"https:\/\/www.europesays.com\/pt\/wp-json\/wp\/v2\/posts\/503560\/revisions"}],"wp:featuredmedia":[{"embeddable":true,"href":"https:\/\/www.europesays.com\/pt\/wp-json\/wp\/v2\/media\/503561"}],"wp:attachment":[{"href":"https:\/\/www.europesays.com\/pt\/wp-json\/wp\/v2\/media?parent=503560"}],"wp:term":[{"taxonomy":"category","embeddable":true,"href":"https:\/\/www.europesays.com\/pt\/wp-json\/wp\/v2\/categories?post=503560"},{"taxonomy":"post_tag","embeddable":true,"href":"https:\/\/www.europesays.com\/pt\/wp-json\/wp\/v2\/tags?post=503560"}],"curies":[{"name":"wp","href":"https:\/\/api.w.org\/{rel}","templated":true}]}}