{"id":50359,"date":"2025-08-29T16:04:09","date_gmt":"2025-08-29T16:04:09","guid":{"rendered":"https:\/\/www.europesays.com\/pt\/50359\/"},"modified":"2025-08-29T16:04:09","modified_gmt":"2025-08-29T16:04:09","slug":"familia-de-ana-duarte-demente-cristina-ferreira","status":"publish","type":"post","link":"https:\/\/www.europesays.com\/pt\/50359\/","title":{"rendered":"Fam\u00edlia de Ana Duarte demente Cristina Ferreira"},"content":{"rendered":"<p>Na passada quarta-feira, dia 27 de agosto, Cristina Ferreira e Cl\u00e1udio Ramos receberam no\u00a0\u201c<strong>Dois \u00e0s 10<\/strong>\u201d\u00a0os pais de <a href=\"https:\/\/www.instagram.com\/annaduarte_singer\/\" target=\"_blank\" rel=\"noopener nofollow\">Ana Duarte<\/a> e a filha, Riana, de 12 anos. Durante a emiss\u00e3o, a jovem acabou por surgir em est\u00fadio e falar sobre o fim do casamento da m\u00e3e com Ricardinho, situa\u00e7\u00e3o que desencadeou forte pol\u00e9mica.<\/p>\n<p>No entanto, no dia seguinte, 28 de agosto, a apresentadora fez quest\u00e3o de sublinhar (<a href=\"https:\/\/www.atelevisao.com\/tvi\/cristina-ferreira-fala-sobre-ida-de-filha-de-ana-duarte-ao-dois-as-10-nos-dissemos-que-nao-fazia-sentido-ela-entrar\/\" rel=\"nofollow noopener\" target=\"_blank\">aqui<\/a>): \u201c<strong>Esta entrevista custou-nos muito. \u00c9ramos para receber os pais da Ana, quando soubemos que a Riana vinha, dissemos que n\u00e3o fazia sentido ela entrar porque \u00e9 uma menina de apenas 12 anos. Foi ela que fez quest\u00e3o de entrar, porque queria entrar e queria falar<\/strong>\u201d.<\/p>\n<p>J\u00e1 na manh\u00e3 desta sexta-feira, 29 de agosto, o pai de Ana Duarte interveio no\u00a0\u201c<strong>Manh\u00e3 CM<\/strong>\u201c, atrav\u00e9s de chamada telef\u00f3nica, para esclarecer os acontecimentos. O av\u00f4 de Riana explicou que o convite tinha sido feito a si e \u00e0 esposa, mas que a neta se encontrava ao cuidado dos dois naquele dia: \u201c<strong>O convite foi feito a mim e \u00e0 minha esposa, o que acontece \u00e9 que eu tenho a minha neta connosco. Como eu n\u00e3o tinha onde deixar, ela tem de andar connosco. E ela queria estar presente tamb\u00e9m. E foi isso que aconteceu<\/strong>\u201d.<\/p>\n<p>Durante a conversa, N\u00e9lson Duarte deixou cr\u00edticas diretas ao ex-marido da filha, Ricardinho, devido ao comunicado divulgado pelo cantor. Quanto \u00e0 participa\u00e7\u00e3o da crian\u00e7a no formato das manh\u00e3s da TVI, o pai de Ana Duarte foi perempt\u00f3rio: \u201c<strong>A menina foi, ningu\u00e9m colocou obje\u00e7\u00f5es nenhumas, por que \u00e9 que n\u00e3o se podia sentar no sof\u00e1?!<\/strong>\u201d.<\/p>\n<p>\u201c<strong>Assim que entr\u00e1mos, meteram microfones a mim, \u00e0 minha esposa e \u00e0 minha neta, e entr\u00e1mos para dentro do est\u00fadio. Ningu\u00e9m me disse nada disso. N\u00e3o houve nenhum pedido nem sugest\u00e3o para a Riana se sentar ao nosso lado. J\u00e1 estava decidido que ela ia entrar<\/strong>\u201d, rematou.<\/p>\n<p><script async src=\"\/\/www.instagram.com\/embed.js\"><\/script><\/p>\n","protected":false},"excerpt":{"rendered":"Na passada quarta-feira, dia 27 de agosto, Cristina Ferreira e Cl\u00e1udio Ramos receberam no\u00a0\u201cDois \u00e0s 10\u201d\u00a0os pais de&hellip;\n","protected":false},"author":2,"featured_media":50360,"comment_status":"","ping_status":"","sticky":false,"template":"","format":"standard","meta":{"footnotes":""},"categories":[142],"tags":[114,115,32,33,151],"class_list":{"0":"post-50359","1":"post","2":"type-post","3":"status-publish","4":"format-standard","5":"has-post-thumbnail","7":"category-tv","8":"tag-entertainment","9":"tag-entretenimento","10":"tag-portugal","11":"tag-pt","12":"tag-tv"},"share_on_mastodon":{"url":"","error":""},"_links":{"self":[{"href":"https:\/\/www.europesays.com\/pt\/wp-json\/wp\/v2\/posts\/50359","targetHints":{"allow":["GET"]}}],"collection":[{"href":"https:\/\/www.europesays.com\/pt\/wp-json\/wp\/v2\/posts"}],"about":[{"href":"https:\/\/www.europesays.com\/pt\/wp-json\/wp\/v2\/types\/post"}],"author":[{"embeddable":true,"href":"https:\/\/www.europesays.com\/pt\/wp-json\/wp\/v2\/users\/2"}],"replies":[{"embeddable":true,"href":"https:\/\/www.europesays.com\/pt\/wp-json\/wp\/v2\/comments?post=50359"}],"version-history":[{"count":0,"href":"https:\/\/www.europesays.com\/pt\/wp-json\/wp\/v2\/posts\/50359\/revisions"}],"wp:featuredmedia":[{"embeddable":true,"href":"https:\/\/www.europesays.com\/pt\/wp-json\/wp\/v2\/media\/50360"}],"wp:attachment":[{"href":"https:\/\/www.europesays.com\/pt\/wp-json\/wp\/v2\/media?parent=50359"}],"wp:term":[{"taxonomy":"category","embeddable":true,"href":"https:\/\/www.europesays.com\/pt\/wp-json\/wp\/v2\/categories?post=50359"},{"taxonomy":"post_tag","embeddable":true,"href":"https:\/\/www.europesays.com\/pt\/wp-json\/wp\/v2\/tags?post=50359"}],"curies":[{"name":"wp","href":"https:\/\/api.w.org\/{rel}","templated":true}]}}