{"id":503594,"date":"2026-08-28T13:24:14","date_gmt":"2026-08-28T13:24:14","guid":{"rendered":"https:\/\/www.europesays.com\/pt\/503594\/"},"modified":"2026-08-28T13:24:14","modified_gmt":"2026-08-28T13:24:14","slug":"lidl-lanca-calcoes-estilo-ralph-lauren-ao-preco-mais-baixo","status":"publish","type":"post","link":"https:\/\/www.europesays.com\/pt\/503594\/","title":{"rendered":"Lidl lan\u00e7a cal\u00e7\u00f5es estilo Ralph Lauren ao pre\u00e7o mais baixo"},"content":{"rendered":"<p>Acabam de chegar \u00e0s prateleiras de centenas de lojas <strong>Lidl<\/strong> espalhadas por todo o pa\u00eds os cal\u00e7\u00f5es da marca pr\u00f3pria <strong>Livergy<\/strong>.<\/p>\n<p>Est\u00e3o \u00e0 venda por <strong>9,99 euros <\/strong>e est\u00e3o dispon\u00edveis em tr\u00eas tonalidades: azul-marinho, bege e azul mais claro.<\/p>\n<p>A composi\u00e7\u00e3o t\u00eaxtil combina 98% de algod\u00e3o com 2% de elastano, mais conhecido pelo nome comercial Lycra. Esta mistura foi pensada para juntar o conforto natural do algod\u00e3o \u00e0 flexibilidade proporcionada pela fibra el\u00e1stica.<\/p>\n<p>Esta combina\u00e7\u00e3o \u00e9 particularmente comum em vestu\u00e1rio casual masculino, j\u00e1 que permite maior liberdade de movimento sem comprometer a durabilidade ou o aspeto visual da pe\u00e7a ao longo do tempo.<\/p>\n<p>Por outro lado, tecidos 100% algod\u00e3o tendem a perder a forma original mais rapidamente com lavagens sucessivas.<\/p>\n<p>Tamanhos para todos<br \/>\n<img loading=\"lazy\" decoding=\"async\" class=\"size-large wp-image-783661\" src=\"https:\/\/www.europesays.com\/pt\/wp-content\/uploads\/2026\/08\/lidl-calcoes-1-1024x576.webp\" alt=\"lidl cal\u00e7\u00f5es\" width=\"800\" height=\"450\"  \/>\u00a9 LIDL<\/p>\n<p>Dispon\u00edveis do tamanho <strong>S ao XL<\/strong>, consoante o modelo escolhido, estes cal\u00e7\u00f5es cobrem uma gama de tamanhos relativamente alargada. Ainda assim, a disponibilidade espec\u00edfica de cada tamanho pode variar conforme a tonalidade e a loja onde a compra \u00e9 efetuada.<\/p>\n<p>            <img decoding=\"async\" src=\"https:\/\/www.europesays.com\/pt\/wp-content\/uploads\/2026\/08\/1787923454_164_spider-man-um-novo-dia.jpg\" alt=\"Homem-Aranha: Um Novo Dia\"\/><\/p>\n<p>\n                &#8220;Homem-Aranha: Um Novo Dia&#8221;\n            <\/p>\n<p>O corte segue um estilo cl\u00e1ssico, adequado tanto para uso casual no dia a dia como para situa\u00e7\u00f5es mais descontra\u00eddas de lazer. Este corte funciona bem tanto no calor do ver\u00e3o como nas temperaturas mais amenas do in\u00edcio do outono. Este per\u00edodo \u00e9 precisamente o tempo que estamos a ter nos \u00faltimos dias.<\/p>\n<p>Al\u00e9m destes, de recordar que nos \u00faltimos dias chegaram \u00e0s lojas uma <a href=\"https:\/\/www.magazine-hd.com\/apps\/wp\/lidl-lanca-tesoura-de-poda-ao-preco-mais-baixo-de-sempre\/\" target=\"_blank\" rel=\"noopener nofollow\">tesoura de poda<\/a> que faz lembrar das marca BLACK+DECKER. Mas tamb\u00e9m um <a href=\"https:\/\/www.magazine-hd.com\/apps\/wp\/lidl-lanca-fervedor-de-agua-estilo-smeg-ao-preco-mais-baixo-de-sempre\/\" target=\"_blank\" rel=\"noopener nofollow\">fervedor de \u00e1gua ao estilo SMEG<\/a>.<\/p>\n","protected":false},"excerpt":{"rendered":"Acabam de chegar \u00e0s prateleiras de centenas de lojas Lidl espalhadas por todo o pa\u00eds os cal\u00e7\u00f5es da&hellip;\n","protected":false},"author":2,"featured_media":503595,"comment_status":"","ping_status":"","sticky":false,"template":"","format":"standard","meta":{"footnotes":"","_share_on_mastodon":"0"},"categories":[83],"tags":[88,80685,3969,89,90,6513,80686,80687,33453,31235,32,70807,33,80688,293],"class_list":["post-503594","post","type-post","status-publish","format-standard","has-post-thumbnail","category-empresas","tag-business","tag-calcoes-lidl","tag-compras","tag-economy","tag-empresas","tag-lidl","tag-livergy","tag-lojas-lidl","tag-moda-masculina","tag-novidades-lidl","tag-portugal","tag-promocoes-lidl","tag-pt","tag-roupa-lidl","tag-verao"],"share_on_mastodon":{"url":"https:\/\/pubeurope.com\/@pt\/117173359872065548","error":""},"_links":{"self":[{"href":"https:\/\/www.europesays.com\/pt\/wp-json\/wp\/v2\/posts\/503594","targetHints":{"allow":["GET"]}}],"collection":[{"href":"https:\/\/www.europesays.com\/pt\/wp-json\/wp\/v2\/posts"}],"about":[{"href":"https:\/\/www.europesays.com\/pt\/wp-json\/wp\/v2\/types\/post"}],"author":[{"embeddable":true,"href":"https:\/\/www.europesays.com\/pt\/wp-json\/wp\/v2\/users\/2"}],"replies":[{"embeddable":true,"href":"https:\/\/www.europesays.com\/pt\/wp-json\/wp\/v2\/comments?post=503594"}],"version-history":[{"count":0,"href":"https:\/\/www.europesays.com\/pt\/wp-json\/wp\/v2\/posts\/503594\/revisions"}],"wp:featuredmedia":[{"embeddable":true,"href":"https:\/\/www.europesays.com\/pt\/wp-json\/wp\/v2\/media\/503595"}],"wp:attachment":[{"href":"https:\/\/www.europesays.com\/pt\/wp-json\/wp\/v2\/media?parent=503594"}],"wp:term":[{"taxonomy":"category","embeddable":true,"href":"https:\/\/www.europesays.com\/pt\/wp-json\/wp\/v2\/categories?post=503594"},{"taxonomy":"post_tag","embeddable":true,"href":"https:\/\/www.europesays.com\/pt\/wp-json\/wp\/v2\/tags?post=503594"}],"curies":[{"name":"wp","href":"https:\/\/api.w.org\/{rel}","templated":true}]}}