{"id":503622,"date":"2026-08-28T13:46:12","date_gmt":"2026-08-28T13:46:12","guid":{"rendered":"https:\/\/www.europesays.com\/pt\/503622\/"},"modified":"2026-08-28T13:46:12","modified_gmt":"2026-08-28T13:46:12","slug":"van-gogh-ganha-exposicao-no-masp-em-2027","status":"publish","type":"post","link":"https:\/\/www.europesays.com\/pt\/503622\/","title":{"rendered":"Van Gogh ganha exposi\u00e7\u00e3o no Masp em 2027"},"content":{"rendered":"<p class=\"headlines\">\u2018Temos a mesma mentalidade de Van Gogh e Michelangelo\u2019, diz pioneiro do uso de IA na arte<\/p>\n<p>33:58<\/p>\n<p><img  loading=\"lazy\" class=\"thumb lazy-load-img\"\/><\/p>\n<p class=\"description\">Ferdi Alici, convidado do S\u00e3o Paulo Innovation Week e fundador de est\u00fadio que trabalha com projetos art\u00edsticos constru\u00eddos a partir do uso de IA.  Cr\u00e9dito: Edi\u00e7\u00e3o: Larissa Kinoshita motion: Raul Carvalho, Coord de p\u00f3s: Anderson Russo, Capta\u00e7\u00e3o: Felipe Pedro\/Lucas Ghitelar, Produ\u00e7\u00e3o: Vit\u00f3ria Schimdtz<\/p>\n<p data-component-name=\"paragraph\" class=\"styles__ParagraphStyled-sc-6adecn-0 geGWDE theme-default  \">O<a href=\"https:\/\/www.estadao.com.br\/fotos\/acervo\/masp\/\" target=\"_blank\" rel=\"nofollow noopener\" title=\"https:\/\/www.estadao.com.br\/fotos\/acervo\/masp\/\"> <strong>Masp<\/strong><\/a> ter\u00e1 uma exposi\u00e7\u00e3o dedicada a <a href=\"https:\/\/www.estadao.com.br\/tudo-sobre\/van-gogh\/\" target=\"_blank\" rel=\"nofollow noopener\" title=\"https:\/\/www.estadao.com.br\/tudo-sobre\/van-gogh\/\"><strong>Vincent Van Gogh<\/strong><\/a> (1853-1890) em 2027. A mostra far\u00e1 parte de Hist\u00f3rias da Loucura, tema que vai orientar a programa\u00e7\u00e3o do museu no pr\u00f3ximo ano.<\/p>\n<p data-component-name=\"paragraph\" class=\"styles__ParagraphStyled-sc-6adecn-0 geGWDE theme-default  \">A institui\u00e7\u00e3o<strong> <\/strong>possui quatro pinturas de Van Gogh, produzidas entre 1888 e 1890, per\u00edodo em que o artista viveu em Arles e, posteriormente, foi internado no asilo de Saint-R\u00e9my, no sul da Fran\u00e7a.<\/p>\n<p>Leia tamb\u00e9m <\/p>\n<p data-component-name=\"paragraph\" class=\"styles__ParagraphStyled-sc-6adecn-0 geGWDE theme-default  \">Tr\u00eas obras foram feitas durante a interna\u00e7\u00e3o: Passeio ao crep\u00fasculo (1889-90), A arlesiana (1890) e Banco de pedra no asilo de Saint-R\u00e9my (1889). J\u00e1 O escolar (1888) foi pintado em Arles, um ano antes.<\/p>\n<p><img  loading=\"lazy\" class=\"lazy-load-img\"\/><\/p>\n<p>O Masp ter\u00e1 uma exposi\u00e7\u00e3o dedicada a Vincent Van Gogh em 2027\u00a0Foto:  Adobe Stock<\/p>\n<p data-component-name=\"paragraph\" class=\"styles__ParagraphStyled-sc-6adecn-0 geGWDE theme-default  \">As rela\u00e7\u00f5es entre a produ\u00e7\u00e3o art\u00edstica de Van Gogh e sua sa\u00fade mental j\u00e1 foram discutidas no semin\u00e1rio Van Gogh delirante, que reuniu pesquisadores e curadores em um encontro online em 2025. O evento abriu as discuss\u00f5es do ciclo Hist\u00f3rias da Loucura antes da exposi\u00e7\u00e3o prevista para 2027.<\/p>\n<p>Vale ler tamb\u00e9mEle j\u00e1 pensava no meio ambiente em 1940: exposi\u00e7\u00e3o mostra a forma de ver o mundo de Zanine Caldas<a class=\"link\" title=\"Ele j\u00e1 pensava no meio ambiente em 1940: exposi\u00e7\u00e3o mostra a forma de ver o mundo de Zanine Caldas\" href=\"https:\/\/www.estadao.com.br\/cultura\/alice-ferraz\/ele-ja-pensava-no-meio-ambiente-em-1940-exposicao-mostra-a-forma-de-ver-o-mundo-de-zanine-caldas\/\" rel=\"nofollow noopener\" target=\"_blank\">Companhia das Letras traz Emmanuel Carr\u00e8re ao Brasil para festival em que celebra seus 40 anos<a class=\"link\" title=\"Companhia das Letras traz Emmanuel Carr\u00e8re ao Brasil para festival em que celebra seus 40 anos\" href=\"https:\/\/www.estadao.com.br\/cultura\/alice-ferraz\/companhia-das-letras-traz-emmanuel-carrere-ao-brasil-para-festival-em-que-celebra-seus-40-anos\/\" rel=\"nofollow noopener\" target=\"_blank\">Torcedor do S\u00e3o Paulo, Tony Ramos passa mensagem aos jogadores: d\u00e1 tempo de escapar do rebaixamento<a class=\"link\" title=\"Torcedor do S\u00e3o Paulo, Tony Ramos passa mensagem aos jogadores: d\u00e1 tempo de escapar do rebaixamento\" href=\"https:\/\/www.estadao.com.br\/cultura\/alice-ferraz\/torcedor-do-sao-paulo-tony-ramos-passa-mensagem-aos-jogadores-da-tempo-de-escapar-do-rebaixamento\/\" rel=\"nofollow noopener\" target=\"_blank\"><\/p>\n","protected":false},"excerpt":{"rendered":"\u2018Temos a mesma mentalidade de Van Gogh e Michelangelo\u2019, diz pioneiro do uso de IA na arte 33:58&hellip;\n","protected":false},"author":2,"featured_media":503623,"comment_status":"","ping_status":"","sticky":false,"template":"","format":"standard","meta":{"footnotes":"","_share_on_mastodon":"0"},"categories":[144],"tags":[207,205,206,203,201,202,204,114,115,32,33,1711],"class_list":["post-503622","post","type-post","status-publish","format-standard","has-post-thumbnail","category-arte-e-design","tag-arte","tag-arte-e-design","tag-artedesign","tag-arts","tag-arts-and-design","tag-artsanddesign","tag-design","tag-entertainment","tag-entretenimento","tag-portugal","tag-pt","tag-sample"],"share_on_mastodon":{"url":"https:\/\/pubeurope.com\/@pt\/117173445404116704","error":""},"_links":{"self":[{"href":"https:\/\/www.europesays.com\/pt\/wp-json\/wp\/v2\/posts\/503622","targetHints":{"allow":["GET"]}}],"collection":[{"href":"https:\/\/www.europesays.com\/pt\/wp-json\/wp\/v2\/posts"}],"about":[{"href":"https:\/\/www.europesays.com\/pt\/wp-json\/wp\/v2\/types\/post"}],"author":[{"embeddable":true,"href":"https:\/\/www.europesays.com\/pt\/wp-json\/wp\/v2\/users\/2"}],"replies":[{"embeddable":true,"href":"https:\/\/www.europesays.com\/pt\/wp-json\/wp\/v2\/comments?post=503622"}],"version-history":[{"count":0,"href":"https:\/\/www.europesays.com\/pt\/wp-json\/wp\/v2\/posts\/503622\/revisions"}],"wp:featuredmedia":[{"embeddable":true,"href":"https:\/\/www.europesays.com\/pt\/wp-json\/wp\/v2\/media\/503623"}],"wp:attachment":[{"href":"https:\/\/www.europesays.com\/pt\/wp-json\/wp\/v2\/media?parent=503622"}],"wp:term":[{"taxonomy":"category","embeddable":true,"href":"https:\/\/www.europesays.com\/pt\/wp-json\/wp\/v2\/categories?post=503622"},{"taxonomy":"post_tag","embeddable":true,"href":"https:\/\/www.europesays.com\/pt\/wp-json\/wp\/v2\/tags?post=503622"}],"curies":[{"name":"wp","href":"https:\/\/api.w.org\/{rel}","templated":true}]}}