{"id":503648,"date":"2026-08-28T14:08:19","date_gmt":"2026-08-28T14:08:19","guid":{"rendered":"https:\/\/www.europesays.com\/pt\/503648\/"},"modified":"2026-08-28T14:08:19","modified_gmt":"2026-08-28T14:08:19","slug":"iphone-ultra-ainda-nao-chegou-mas-ja-tem-um-irmao-gemeo-chines","status":"publish","type":"post","link":"https:\/\/www.europesays.com\/pt\/503648\/","title":{"rendered":"iPhone Ultra ainda n\u00e3o chegou, mas j\u00e1 tem um &#8220;irm\u00e3o g\u00e9meo&#8221; chin\u00eas"},"content":{"rendered":"<p>Imagens partilhadas nas redes sociais chinesas mostram o que dever\u00e1 ser um prot\u00f3tipo de engenharia do Xiaomi 18 Fold. O design do m\u00f3dulo de c\u00e2maras aproxima-se do que \u00e9 esperado para o iPhone Ultra, e o lan\u00e7amento surge numa altura de forte movimento no segmento dos smartphones dobr\u00e1veis.<\/p>\n<p><a target=\"_blank\" href=\"https:\/\/pplware.sapo.pt\/wp-content\/uploads\/2026\/08\/iphone_ultra_eua03.webp\" rel=\"nofollow noopener\"><img fetchpriority=\"high\" decoding=\"async\" src=\"https:\/\/www.europesays.com\/pt\/wp-content\/uploads\/2026\/08\/iphone_ultra_eua03-720x405.webp\" alt=\"iPhone dobr\u00e1vel, apontado como iPhone Ultra\" width=\"720\" height=\"405\" class=\"aligncenter wp-image-1135246 size-medium\"  \/><\/a>\n<\/p>\n<p>Um utilizador da rede social chinesa <a target=\"_blank\" href=\"https:\/\/weibo.com\/7527351868\/RfaM9863B?pagetype=profilefeed\" rel=\"nofollow noopener\">Weibo<\/a> partilhou duas fotografias alegadamente de um <strong>prot\u00f3tipo de engenharia do Xiaomi 18 Fold<\/strong>. Segundo o mesmo utilizador, n\u00e3o se trata ainda do modelo de produ\u00e7\u00e3o final.<\/p>\n<p>O dispositivo segue o formato livro, \u00e0 semelhan\u00e7a do <a target=\"_blank\" href=\"https:\/\/pplware.sapo.pt\/smartphones-tablets\/android\/samsung-revela-galaxy-z-fold8-e-novidades-nos-dobraveis-todos-os-detalhes-e-precos\/\" rel=\"nofollow noopener\">Galaxy Z Fold8 da Samsung<\/a>, lan\u00e7ado em julho. Este formato distingue-se do flip, por <strong>transformar o smartphone numa esp\u00e9cie de mini tablet<\/strong> quando aberto.<\/p>\n<p><a target=\"_blank\" href=\"https:\/\/pplware.sapo.pt\/wp-content\/uploads\/2026\/08\/xiaomi18-fold-leak.jpg\" onclick=\"refreshIframe()\" class=\"foobox\" rel=\"nofollow noopener\"><img loading=\"lazy\" decoding=\"async\" src=\"https:\/\/www.europesays.com\/pt\/wp-content\/uploads\/2026\/08\/xiaomi18-fold-leak-720x405.jpg\" alt=\"\" width=\"720\" height=\"405\" class=\"aligncenter size-medium wp-image-1137833\"  \/><\/a><\/p>\n<p>Segundo a Xiaomi, o 18 Fold dever\u00e1 chegar ao mercado j\u00e1 em <strong>setembro, embora, para j\u00e1, apenas na China<\/strong>, com as pr\u00e9-reservas j\u00e1 abertas. N\u00e3o h\u00e1, para j\u00e1, indica\u00e7\u00e3o de lan\u00e7amento fora do mercado chin\u00eas.<\/p>\n<p>O Xiaomi 18 Fold surge poucas semanas depois do <a target=\"_blank\" href=\"https:\/\/pplware.sapo.pt\/analises-2\/analise-samsung-galaxy-z-fold8-sera-o-formato-ideal-para-os-dobraveis\/\" rel=\"nofollow noopener\">Galaxy Z Fold8 da Samsung<\/a>, lan\u00e7ado em julho, e alguns meses depois do <a target=\"_blank\" href=\"https:\/\/pplware.sapo.pt\/informacao\/huawei-lanca-pura-x-na-china-quais-as-vantagens-de-um-dobravel-com-ecra-1610\/\" rel=\"nofollow noopener\">Pura X Max da Huawei<\/a>, lan\u00e7ado na China em mar\u00e7o.<\/p>\n<p>Com mais uma fabricante a apresentar um <strong>modelo dobr\u00e1vel no formato livro<\/strong>, este design consolida-se como a escolha preferencial da ind\u00fastria, neste momento.<\/p>\n<p><a target=\"_blank\" href=\"https:\/\/pplware.sapo.pt\/wp-content\/uploads\/2026\/08\/iphone_ultra_eua00.webp\" rel=\"nofollow noopener\"><img loading=\"lazy\" decoding=\"async\" src=\"https:\/\/www.europesays.com\/pt\/wp-content\/uploads\/2026\/08\/1787926099_70_iphone_ultra_eua00-720x405.webp\" alt=\"iPhone dobr\u00e1vel, apontado como iPhone Ultra\" width=\"720\" height=\"405\" class=\"aligncenter wp-image-1135243 size-medium\"  \/><\/a><\/p>\n<p>Semelhan\u00e7as com o (potencial) iPhone Ultra<\/p>\n<p>Curiosamente, o m\u00f3dulo de c\u00e2maras do Xiaomi 18 Fold, vis\u00edvel nas imagens partilhadas, <strong>apresenta semelhan\u00e7as com o design esperado<\/strong> para o primeiro smartphone dobr\u00e1vel da Apple, apontado por v\u00e1rias fontes como <strong>iPhone Ultra<\/strong>.<\/p>\n<p>A Apple dever\u00e1 apresentar o dispositivo a <a target=\"_blank\" href=\"https:\/\/pplware.sapo.pt\/apple\/evento-da-apple-ja-tem-data-marcada-iphone-dobravel-pode-ser-a-grande-surpresa\/\" rel=\"nofollow noopener\">9 de setembro<\/a>, juntamente com a restante gama iPhone 18.<\/p>\n<p>\u00a0<\/p>\n<p><strong>Leia tamb\u00e9m:<\/strong><\/p>\n","protected":false},"excerpt":{"rendered":"Imagens partilhadas nas redes sociais chinesas mostram o que dever\u00e1 ser um prot\u00f3tipo de engenharia do Xiaomi 18&hellip;\n","protected":false},"author":2,"featured_media":503649,"comment_status":"","ping_status":"","sticky":false,"template":"","format":"standard","meta":{"footnotes":"","_share_on_mastodon":"0"},"categories":[84],"tags":[109,107,108,32,33,105,103,104,106,110,360,78731,80690],"class_list":["post-503648","post","type-post","status-publish","format-standard","has-post-thumbnail","category-ciencia-e-tecnologia","tag-ciencia","tag-ciencia-e-tecnologia","tag-cienciaetecnologia","tag-portugal","tag-pt","tag-science","tag-science-and-technology","tag-scienceandtechnology","tag-technology","tag-tecnologia","tag-xiaomi","tag-xiaomi-18","tag-xiaomi-18-fold"],"share_on_mastodon":{"url":"https:\/\/pubeurope.com\/@pt\/117173532823736147","error":""},"_links":{"self":[{"href":"https:\/\/www.europesays.com\/pt\/wp-json\/wp\/v2\/posts\/503648","targetHints":{"allow":["GET"]}}],"collection":[{"href":"https:\/\/www.europesays.com\/pt\/wp-json\/wp\/v2\/posts"}],"about":[{"href":"https:\/\/www.europesays.com\/pt\/wp-json\/wp\/v2\/types\/post"}],"author":[{"embeddable":true,"href":"https:\/\/www.europesays.com\/pt\/wp-json\/wp\/v2\/users\/2"}],"replies":[{"embeddable":true,"href":"https:\/\/www.europesays.com\/pt\/wp-json\/wp\/v2\/comments?post=503648"}],"version-history":[{"count":0,"href":"https:\/\/www.europesays.com\/pt\/wp-json\/wp\/v2\/posts\/503648\/revisions"}],"wp:featuredmedia":[{"embeddable":true,"href":"https:\/\/www.europesays.com\/pt\/wp-json\/wp\/v2\/media\/503649"}],"wp:attachment":[{"href":"https:\/\/www.europesays.com\/pt\/wp-json\/wp\/v2\/media?parent=503648"}],"wp:term":[{"taxonomy":"category","embeddable":true,"href":"https:\/\/www.europesays.com\/pt\/wp-json\/wp\/v2\/categories?post=503648"},{"taxonomy":"post_tag","embeddable":true,"href":"https:\/\/www.europesays.com\/pt\/wp-json\/wp\/v2\/tags?post=503648"}],"curies":[{"name":"wp","href":"https:\/\/api.w.org\/{rel}","templated":true}]}}