{"id":50365,"date":"2025-08-29T16:07:14","date_gmt":"2025-08-29T16:07:14","guid":{"rendered":"https:\/\/www.europesays.com\/pt\/50365\/"},"modified":"2025-08-29T16:07:14","modified_gmt":"2025-08-29T16:07:14","slug":"santa-clara-falha-presenca-na-liga-conferencia-apos-empate-sem-golos-na-irlanda","status":"publish","type":"post","link":"https:\/\/www.europesays.com\/pt\/50365\/","title":{"rendered":"Santa Clara falha presen\u00e7a na Liga Confer\u00eancia ap\u00f3s empate sem golos na Irlanda"},"content":{"rendered":"<p>&#13;<br \/>\nNo Est\u00e1dio Tallaght, em Dublin, a forma\u00e7\u00e3o portuguesa n\u00e3o conseguiu inverter a derrota por 2-1 sofrida h\u00e1 uma semana, nos A\u00e7ores, frente aos vice-campe\u00f5es irlandeses e atuais l\u00edderes do campeonato local.&#13;\n<\/p>\n<p>&#13;<br \/>\nO Santa Clara, quinto classificado da \u00faltima edi\u00e7\u00e3o da I Liga, procurava uma in\u00e9dita presen\u00e7a na fase de liga da terceira competi\u00e7\u00e3o europeia de clubes.&#13;<\/p>\n","protected":false},"excerpt":{"rendered":"&#13; No Est\u00e1dio Tallaght, em Dublin, a forma\u00e7\u00e3o portuguesa n\u00e3o conseguiu inverter a derrota por 2-1 sofrida h\u00e1&hellip;\n","protected":false},"author":2,"featured_media":50366,"comment_status":"","ping_status":"","sticky":false,"template":"","format":"standard","meta":{"footnotes":""},"categories":[87],"tags":[135,14789,14790,32,33,134],"class_list":{"0":"post-50365","1":"post","2":"type-post","3":"status-publish","4":"format-standard","5":"has-post-thumbnail","7":"category-desporto","8":"tag-desporto","9":"tag-estadio-tallaght","10":"tag-lce","11":"tag-portugal","12":"tag-pt","13":"tag-sports"},"share_on_mastodon":{"url":"","error":""},"_links":{"self":[{"href":"https:\/\/www.europesays.com\/pt\/wp-json\/wp\/v2\/posts\/50365","targetHints":{"allow":["GET"]}}],"collection":[{"href":"https:\/\/www.europesays.com\/pt\/wp-json\/wp\/v2\/posts"}],"about":[{"href":"https:\/\/www.europesays.com\/pt\/wp-json\/wp\/v2\/types\/post"}],"author":[{"embeddable":true,"href":"https:\/\/www.europesays.com\/pt\/wp-json\/wp\/v2\/users\/2"}],"replies":[{"embeddable":true,"href":"https:\/\/www.europesays.com\/pt\/wp-json\/wp\/v2\/comments?post=50365"}],"version-history":[{"count":0,"href":"https:\/\/www.europesays.com\/pt\/wp-json\/wp\/v2\/posts\/50365\/revisions"}],"wp:featuredmedia":[{"embeddable":true,"href":"https:\/\/www.europesays.com\/pt\/wp-json\/wp\/v2\/media\/50366"}],"wp:attachment":[{"href":"https:\/\/www.europesays.com\/pt\/wp-json\/wp\/v2\/media?parent=50365"}],"wp:term":[{"taxonomy":"category","embeddable":true,"href":"https:\/\/www.europesays.com\/pt\/wp-json\/wp\/v2\/categories?post=50365"},{"taxonomy":"post_tag","embeddable":true,"href":"https:\/\/www.europesays.com\/pt\/wp-json\/wp\/v2\/tags?post=50365"}],"curies":[{"name":"wp","href":"https:\/\/api.w.org\/{rel}","templated":true}]}}