{"id":503656,"date":"2026-08-28T14:15:24","date_gmt":"2026-08-28T14:15:24","guid":{"rendered":"https:\/\/www.europesays.com\/pt\/503656\/"},"modified":"2026-08-28T14:15:24","modified_gmt":"2026-08-28T14:15:24","slug":"casa-fpw-obra-arquitetos","status":"publish","type":"post","link":"https:\/\/www.europesays.com\/pt\/503656\/","title":{"rendered":"Casa FPW \/ Obra Arquitetos"},"content":{"rendered":"<p><a class=\"js-image-size__link \" href=\"https:\/\/www.archdaily.com\/pt\/1183939\/casa-fpw-obra-arquitetos\/6a8d9c8f4253050001ca086f-casa-fpw-obra-arquitetos-foto\" rel=\"attachment nofollow noopener\" style=\"width: 100%;\" target=\"_blank\"><img decoding=\"async\" alt=\"Casa FPW \/ Obra Arquitetos - Imagem 1 de 22\" data-nr-picture-id=\"6a8d9c8f4253050001ca086f\" fetchpriority=\"high\" height=\"426\" itemprop=\"image\" loading=\"eager\" longdesc=\"https:\/\/www.archdaily.com\/pt\/1183939\/casa-fpw-obra-arquitetos\/6a8d9c8f4253050001ca086f-casa-fpw-obra-arquitetos-foto\" src=\"https:\/\/www.europesays.com\/pt\/wp-content\/uploads\/2026\/08\/FPW_NELSONKON_01.jpg\" style=\"min-height: var(--featured-height, auto); aspect-ratio: auto 640 \/ 426\" width=\"640\"\/><\/a>\u00a9 Nelson Kon<\/p>\n<p class=\"thumbs afd-desktop-e\"><a class=\"thumbs__link\" data-nr-picture-id=\"6a8d9c8f4253050001ca0870\" href=\"https:\/\/www.archdaily.com\/pt\/1183939\/casa-fpw-obra-arquitetos\/6a8d9c8f4253050001ca0870-casa-fpw-obra-arquitetos-foto\" rel=\"attachment nofollow noopener\" target=\"_blank\"><img loading=\"lazy\" decoding=\"async\" alt=\"Casa FPW \/ Obra Arquitetos - Fotografia de Exterior\" class=\"thumbs__img b-lazy\" data-nr-picture-id=\"6a8d9c8f4253050001ca0870\" data-pin-nopin=\"true\" src=\"https:\/\/www.europesays.com\/pt\/wp-content\/uploads\/2026\/08\/FPW_NELSONKON_02.jpg\" height=\"125\" longdesc=\"https:\/\/www.archdaily.com\/pt\/1183939\/casa-fpw-obra-arquitetos\/6a8d9c8f4253050001ca0870-casa-fpw-obra-arquitetos-foto\" title=\"\u00a9 Nelson Kon\" width=\"125\"\/><\/a><a class=\"thumbs__link\" data-nr-picture-id=\"6a8d9c8f4253050001ca086f\" href=\"https:\/\/www.archdaily.com\/pt\/1183939\/casa-fpw-obra-arquitetos\/6a8d9c8f4253050001ca086f-casa-fpw-obra-arquitetos-foto\" rel=\"attachment nofollow noopener\" target=\"_blank\"><img loading=\"lazy\" decoding=\"async\" alt=\"Casa FPW \/ Obra Arquitetos - Imagem 1 de 22\" class=\"thumbs__img b-lazy\" data-nr-picture-id=\"6a8d9c8f4253050001ca086f\" data-pin-nopin=\"true\" src=\"https:\/\/www.europesays.com\/pt\/wp-content\/uploads\/2026\/08\/1787926521_293_FPW_NELSONKON_01.jpg\" height=\"125\" longdesc=\"https:\/\/www.archdaily.com\/pt\/1183939\/casa-fpw-obra-arquitetos\/6a8d9c8f4253050001ca086f-casa-fpw-obra-arquitetos-foto\" title=\"\u00a9 Nelson Kon\" width=\"125\"\/><\/a><a class=\"thumbs__link\" data-nr-picture-id=\"6a8d9c904253050001ca0875\" href=\"https:\/\/www.archdaily.com\/pt\/1183939\/casa-fpw-obra-arquitetos\/6a8d9c904253050001ca0875-casa-fpw-obra-arquitetos-foto\" rel=\"attachment nofollow noopener\" target=\"_blank\"><img loading=\"lazy\" decoding=\"async\" alt=\"Casa FPW \/ Obra Arquitetos - Fotografia de Interiores, Cozinha, Concreto, Viga\" class=\"thumbs__img b-lazy\" data-nr-picture-id=\"6a8d9c904253050001ca0875\" data-pin-nopin=\"true\" src=\"https:\/\/www.europesays.com\/pt\/wp-content\/uploads\/2026\/08\/FPW_NELSONKON_09.jpg\" height=\"125\" longdesc=\"https:\/\/www.archdaily.com\/pt\/1183939\/casa-fpw-obra-arquitetos\/6a8d9c904253050001ca0875-casa-fpw-obra-arquitetos-foto\" title=\"\u00a9 Nelson Kon\" width=\"125\"\/><\/a><a class=\"thumbs__link\" data-nr-picture-id=\"6a8d9c904253050001ca0877\" href=\"https:\/\/www.archdaily.com\/pt\/1183939\/casa-fpw-obra-arquitetos\/6a8d9c904253050001ca0877-casa-fpw-obra-arquitetos-foto\" rel=\"attachment nofollow noopener\" target=\"_blank\"><img loading=\"lazy\" decoding=\"async\" alt=\"Casa FPW \/ Obra Arquitetos - Imagem 15 de 22\" class=\"thumbs__img b-lazy\" data-nr-picture-id=\"6a8d9c904253050001ca0877\" data-pin-nopin=\"true\" src=\"https:\/\/www.europesays.com\/pt\/wp-content\/uploads\/2026\/08\/FPW_NELSONKON_11.jpg\" height=\"125\" longdesc=\"https:\/\/www.archdaily.com\/pt\/1183939\/casa-fpw-obra-arquitetos\/6a8d9c904253050001ca0877-casa-fpw-obra-arquitetos-foto\" title=\"\u00a9 Nelson Kon\" width=\"125\"\/><\/a><a class=\"thumbs__link afd-desktop-e\" href=\"https:\/\/www.archdaily.com\/pt\/1183939\/casa-fpw-obra-arquitetos\/6a8d9c8f4253050001ca086f-casa-fpw-obra-arquitetos-foto\" rel=\"nofollow noopener\" target=\"_blank\"><img decoding=\"async\" alt=\"Casa FPW \/ Obra Arquitetos - Mais Imagens\" class=\"thumbs__img b-lazy\" src=\"https:\/\/www.europesays.com\/pt\/wp-content\/uploads\/2026\/08\/FPW_NELSONKON_01.jpg\" itemprop=\"image\" bad-src=\"data:image\/gif;base64,R0lGODlhAQABAIAAAAUEBAAAACwAAAAAAQABAAACAkQBADs=\"\/>+ 17<\/a><\/p>\n<p class=\"article-meta__author\">Curadoria de <strong>Susanna Moreira<\/strong><\/p>\n<p>    Compartilhar<\/p>\n<p>Compartilhar<\/p>\n<ul class=\"afd-share__networks clearfix\">\n<li class=\"afd-share__social\"><a aria-label=\"Facebook\" class=\"afd-share__button\" data-insights-category=\"share\" data-insights-label=\"facebook_sharing_options\" data-insights-value=\"1183939\" data-social=\"facebook\" href=\"https:\/\/www.facebook.com\/sharer\/sharer.php?u=https:\/\/www.archdaily.com.br\/pt\/1183939\/casa-fpw-obra-arquitetos\" rel=\"nofollow noopener\" target=\"_blank\"><\/a>\n<p>Facebook<\/p>\n<\/li>\n<li class=\"afd-share__social\"><a aria-label=\"Twitter\" class=\"afd-share__button\" data-insights-category=\"share\" data-insights-label=\"twitter_sharing_options\" data-insights-value=\"1183939\" data-social=\"twitter\" href=\"https:\/\/twitter.com\/intent\/tweet?text=Casa%20FPW%20%2F%20Obra%20Arquitetos&amp;url=https:\/\/www.archdaily.com.br\/pt\/1183939\/casa-fpw-obra-arquitetos&amp;via=archdailybr\" rel=\"nofollow noopener\" target=\"_blank\"><\/a>\n<p>Twitter<\/p>\n<\/li>\n<li class=\"afd-share__social\"><a class=\"afd-share__button\" data-insights-category=\"share\" data-insights-label=\"email_sharing_options\" data-insights-value=\"1183939\" data-social=\"email\" href=\"mailto:?subject=Casa FPW \/ Obra Arquitetos&amp;body=https:\/\/www.archdaily.com.br\/pt\/1183939\/casa-fpw-obra-arquitetos\"><\/a>\n<p>Mail<\/p>\n<\/li>\n<li class=\"afd-share__social\"><a aria-label=\"Pinterest\" class=\"afd-share__button\" data-insights-category=\"share\" data-insights-label=\"pinterest_sharing_options\" data-insights-value=\"1183939\" data-social=\"pinterest\" href=\"https:\/\/pinterest.com\/pin\/create\/button\/?url=https%3A%2F%2Fwww.archdaily.com.br%2Fpt%2F1183939%2Fcasa-fpw-obra-arquitetos&amp;media=https%3A%2F%2Fimages.adsttc.com%2Fmedia%2Fimages%2F6a8d%2F9c8f%2F4253%2F0500%2F01ca%2F086f%2Flarge_jpg%2FFPW_NELSONKON_01.jpg%3F1787665584&amp;description=Casa%20FPW%20%2F%20Obra%20Arquitetos\" rel=\"nofollow noopener\" target=\"_blank\"><\/a>\n<p>Pinterest<\/p>\n<\/li>\n<li class=\"afd-share__social\"><a aria-label=\"Whatsapp\" class=\"afd-share__button\" data-action=\"share\/whatsapp\/share\" data-insights-category=\"share\" data-insights-label=\"whatsapp_sharing_options\" data-insights-value=\"1183939\" data-social=\"whatsapp\" href=\"whatsapp:\/\/send?text=Casa+FPW+%2F+Obra+Arquitetos+%7C+https%3A%2F%2Fwww.archdaily.com.br%2Fpt%2F1183939%2Fcasa-fpw-obra-arquitetos%3Futm_source%3DWhatsapp%26utm_medium%3DIM%26utm_campaign%3Dshare-button\" rel=\"nofollow\"><\/a>\n<p>Whatsapp<\/p>\n<\/li>\n<\/ul>\n<p>Ou<\/p>\n<p>https:\/\/www.archdaily.com.br\/pt\/1183939\/casa-fpw-obra-arquitetos<\/p>\n<ul class=\"afd-char-list afd-specs__item-container js-char-list\">\n<li class=\"afd-specs__item\">\n<\/li>\n<li class=\"afd-specs__item\">\n  \u00c1rea<br \/>\n  \u00c1rea deste projeto de arquitetura<\/p>\n<p>\u00c1rea:\u00a0<br \/>\n        <a href=\"https:\/\/www.archdaily.com\/search\/pt\/projects\/min_area\/343\/max_area\/514?ad_name=project-specs&amp;ad_medium=single\" rel=\"nofollow noopener\" target=\"_blank\">429<\/a> m\u00b2<\/li>\n<li class=\"afd-specs__item\">\n<p>  Ano<br \/>\n  Ano de conclus\u00e3o deste projeto de arquitetura<\/p>\n<p>            Ano:\u00a0<\/p>\n<p>                    <a href=\"https:\/\/www.archdaily.com\/search\/pt\/projects\/year\/2026?ad_name=project-specs&amp;ad_medium=single\" rel=\"nofollow noopener\" target=\"_blank\"><br \/>\n          2026<br \/>\n        <\/a><\/p>\n<\/li>\n<li class=\"afd-specs__item\">\n<p>  Fot\u00f3grafo<\/p>\n<\/li>\n<\/ul>\n<p><a class=\"js-image-size__link lazy-anchor\" href=\"https:\/\/www.archdaily.com\/pt\/1183939\/casa-fpw-obra-arquitetos\/6a8d9c8f4253050001ca086d-casa-fpw-obra-arquitetos-foto\" rel=\"nofollow noopener\" target=\"_blank\"><img decoding=\"async\" alt=\"Casa FPW \/ Obra Arquitetos - Fotografia de Exterior, Concreto\" data-nr-picture-id=\"6a8d9c8f4253050001ca086d\" height=\"427\" itemprop=\"image\" loading=\"lazy\" longdesc=\"https:\/\/www.archdaily.com\/pt\/1183939\/casa-fpw-obra-arquitetos\/6a8d9c8f4253050001ca086d-casa-fpw-obra-arquitetos-foto\" src=\"https:\/\/www.europesays.com\/pt\/wp-content\/uploads\/2026\/08\/FPW_NELSONKON_04.jpg\" width=\"640\"\/>\u00a9 Nelson Kon<\/a><\/p>\n<p>Descri\u00e7\u00e3o enviada pela equipe de projeto. Os espa\u00e7os se organizam aproveitando a grande inclina\u00e7\u00e3o da topografia original. A partir da rua, \u00e9 poss\u00edvel se ter uma vista livre para a paisagem do entorno e ver as coberturas da casa, com os espa\u00e7os em uma cota mais baixa que a rua. Um eixo central de escadas estruturam os acessos aos diversos pavimentos da casa.<\/p>\n<p><img decoding=\"async\" src=\"https:\/\/www.europesays.com\/pt\/wp-content\/uploads\/2026\/08\/1787926524_125_loader-blue.gif\" alt=\"Content Loader\" style=\"width: 40px; margin: 24px;\"\/><script async src=\"https:\/\/platform.twitter.com\/widgets.js\" charset=\"utf-8\"><\/script><\/p>\n","protected":false},"excerpt":{"rendered":"\u00a9 Nelson Kon + 17 Curadoria de Susanna Moreira Compartilhar Compartilhar Facebook Twitter Mail Pinterest Whatsapp Ou https:\/\/www.archdaily.com.br\/pt\/1183939\/casa-fpw-obra-arquitetos&hellip;\n","protected":false},"author":2,"featured_media":503657,"comment_status":"","ping_status":"","sticky":false,"template":"","format":"standard","meta":{"footnotes":"","_share_on_mastodon":"0"},"categories":[144],"tags":[304,361,207,205,206,203,201,202,362,204,114,115,32,33],"class_list":["post-503656","post","type-post","status-publish","format-standard","has-post-thumbnail","category-arte-e-design","tag-arquitetura","tag-arquitetura-residencial","tag-arte","tag-arte-e-design","tag-artedesign","tag-arts","tag-arts-and-design","tag-artsanddesign","tag-casas","tag-design","tag-entertainment","tag-entretenimento","tag-portugal","tag-pt"],"share_on_mastodon":{"url":"https:\/\/pubeurope.com\/@pt\/117173560392586361","error":""},"_links":{"self":[{"href":"https:\/\/www.europesays.com\/pt\/wp-json\/wp\/v2\/posts\/503656","targetHints":{"allow":["GET"]}}],"collection":[{"href":"https:\/\/www.europesays.com\/pt\/wp-json\/wp\/v2\/posts"}],"about":[{"href":"https:\/\/www.europesays.com\/pt\/wp-json\/wp\/v2\/types\/post"}],"author":[{"embeddable":true,"href":"https:\/\/www.europesays.com\/pt\/wp-json\/wp\/v2\/users\/2"}],"replies":[{"embeddable":true,"href":"https:\/\/www.europesays.com\/pt\/wp-json\/wp\/v2\/comments?post=503656"}],"version-history":[{"count":0,"href":"https:\/\/www.europesays.com\/pt\/wp-json\/wp\/v2\/posts\/503656\/revisions"}],"wp:featuredmedia":[{"embeddable":true,"href":"https:\/\/www.europesays.com\/pt\/wp-json\/wp\/v2\/media\/503657"}],"wp:attachment":[{"href":"https:\/\/www.europesays.com\/pt\/wp-json\/wp\/v2\/media?parent=503656"}],"wp:term":[{"taxonomy":"category","embeddable":true,"href":"https:\/\/www.europesays.com\/pt\/wp-json\/wp\/v2\/categories?post=503656"},{"taxonomy":"post_tag","embeddable":true,"href":"https:\/\/www.europesays.com\/pt\/wp-json\/wp\/v2\/tags?post=503656"}],"curies":[{"name":"wp","href":"https:\/\/api.w.org\/{rel}","templated":true}]}}