{"id":503668,"date":"2026-08-28T14:26:25","date_gmt":"2026-08-28T14:26:25","guid":{"rendered":"https:\/\/www.europesays.com\/pt\/503668\/"},"modified":"2026-08-28T14:26:25","modified_gmt":"2026-08-28T14:26:25","slug":"video-mostra-migrantes-a-sairem-de-camiao-no-algarve-observador","status":"publish","type":"post","link":"https:\/\/www.europesays.com\/pt\/503668\/","title":{"rendered":"V\u00eddeo mostra migrantes a sa\u00edrem de cami\u00e3o no Algarve? \u2013 Observador"},"content":{"rendered":"<p>Nos dias seguintes \u00e0 entrada massiva de migrantes no enclave espanhol de Ceuta, come\u00e7ou a circular nas redes sociais (nomeadamente, em grupos anti-imigra\u00e7\u00e3o) um v\u00eddeo que, alegam v\u00e1rias publica\u00e7\u00f5es, mostra v\u00e1rios migrantes a sa\u00edrem de um cami\u00e3o no Algarve, vindos de Espanha. \u201cIMIGRANTES ILEGAIS J\u00c1 EST\u00c3O EM PORTUGAL! ESTAS S\u00c3O AS IMAGENS QUE N\u00c3O V\u00c3O PASSAR NAS TELEVIS\u00d5ES PORTUGUESAS\u201d, l\u00ea-se numa das publica\u00e7\u00f5es, que acrescenta que \u201cum grupo de imigrantes ilegais saiu de um cami\u00e3o no sul de Portugal proveniente de Espanha\u201d.<\/p>\n<p>A publica\u00e7\u00e3o \u2014 que conta com centenas de rea\u00e7\u00f5es e partilhas \u2014 critica ainda o primeiro-ministro portugu\u00eas, que, diz, n\u00e3o quer \u201cfechar as fronteiras com Espanha\u201d. Nas imagens, \u00e9 poss\u00edvel ver pelo menos quatro pessoas a sa\u00edrem de um cami\u00e3o da empresa Algarve Removals, especialista em mudan\u00e7as, em dire\u00e7\u00e3o a uma zona de mato.<\/p>\n<p>        <img src=\"https:\/\/www.europesays.com\/pt\/wp-content\/uploads\/2026\/08\/captura-de-ecra-2026-08-25-as-224902.png\" alt=\"\" loading=\"lazy\" decoding=\"async\" class=\"alignnone\" onload=\"this.parentElement.classList.remove('spinner')\" onerror=\"this.parentElement.classList.remove('spinner')\" width=\"493\" height=\"810\"\/>    <\/p>\n<p>Logo a 31 de julho, um dia depois da entrada massiva de migrantes em Ceuta, o governo italiano <a href=\"https:\/\/observador.pt\/2026\/07\/31\/italia-fecha-fronteiras-com-espanha-e-gera-fratura-na-ue-entre-meloni-e-sanchez-confusao-interesseira-ou-medida-extraordinaria\/\" rel=\"nofollow noopener\" target=\"_blank\">anunciou<\/a> o encerramento de fronteiras mar\u00edtimas e a\u00e9reas com Espanha. \u201cIsto \u00e9 uma medida extraordin\u00e1ria, adotada para salvaguardar a seguran\u00e7a nacional e para prevenir poss\u00edveis repercuss\u00f5es para a nossa na\u00e7\u00e3o\u201d, destacou a chefe do Executivo italiano, Giorgia Meloni. Uma medida que foi prontamente criticada pelo presidente do Governo espanhol: nas redes sociais, Pedro S\u00e1nchez apresentou uma lista dos pa\u00edses da Uni\u00e3o Europeia que registaram um maior n\u00famero de entradas irregulares de migrantes entre 2021 e 2026, e na qual It\u00e1lia surge no topo.<\/p>\n<p>Pa\u00edses como a Ch\u00e9quia e a Finl\u00e2ndia criticaram Espanha e amea\u00e7aram fechar tamb\u00e9m as fronteiras. J\u00e1 a Dinamarca pediu a exclus\u00e3o tempor\u00e1ria de Espanha do espa\u00e7o Schengen, algo que acabou por n\u00e3o acontecer.<\/p>\n<p>No entanto, e apesar de real, o v\u00eddeo partilhado nas redes sociais, que mostra quatro migrantes a sa\u00edrem de um cami\u00e3o, n\u00e3o foi gravado em Portugal. Segundo o jornal ingl\u00eas <a href=\"https:\/\/www.dailymail.com\/news\/article-16026725\/Moment-illegal-migrants-lorry-Spain-Essex-roof.html\" rel=\"nofollow noopener\" target=\"_blank\">Daily Mail<\/a>, que avan\u00e7ou a not\u00edcia, citando o diretor da Algarve Removals, o incidente aconteceu no dia 3 de agosto, em Maldon, no condado de Essex, em Inglaterra.<\/p>\n<p>O ve\u00edculo transportava os pertences de um propriet\u00e1rio de uma casa de M\u00e1laga, Espanha, para o Reino Unido, quando se acredita que o grupo entrou durante uma paragem que o motorista fez j\u00e1 em Rouen, Fran\u00e7a. Segundo o Daily Mail, as imagens foram captadas por condutores que passavam na estrada A414, em Maldon, quando o cami\u00e3o se encontrava parado a poucos metros do seu destino final.<\/p>\n<p>Quando as imagens come\u00e7aram a circular, a Algarve Removals emitiu um <a href=\"https:\/\/www.instagram.com\/p\/DbnXy1VNnym\/?utm_source=ig_embed&amp;ig_rid=A_SJ9cZMDSRf0XxbrLwW_I7\" rel=\"nofollow noopener\" target=\"_blank\">comunicado<\/a>, publicado no Instagram, no qual confirma o incidente e afirma que, em 30 anos de atividade, nunca vivera uma situa\u00e7\u00e3o semelhante. A pol\u00edcia inglesa chegou ao local e prendeu o motorista, um portugu\u00eas na casa dos 60 anos, sob suspeita de facilitar a entrada ilegal de pessoas no Reino Unido. O homem foi posteriormente libertado.<\/p>\n<p>Os agentes tamb\u00e9m apreenderam o cami\u00e3o, mas o paradeiro dos migrantes era desconhecido. \u201cCompreendo a frustra\u00e7\u00e3o da popula\u00e7\u00e3o local. \u00c9 terr\u00edvel, absolutamente terr\u00edvel\u201d, disse o diretor da empresa, John Scott, ao jornal brit\u00e2nico, acrescentando n\u00e3o perceber como a verifica\u00e7\u00e3o de seguran\u00e7a feita na fronteira entre a Fran\u00e7a e o Reino Unido, em Calais, n\u00e3o detetou a presen\u00e7a dos migrantes.<\/p>\n<p class=\"tinymceh1\"><strong>Conclus\u00e3o<\/strong><\/p>\n<p>\u00c9 falso que as imagens em causa mostrem migrantes a sair de um cami\u00e3o no Algarve. Embora o ve\u00edculo em causa seja da Algarve Removals (uma empresa familiar de mudan\u00e7as que faz trajetos entre Portugal, Espanha e Reino Unido), as imagens foram captadas em Maldon, Essex, no Reino Unido, como confirmou a empresa ao jornal ingl\u00eas Daily Mail, e tamb\u00e9m em comunicado.<\/p>\n<p>Assim, de acordo com o\u00a0sistema de classifica\u00e7\u00e3o do Observador, este conte\u00fado \u00e9:<\/p>\n<p><strong>ERRADO<\/strong><\/p>\n<p>No\u00a0<a href=\"https:\/\/www.facebook.com\/business\/help\/2593586717571940\" target=\"_blank\" rel=\"noopener nofollow\">sistema de classifica\u00e7\u00e3o do\u00a0Facebook<\/a>, este conte\u00fado \u00e9:<\/p>\n<p><strong>FALSO:\u00a0<\/strong>As principais alega\u00e7\u00f5es do conte\u00fado s\u00e3o factualmente imprecisas. Geralmente, esta op\u00e7\u00e3o corresponde \u00e0s classifica\u00e7\u00f5es \u201cfalso\u201d ou \u201cmaioritariamente falso\u201d nos sites de verificadores de factos.<\/p>\n<p><strong>NOTA: este conte\u00fado foi selecionado pelo Observador no \u00e2mbito de uma parceria de fact checking com o Facebook.<\/strong><\/p>\n<p class=\"factcheck-methodology__label\">Transpar\u00eancia<\/p>\n<p class=\"factcheck-methodology__text\">\n        Quer saber como escolhemos, investigamos e publicamos os nossos Fact Checks?\n    <\/p>\n<p>    <a class=\"factcheck-methodology__link\" href=\"https:\/\/observador.pt\/especiais\/como-vao-ser-os-novos-fact-checks-do-observador\/\" rel=\"nofollow noopener\" target=\"_blank\"><br \/>\n        Conhe\u00e7a a nossa metodologia \u2192<br \/>\n    <\/a><\/p>\n<p>\n                <a href=\"https:\/\/ifcncodeofprinciples.poynter.org\/profile\/observador-fact-check\" title=\"O Observador \u00e9 membro do IFCN\" target=\"_blank\" rel=\"nofollow noopener\"><br \/>\n                    <img decoding=\"async\" src=\"https:\/\/www.europesays.com\/pt\/wp-content\/uploads\/2026\/08\/1787927185_934_77110938-3E82-34EE-7F24-CCAB079FBA5E.png\" style=\"height: 140px;\" alt=\"IFCN Badge\"\/><br \/>\n                <\/a>\n            <\/p>\n<p>            <script async src=\"\/\/www.instagram.com\/embed.js\"><\/script><\/p>\n","protected":false},"excerpt":{"rendered":"Nos dias seguintes \u00e0 entrada massiva de migrantes no enclave espanhol de Ceuta, come\u00e7ou a circular nas redes&hellip;\n","protected":false},"author":2,"featured_media":503669,"comment_status":"","ping_status":"","sticky":false,"template":"","format":"standard","meta":{"footnotes":"","_share_on_mastodon":"0"},"categories":[50],"tags":[2569,27,28,476,445,7316,15,16,14,1865,25,26,21,22,62,12,13,19,20,861,57,23,24,713,58,17,18,2588,29,30,31,63,64,65],"class_list":["post-503668","post","type-post","status-publish","format-standard","has-post-thumbnail","category-mundo","tag-algarve","tag-breaking-news","tag-breakingnews","tag-economia","tag-europa","tag-fact-check","tag-featured-news","tag-featurednews","tag-headlines","tag-imigrantes","tag-latest-news","tag-latestnews","tag-main-news","tag-mainnews","tag-mundo","tag-news","tag-noticias","tag-noticias-principais","tag-noticiasprincipais","tag-observador","tag-pau00eds","tag-principais-noticias","tag-principaisnoticias","tag-reino-unido","tag-sociedade","tag-top-stories","tag-topstories","tag-transportes","tag-ultimas","tag-ultimas-noticias","tag-ultimasnoticias","tag-world","tag-world-news","tag-worldnews"],"share_on_mastodon":{"url":"","error":"Validation failed: Text character limit of 500 exceeded"},"_links":{"self":[{"href":"https:\/\/www.europesays.com\/pt\/wp-json\/wp\/v2\/posts\/503668","targetHints":{"allow":["GET"]}}],"collection":[{"href":"https:\/\/www.europesays.com\/pt\/wp-json\/wp\/v2\/posts"}],"about":[{"href":"https:\/\/www.europesays.com\/pt\/wp-json\/wp\/v2\/types\/post"}],"author":[{"embeddable":true,"href":"https:\/\/www.europesays.com\/pt\/wp-json\/wp\/v2\/users\/2"}],"replies":[{"embeddable":true,"href":"https:\/\/www.europesays.com\/pt\/wp-json\/wp\/v2\/comments?post=503668"}],"version-history":[{"count":0,"href":"https:\/\/www.europesays.com\/pt\/wp-json\/wp\/v2\/posts\/503668\/revisions"}],"wp:featuredmedia":[{"embeddable":true,"href":"https:\/\/www.europesays.com\/pt\/wp-json\/wp\/v2\/media\/503669"}],"wp:attachment":[{"href":"https:\/\/www.europesays.com\/pt\/wp-json\/wp\/v2\/media?parent=503668"}],"wp:term":[{"taxonomy":"category","embeddable":true,"href":"https:\/\/www.europesays.com\/pt\/wp-json\/wp\/v2\/categories?post=503668"},{"taxonomy":"post_tag","embeddable":true,"href":"https:\/\/www.europesays.com\/pt\/wp-json\/wp\/v2\/tags?post=503668"}],"curies":[{"name":"wp","href":"https:\/\/api.w.org\/{rel}","templated":true}]}}