{"id":503759,"date":"2026-08-28T16:18:15","date_gmt":"2026-08-28T16:18:15","guid":{"rendered":"https:\/\/www.europesays.com\/pt\/503759\/"},"modified":"2026-08-28T16:18:15","modified_gmt":"2026-08-28T16:18:15","slug":"jogador-emociona-se-no-adeus-ao-sporting-agradecer-aos-adeptos-por-todo-o-carinho-e-apoio","status":"publish","type":"post","link":"https:\/\/www.europesays.com\/pt\/503759\/","title":{"rendered":"Jogador emociona-se no adeus ao Sporting: &#8220;Agradecer aos adeptos por todo o carinho e apoio&#8221;"},"content":{"rendered":"<p><a href=\"https:\/\/pt.linkedin.com\/in\/nuno-correia-da-silva-b3767226\" target=\"_blank\" rel=\"nofollow noopener\">Nuno Correia da Silva<\/a> <b>aponta<\/b> <a href=\"https:\/\/www.transfermarkt.pt\/luis-suarez\/profil\/spieler\/424784\" target=\"_blank\" rel=\"nofollow noopener\">Lu\u00eds Su\u00e1rez<\/a> <b>como um exemplo claro da forma como determinados jogadores podem ser injustamente desvalorizados<\/b>. O avan\u00e7ado colombiano terminou a \u00faltima temporada como melhor marcador da Primeira Liga, com 28 golos, mais seis do que o segundo classificado e quase 30% acima de Vangelis Pavlidis. Foi tamb\u00e9m o jogador que marcou em mais jornadas, tendo faturado em 21 das 34 partidas do campeonato.<\/p>\n<p><\/p>\n<p><b>O ex administrador da SAD do Sporting destaca o peso do atacante<\/b> &#8211; <a href=\"https:\/\/leonino.pt\/bomba-marinakis-quer-voltar-a-pescar-no-sporting-e-abre-negociacoes-por-luis-suarez\" target=\"_blank\" rel=\"nofollow noopener\">que tem sido apontado \u00e0 sa\u00edda<\/a> -, lembrando que os seus golos foram decisivos para pelo menos oito vit\u00f3rias dos le\u00f5es, participou, direta ou indiretamente, em 46% dos golos da equipa e manteve-se dispon\u00edvel durante uma \u00e9poca em que o plantel atravessou uma vaga de les\u00f5es.<\/p>\n<p><\/p>\n<blockquote class=\"blockquote\"><p><b>N. Correia da Silva: &#8220;O seu valor \u00e9 indiscut\u00edvel&#8221;<\/b><\/p><\/blockquote>\n<p><\/p>\n<p>&#8220;Su\u00e1rez terminou a temporada com 4.373 minutos, apenas atr\u00e1s de Francisco Trinc\u00e3o e Rui Silva entre os jogadores do Sporting, e chegou a completar 13 jogos numa sequ\u00eancia de 14 partidas. <b>S\u00e3o n\u00fameros que n\u00e3o deixam grande margem para d\u00favidas.<\/b> Por tudo o que fez, o seu valor \u00e9 indiscut\u00edvel&#8221;, pode ler-se no jornal &#8216;O Jogo&#8217;.<\/p>\n<p>Nesse sentido, <b>o antigo deputado do CDS-PP questiona a forma como a situa\u00e7\u00e3o do jogador tem sido abordada<\/b>: &#8220;Compreende-se mal, \u00e0 luz do bom senso, a desvaloriza\u00e7\u00e3o que tem sido feita do jogador e as intrigas que t\u00eam sido lan\u00e7adas \u00e0 sua volta, todas com muita imagina\u00e7\u00e3o e uma boa dose de maquiavelismo.&#8221;<\/p>\n<p><\/p>\n<p>Nuno Correia da Silva diz que \u00e9 dif\u00edcil justificar tal tratamento tendo em conta o rendimento apresentado:\u00a0&#8220;<b>\u00c9 estranho que um jogador que marcou 28 golos, foi o melhor marcador do campeonato e participou em quase metade dos golos da sua equipa seja, de repente, tratado como se tivesse sido uma m\u00e1 contrata\u00e7\u00e3o<\/b>. Ou talvez exista um jogo atr\u00e1s do futebol. Se o objetivo \u00e9 desvalorizar para algu\u00e9m comprar em saldo, esperemos que n\u00e3o tenham sucesso&#8221;.<\/p>\n","protected":false},"excerpt":{"rendered":"Nuno Correia da Silva aponta Lu\u00eds Su\u00e1rez como um exemplo claro da forma como determinados jogadores podem ser&hellip;\n","protected":false},"author":2,"featured_media":503760,"comment_status":"","ping_status":"","sticky":false,"template":"","format":"standard","meta":{"footnotes":"","_share_on_mastodon":"0"},"categories":[87],"tags":[135,32,33,34,134],"class_list":["post-503759","post","type-post","status-publish","format-standard","has-post-thumbnail","category-desporto","tag-desporto","tag-portugal","tag-pt","tag-sporting","tag-sports"],"share_on_mastodon":{"url":"https:\/\/pubeurope.com\/@pt\/117174043701672494","error":""},"_links":{"self":[{"href":"https:\/\/www.europesays.com\/pt\/wp-json\/wp\/v2\/posts\/503759","targetHints":{"allow":["GET"]}}],"collection":[{"href":"https:\/\/www.europesays.com\/pt\/wp-json\/wp\/v2\/posts"}],"about":[{"href":"https:\/\/www.europesays.com\/pt\/wp-json\/wp\/v2\/types\/post"}],"author":[{"embeddable":true,"href":"https:\/\/www.europesays.com\/pt\/wp-json\/wp\/v2\/users\/2"}],"replies":[{"embeddable":true,"href":"https:\/\/www.europesays.com\/pt\/wp-json\/wp\/v2\/comments?post=503759"}],"version-history":[{"count":0,"href":"https:\/\/www.europesays.com\/pt\/wp-json\/wp\/v2\/posts\/503759\/revisions"}],"wp:featuredmedia":[{"embeddable":true,"href":"https:\/\/www.europesays.com\/pt\/wp-json\/wp\/v2\/media\/503760"}],"wp:attachment":[{"href":"https:\/\/www.europesays.com\/pt\/wp-json\/wp\/v2\/media?parent=503759"}],"wp:term":[{"taxonomy":"category","embeddable":true,"href":"https:\/\/www.europesays.com\/pt\/wp-json\/wp\/v2\/categories?post=503759"},{"taxonomy":"post_tag","embeddable":true,"href":"https:\/\/www.europesays.com\/pt\/wp-json\/wp\/v2\/tags?post=503759"}],"curies":[{"name":"wp","href":"https:\/\/api.w.org\/{rel}","templated":true}]}}