{"id":50377,"date":"2025-08-29T16:16:10","date_gmt":"2025-08-29T16:16:10","guid":{"rendered":"https:\/\/www.europesays.com\/pt\/50377\/"},"modified":"2025-08-29T16:16:10","modified_gmt":"2025-08-29T16:16:10","slug":"com-demencia-ator-bruce-willis-recebe-assistencia-diaria-em-novo-lar-adaptado-celebridades","status":"publish","type":"post","link":"https:\/\/www.europesays.com\/pt\/50377\/","title":{"rendered":"Com dem\u00eancia, ator Bruce Willis recebe assist\u00eancia di\u00e1ria em novo lar adaptado | Celebridades"},"content":{"rendered":"<p>                                        Bruce Willis foi diagnosticado com dem\u00eancia frontotemporal, anunciou fam\u00edlia em 2023 &#8211; AFP<\/p>\n<p class=\"content-media__description\">Bruce Willis foi diagnosticado com dem\u00eancia frontotemporal, anunciou fam\u00edlia em 2023AFP<\/p>\n<p>                                                        Publicado 29\/08\/2025 08:04 | Atualizado 29\/08\/2025 11:10\n                    <\/p>\n<p>Diagnosticado com dem\u00eancia frontotemporal, o ator Bruce Willis, de 70 anos, est\u00e1 vivendo em uma nova casa, adaptada \u00e0 sua doen\u00e7a, cercado por assistentes que cuidam dele diariamente. A revela\u00e7\u00e3o foi feita pela sua companheira, a modelo Emma Heming Willis, que contou detalhes sobre como tem sido o tratamento e\u00a0considerou a decis\u00e3o de\u00a0faz\u00ea-lo mudar a outra resid\u00eancia uma das &#8220;mais dif\u00edceis que j\u00e1 tomou&#8221;.<\/p>\n<p>&#8220;Eu sabia, antes de tudo, que Bruce iria querer isso pelas nossas filhas. Ele gostaria que elas estivessem em um lar voltado para as necessidades delas, n\u00e3o para as dele&#8221;, disse, em entrevista \u00e0 &#8220;ABC&#8221;, na \u00faltima ter\u00e7a-feira (26). O ator tem duas filhas com Emma: Evelyn e Mabel, de 11 e 13 anos, respectivamente.<\/p>\n<p>Casada com o ator h\u00e1 16 anos, Emma disse &#8220;sentir&#8221; que seu marido ainda a reconhece. &#8220;Eu sinto que sim, sabe? Tipo, eu sei que sim. Quando estamos com ele&#8230; ele se ilumina, entende? Ele segura nossas m\u00e3os. N\u00f3s o beijamos, abra\u00e7amos. E ele retribui. Ele est\u00e1 presente&#8221;, afirmou Emma.<\/p>\n<p>&#8220;E isso j\u00e1 \u00e9 tudo de que preciso. N\u00e3o preciso que ele saiba que eu sou a esposa dele, que nos casamos em tal dia, que foi assim&#8230; N\u00e3o preciso de nada disso. S\u00f3 quero sentir que tenho uma conex\u00e3o com ele. E eu tenho.&#8221;<\/p>\n<p>A fam\u00edlia de Willis revelou que ele foi diagnosticado com dem\u00eancia frontotemporal, que afeta a personalidade e pode causar mudan\u00e7as no comportamento, em 2023. Os primeiros sinais surgiram de forma sutil:\u00a0parecendo frio e distante com familiares, esquecendo falas nos sets de filmagem e deixando de lado atividades que amava, como levar as filhas \u00e0 escola.<\/p>\n<p>Na \u00e9poca, ela n\u00e3o sabia que aquilo eram sinais de uma dem\u00eancia de in\u00edcio precoce. Desde ent\u00e3o, o artista perdeu grande parte da sua capacidade de comunica\u00e7\u00e3o.<\/p>\n<p>&#8220;A linguagem est\u00e1 desaparecendo, e n\u00f3s aprendemos a nos adaptar&#8221;, disse ela. &#8220;Temos uma forma de nos comunicar com ele, que \u00e9 diferente, mas funciona.&#8221;<\/p>\n<p>Segundo Emma, mesmo com a progress\u00e3o da doen\u00e7a, ela e a fam\u00edlia ainda encontram momentos de alegria com o ator. &#8220;N\u00e3o s\u00e3o dias inteiros, mas temos momentos. \u00c9 a risada dele, sabe? Aquela gargalhada forte. \u00c0s vezes, voc\u00ea v\u00ea aquele brilho nos olhos ou um sorriso de canto, e eu simplesmente me transporto. \u00c9 dif\u00edcil, porque esses momentos aparecem e logo v\u00e3o embora. \u00c9 duro. Mas eu sou grata. Grata porque meu marido ainda est\u00e1 muito presente&#8221;, explicou.<\/p>\n<p>A modelo tamb\u00e9m foi perguntada sobre o que mais gostaria de conversar com Bruce. &#8220;Saber como ele est\u00e1, se est\u00e1 bem, se se sente confort\u00e1vel. Se h\u00e1 algo que possamos fazer para apoi\u00e1-lo melhor. Eu adoraria saber isso. Se ele sente medo. Se j\u00e1 ficou preocupado&#8221;, disse. &#8220;Eu s\u00f3 queria poder ter uma conversa com ele.&#8221;<\/p>\n<p><strong>Trajet\u00f3ria de sucesso<\/strong><\/p>\n<p>Bruce Willis nasceu em 19 de mar\u00e7o de 1955. Construiu uma carreira de sucesso em Hollywood, tornando-se mundialmente conhecido pelo papel do detetive John McClane na franquia de a\u00e7\u00e3o &#8220;Duro de Matar&#8221;. Ele tamb\u00e9m participou de filmes como &#8220;Pulp Fiction: Tempos de Viol\u00eancia&#8221; (1994), &#8220;Armageddon&#8221; (1998), &#8220;O Sexto Sentido&#8221; (1999) e &#8220;Os Mercen\u00e1rios&#8221; (2010).<\/p>\n","protected":false},"excerpt":{"rendered":"Bruce Willis foi diagnosticado com dem\u00eancia frontotemporal, anunciou fam\u00edlia em 2023 &#8211; AFP Bruce Willis foi diagnosticado com&hellip;\n","protected":false},"author":2,"featured_media":50378,"comment_status":"","ping_status":"","sticky":false,"template":"","format":"standard","meta":{"footnotes":""},"categories":[145],"tags":[1244,5707,211,210,2041,114,115,632,32,33],"class_list":{"0":"post-50377","1":"post","2":"type-post","3":"status-publish","4":"format-standard","5":"has-post-thumbnail","7":"category-celebridades","8":"tag-ator","9":"tag-bruce-willis","10":"tag-celebridades","11":"tag-celebrities","12":"tag-demencia","13":"tag-entertainment","14":"tag-entretenimento","15":"tag-escolha-do-editor","16":"tag-portugal","17":"tag-pt"},"share_on_mastodon":{"url":"","error":""},"_links":{"self":[{"href":"https:\/\/www.europesays.com\/pt\/wp-json\/wp\/v2\/posts\/50377","targetHints":{"allow":["GET"]}}],"collection":[{"href":"https:\/\/www.europesays.com\/pt\/wp-json\/wp\/v2\/posts"}],"about":[{"href":"https:\/\/www.europesays.com\/pt\/wp-json\/wp\/v2\/types\/post"}],"author":[{"embeddable":true,"href":"https:\/\/www.europesays.com\/pt\/wp-json\/wp\/v2\/users\/2"}],"replies":[{"embeddable":true,"href":"https:\/\/www.europesays.com\/pt\/wp-json\/wp\/v2\/comments?post=50377"}],"version-history":[{"count":0,"href":"https:\/\/www.europesays.com\/pt\/wp-json\/wp\/v2\/posts\/50377\/revisions"}],"wp:featuredmedia":[{"embeddable":true,"href":"https:\/\/www.europesays.com\/pt\/wp-json\/wp\/v2\/media\/50378"}],"wp:attachment":[{"href":"https:\/\/www.europesays.com\/pt\/wp-json\/wp\/v2\/media?parent=50377"}],"wp:term":[{"taxonomy":"category","embeddable":true,"href":"https:\/\/www.europesays.com\/pt\/wp-json\/wp\/v2\/categories?post=50377"},{"taxonomy":"post_tag","embeddable":true,"href":"https:\/\/www.europesays.com\/pt\/wp-json\/wp\/v2\/tags?post=50377"}],"curies":[{"name":"wp","href":"https:\/\/api.w.org\/{rel}","templated":true}]}}