{"id":50381,"date":"2025-08-29T16:20:50","date_gmt":"2025-08-29T16:20:50","guid":{"rendered":"https:\/\/www.europesays.com\/pt\/50381\/"},"modified":"2025-08-29T16:20:50","modified_gmt":"2025-08-29T16:20:50","slug":"a-real-razao-pela-qual-o-system-of-a-down-nao-lanca-album-segundo-serj","status":"publish","type":"post","link":"https:\/\/www.europesays.com\/pt\/50381\/","title":{"rendered":"A real raz\u00e3o pela qual o System of a Down n\u00e3o lan\u00e7a \u00e1lbum, segundo Serj"},"content":{"rendered":"\n<p>O <strong><a href=\"https:\/\/igormiranda.com.br\/tag\/system-of-a-down\/\" target=\"_blank\" rel=\"noreferrer noopener nofollow\">System of a Down<\/a><\/strong> n\u00e3o lan\u00e7a um \u00e1lbum in\u00e9dito de est\u00fadio h\u00e1 quase duas d\u00e9cadas. Com exce\u00e7\u00e3o das m\u00fasicas <strong>\u201cProtect the Land\u201d<\/strong> e <strong>\u201cGenocidal Humanoidz\u201d<\/strong>, disponibilizadas em 2020 e motivadas pelo conflito entre Artsakh e Azerbaij\u00e3o, a banda n\u00e3o liberou qualquer outra can\u00e7\u00e3o ap\u00f3s <strong>\u201cMezmerize\u201d<\/strong> e <strong>\u201cHypnotize\u201d<\/strong>, ambos datados de 2005.<\/p>\n<p>Para <strong><a href=\"https:\/\/igormiranda.com.br\/tag\/serj-tankian\/\" target=\"_blank\" rel=\"noreferrer noopener nofollow\">Serj Tankian<\/a><\/strong>, h\u00e1 apenas uma raz\u00e3o pela qual o grupo n\u00e3o soltou nenhum outro disco completo desde ent\u00e3o: diferen\u00e7as criativas.\u00a0<\/p>\n<p>&#8211; Advertisement &#8211;<\/p>\n<p>Ao programa de <a href=\"https:\/\/eddietrunk.com\/\" target=\"_blank\" rel=\"noreferrer noopener nofollow\">Eddie Trunk<\/a> (via <a href=\"https:\/\/www.ultimate-guitar.com\/news\/general_music_news\/serj-tankian-explains-real-reason-why-soad-hasnt-released-an-album-in-20-years-most-bands-dont-work-together-because-they-may-not-like-each-other-in-our-case-thats-not-the-case-at-all\/\" target=\"_blank\" rel=\"noreferrer noopener nofollow\">Ultimate Guitar<\/a>), o vocalista deixou claro que, atualmente, ele e os colegas est\u00e3o num lugar de respeito e \u00f3tima conviv\u00eancia. Assim, diferente do especulado, a quest\u00e3o n\u00e3o envolve conflitos em \u00e2mbito pessoal, mas sim discord\u00e2ncias art\u00edsticas, o que impede um \u00e1lbum de sair do papel:\u00a0<\/p>\n<p>\u201cN\u00e3o \u00e9 sobre todo mundo querer gravar. \u00c9 sobre todos concordarem a respeito da vis\u00e3o do pr\u00f3ximo disco. Se a vis\u00e3o n\u00e3o for a mesma, n\u00e3o vale a pena. Se for, a\u00ed faz sentido. \u00c9 s\u00f3 isso. Nossas diferen\u00e7as de opini\u00e3o sempre estiveram no \u00e2mbito criativo e tenho orgulho de dizer isso. [\u2026] N\u00e3o existem diferen\u00e7as pessoais. Sempre nos amamos e nos respeitamos, e mais do que nunca agora. Ent\u00e3o, n\u00e3o \u00e9 por isso que n\u00e3o fizemos um \u00e1lbum. N\u00e3o fizemos um novo disco por causa das diferen\u00e7as de vis\u00e3o, o que \u00e9 uma diferen\u00e7a art\u00edstica.\u201d<\/p>\n<p>Enquanto isso, ele e os colegas preferem apenas tocar juntos e fortalecer a conex\u00e3o que possuem em outros aspectos fora do est\u00fadio. O cantor explicou:\u00a0<\/p>\n<p>\u201cTenho orgulho de dizer isso, porque a maioria das bandas n\u00e3o trabalha junto por talvez n\u00e3o se gostarem. No nosso caso, n\u00e3o \u00e9 esse o problema de forma alguma. N\u00f3s nos amamos, mas se n\u00e3o concordarmos [sobre certas quest\u00f5es criativas], n\u00e3o faremos um novo projeto e ponto final. \u00c9 puramente uma quest\u00e3o criativa. Fazemos outras coisas juntos. Tocamos em turn\u00ea, sa\u00edmos, jantamos juntos, trazemos a fam\u00edlia, curtimos a companhia uns dos outros. Fazemos outras coisas juntos.\u201d<\/p>\n<p>Durante entrevista ao canal do YouTube <a href=\"https:\/\/www.youtube.com\/@JeseaLee\" rel=\"nofollow noopener\" target=\"_blank\">The Jesea Lee Show<\/a> em junho, Serj tamb\u00e9m havia sido abordado a respeito do tema. Na ocasi\u00e3o, o m\u00fasico trouxe outro argumento e respondeu que, para que o System lan\u00e7asse um novo \u00e1lbum, seria necess\u00e1rio existir uma \u201cabordagem igualit\u00e1ria\u201d no processo de cria\u00e7\u00e3o:<\/p>\n<p>\u201c[Seria preciso] Abordagem igualit\u00e1ria para tudo dentro da banda. Em outras palavras, mais igualdade em termos de origem da m\u00fasica, em termos de dividir tudo, incluindo editora\u00e7\u00e3o, em termos de ideias, em termos de compartilhar a vis\u00e3o \u2014 esse tipo de coisa.\u201d<\/p>\n<p> <strong>O \u00e1lbum do System of a Down que quase aconteceu<\/strong> <\/p>\n<p>Em sua autobiografia \u201cDown with the System: Um livro de mem\u00f3rias (ou algo assim)\u201d, lan\u00e7ada no ano passado, Serj Tankian revelou que um novo \u00e1lbum do System of a Down come\u00e7ou a tomar forma por volta de 2018. Contudo, as sess\u00f5es n\u00e3o caminharam de uma maneira positiva e as can\u00e7\u00f5es que o vocalista comp\u00f4s pensando para o projeto viraram o \u00e1lbum solo <strong>\u201cElasticity\u201d<\/strong> (2021):<\/p>\n<p>\u201cPor volta de 2018, depois de voltar da Nova Zel\u00e2ndia, eu e <strong>Daron<\/strong> [<strong>Malakian<\/strong>, guitarrista] come\u00e7amos a nos encontrar, s\u00f3 n\u00f3s dois, para passar um tempo juntos, conversar, comer e tocar. [\u2026] Continuava compondo e gravando m\u00fasicas praticamente todo dia, e, apesar de boa parte delas serem faixas instrumentais que eu usava no trabalho com trilhas sonoras, compus algumas m\u00fasicas de rock que poderiam dar certo para o System. Toquei algumas para Daron e pedi que ele tocasse as coisas que andava escrevendo. [\u2026] Parecia que, entre aquelas duas cole\u00e7\u00f5es de can\u00e7\u00f5es, eu finalmente conseguia enxergar um caminho para algo que eu nem cogitava havia mais de uma d\u00e9cada: um novo \u00e1lbum do System of a Down. [\u2026] Sugeri que cada um de n\u00f3s apresentasse seis m\u00fasicas nas sess\u00f5es para um \u00e1lbum novo. Se todos no grupo n\u00e3o gostassem de alguma, escrever\u00edamos outra at\u00e9 chegarmos a um acordo un\u00e2nime. Nos \u00e1lbuns anteriores, Daron sempre controlara o processo criativo e parecia sentir naquele momento que o novo m\u00e9todo n\u00e3o apenas era uma cr\u00edtica a seu controle, mas tamb\u00e9m um ataque contra suas m\u00fasicas. [\u2026] Eu esperava que minha vis\u00e3o para uma exist\u00eancia mais igualit\u00e1ria dentro da banda solucionasse nossos problemas ou pelo menos nos mostrasse o caminho certo. Achei de verdade que aquilo fosse iluminar uma rota criativa. Em vez disso, tudo acabou virando um pandem\u00f4nio. As sess\u00f5es pararam de acontecer. As esperan\u00e7as por um novo \u00e1lbum do System of a Down murcharam. Peguei minhas m\u00fasicas de volta, as gravei sozinho e as lancei como o \u00e1lbum <strong>\u2018Elasticity\u2019<\/strong>.\u201d<\/p>\n<p><strong>Clique<\/strong> para seguir IgorMiranda.com.br no: <a href=\"https:\/\/instagram.com\/igormirandasite\" target=\"_blank\" rel=\"noreferrer noopener nofollow\">Instagram<\/a> | <a href=\"https:\/\/bsky.app\/profile\/igormirandasite.bsky.social\" target=\"_blank\" rel=\"noreferrer noopener nofollow\">Bluesky<\/a> | <a href=\"https:\/\/twitter.com\/igormirandasite\" target=\"_blank\" rel=\"noreferrer noopener nofollow\">Twitter<\/a> | <a href=\"https:\/\/tiktok.com\/@igormirandasite\" target=\"_blank\" rel=\"noreferrer noopener nofollow\">TikTok<\/a> | <a href=\"https:\/\/facebook.com\/igormirandasite\" target=\"_blank\" rel=\"noreferrer noopener nofollow\">Facebook<\/a> | <a href=\"https:\/\/www.youtube.com\/igormirandasite\" target=\"_blank\" rel=\"noreferrer noopener nofollow\">YouTube<\/a> | <a href=\"https:\/\/www.threads.net\/@igormirandasite\" target=\"_blank\" rel=\"noreferrer noopener nofollow\">Threads<\/a>.<\/p>\n<p> <script async src=\"https:\/\/platform.twitter.com\/widgets.js\" charset=\"utf-8\"><\/script><script async src=\"\/\/www.instagram.com\/embed.js\"><\/script><script async src=\"\/\/www.tiktok.com\/embed.js\"><\/script><\/p>\n","protected":false},"excerpt":{"rendered":"O System of a Down n\u00e3o lan\u00e7a um \u00e1lbum in\u00e9dito de est\u00fadio h\u00e1 quase duas d\u00e9cadas. Com exce\u00e7\u00e3o&hellip;\n","protected":false},"author":2,"featured_media":50382,"comment_status":"","ping_status":"","sticky":false,"template":"","format":"standard","meta":{"footnotes":""},"categories":[141],"tags":[114,115,149,150,32,33,6927,4181],"class_list":{"0":"post-50381","1":"post","2":"type-post","3":"status-publish","4":"format-standard","5":"has-post-thumbnail","7":"category-musica","8":"tag-entertainment","9":"tag-entretenimento","10":"tag-music","11":"tag-musica","12":"tag-portugal","13":"tag-pt","14":"tag-serj-tankian","15":"tag-system-of-a-down"},"share_on_mastodon":{"url":"","error":""},"_links":{"self":[{"href":"https:\/\/www.europesays.com\/pt\/wp-json\/wp\/v2\/posts\/50381","targetHints":{"allow":["GET"]}}],"collection":[{"href":"https:\/\/www.europesays.com\/pt\/wp-json\/wp\/v2\/posts"}],"about":[{"href":"https:\/\/www.europesays.com\/pt\/wp-json\/wp\/v2\/types\/post"}],"author":[{"embeddable":true,"href":"https:\/\/www.europesays.com\/pt\/wp-json\/wp\/v2\/users\/2"}],"replies":[{"embeddable":true,"href":"https:\/\/www.europesays.com\/pt\/wp-json\/wp\/v2\/comments?post=50381"}],"version-history":[{"count":0,"href":"https:\/\/www.europesays.com\/pt\/wp-json\/wp\/v2\/posts\/50381\/revisions"}],"wp:featuredmedia":[{"embeddable":true,"href":"https:\/\/www.europesays.com\/pt\/wp-json\/wp\/v2\/media\/50382"}],"wp:attachment":[{"href":"https:\/\/www.europesays.com\/pt\/wp-json\/wp\/v2\/media?parent=50381"}],"wp:term":[{"taxonomy":"category","embeddable":true,"href":"https:\/\/www.europesays.com\/pt\/wp-json\/wp\/v2\/categories?post=50381"},{"taxonomy":"post_tag","embeddable":true,"href":"https:\/\/www.europesays.com\/pt\/wp-json\/wp\/v2\/tags?post=50381"}],"curies":[{"name":"wp","href":"https:\/\/api.w.org\/{rel}","templated":true}]}}