{"id":503815,"date":"2026-08-28T17:19:23","date_gmt":"2026-08-28T17:19:23","guid":{"rendered":"https:\/\/www.europesays.com\/pt\/503815\/"},"modified":"2026-08-28T17:19:23","modified_gmt":"2026-08-28T17:19:23","slug":"em-ultima-tentativa-para-entrar-no-bbb-27-influencer-apela-para-outdoor-no-rio-dourado-assiste-meu-video","status":"publish","type":"post","link":"https:\/\/www.europesays.com\/pt\/503815\/","title":{"rendered":"Em \u00faltima tentativa para entrar no &#8216;BBB 27&#8217;, influencer apela para outdoor no Rio: &#8216;Dourado, assiste meu v\u00eddeo&#8217;"},"content":{"rendered":"\n<p class=\" content-text__container theme-color-primary-first-letter\" data-track-category=\"Link no Texto\" data-track-links=\"\"> A influenciadora<strong> Al\u00ea Ga\u00facha<\/strong>, de 21 anos, encontrou uma maneira inusitada de tentar fazer sua inscri\u00e7\u00e3o para o &#8220;BBB 27&#8221; chegar \u00e0 produ\u00e7\u00e3o do reality. Depois de enviar o v\u00eddeo de candidatura, ela instalou um outdoor na Avenida Brasil, no Rio de Janeiro, com uma mensagem direcionada a Rodrigo Dourado, diretor de g\u00eanero de realities da Globo: &#8220;Dourado, ainda d\u00e1 tempo de me classificar para a pr\u00f3xima edi\u00e7\u00e3o? Assista ao meu v\u00eddeo de inscri\u00e7\u00e3o!&#8221;. <\/p>\n<p class=\" content-text__container \" data-track-category=\"Link no Texto\" data-track-links=\"\"> A pe\u00e7a foi colocada em frente ao Mercado S\u00e3o Sebasti\u00e3o, no sentido Zona Oeste. No site oficial do programa, as inscri\u00e7\u00f5es para a pr\u00f3xima edi\u00e7\u00e3o aparecem atualmente como encerradas. <\/p>\n<p class=\" content-text__container \" data-track-category=\"Link no Texto\" data-track-links=\"\"> A iniciativa surgiu depois de Al\u00ea concluir que, com a inscri\u00e7\u00e3o j\u00e1 enviada, s\u00f3 lhe restava esperar. Diante do volume de candidatos que disputam uma vaga no reality, a influenciadora decidiu criar uma estrat\u00e9gia para aumentar as chances de seu v\u00eddeo ser visto. <\/p>\n<p class=\" content-text__container \" data-track-category=\"Link no Texto\" data-track-links=\"\"> &#8220;Eu fiquei pensando no que ainda estava ao meu alcance. J\u00e1 tinha mandado minha inscri\u00e7\u00e3o e queria fazer alguma coisa diferente. Foi a\u00ed que surgiu a ideia do outdoor, como uma forma de fazer o Dourado olhar para mim e pensar: \u2018quem \u00e9 essa menina?\u2019. Se ele tiver essa curiosidade e assistir ao v\u00eddeo, j\u00e1 valeu&#8221;, afirma. <\/p>\n","protected":false},"excerpt":{"rendered":"A influenciadora Al\u00ea Ga\u00facha, de 21 anos, encontrou uma maneira inusitada de tentar fazer sua inscri\u00e7\u00e3o para o&hellip;\n","protected":false},"author":2,"featured_media":503816,"comment_status":"","ping_status":"","sticky":false,"template":"","format":"standard","meta":{"footnotes":"","_share_on_mastodon":"0"},"categories":[142],"tags":[114,115,319,32,33,318,151],"class_list":["post-503815","post","type-post","status-publish","format-standard","has-post-thumbnail","category-tv","tag-entertainment","tag-entretenimento","tag-hard-news","tag-portugal","tag-pt","tag-radar","tag-tv"],"share_on_mastodon":{"url":"https:\/\/pubeurope.com\/@pt\/117174282915679748","error":""},"_links":{"self":[{"href":"https:\/\/www.europesays.com\/pt\/wp-json\/wp\/v2\/posts\/503815","targetHints":{"allow":["GET"]}}],"collection":[{"href":"https:\/\/www.europesays.com\/pt\/wp-json\/wp\/v2\/posts"}],"about":[{"href":"https:\/\/www.europesays.com\/pt\/wp-json\/wp\/v2\/types\/post"}],"author":[{"embeddable":true,"href":"https:\/\/www.europesays.com\/pt\/wp-json\/wp\/v2\/users\/2"}],"replies":[{"embeddable":true,"href":"https:\/\/www.europesays.com\/pt\/wp-json\/wp\/v2\/comments?post=503815"}],"version-history":[{"count":0,"href":"https:\/\/www.europesays.com\/pt\/wp-json\/wp\/v2\/posts\/503815\/revisions"}],"wp:featuredmedia":[{"embeddable":true,"href":"https:\/\/www.europesays.com\/pt\/wp-json\/wp\/v2\/media\/503816"}],"wp:attachment":[{"href":"https:\/\/www.europesays.com\/pt\/wp-json\/wp\/v2\/media?parent=503815"}],"wp:term":[{"taxonomy":"category","embeddable":true,"href":"https:\/\/www.europesays.com\/pt\/wp-json\/wp\/v2\/categories?post=503815"},{"taxonomy":"post_tag","embeddable":true,"href":"https:\/\/www.europesays.com\/pt\/wp-json\/wp\/v2\/tags?post=503815"}],"curies":[{"name":"wp","href":"https:\/\/api.w.org\/{rel}","templated":true}]}}