{"id":503829,"date":"2026-08-28T17:33:18","date_gmt":"2026-08-28T17:33:18","guid":{"rendered":"https:\/\/www.europesays.com\/pt\/503829\/"},"modified":"2026-08-28T17:33:18","modified_gmt":"2026-08-28T17:33:18","slug":"irmaos-marinho-da-globo-lideram-lista-da-forbes-2026-com-r-657-bilhoes-saiba-qual-e-o-mais-rico","status":"publish","type":"post","link":"https:\/\/www.europesays.com\/pt\/503829\/","title":{"rendered":"Irm\u00e3os Marinho, da Globo, lideram lista da Forbes 2026 com R$ 65,7 bilh\u00f5es; saiba qual \u00e9 o mais rico"},"content":{"rendered":"<p>00:00<\/p>\n<p>\t\t\t\t\t\t\t<img loading=\"lazy\" decoding=\"async\" src=\"https:\/\/revistaforum.com.br\/wp-content\/plugins\/oknaudio\/application\/assets\/img\/iconSun.svg\" alt=\"Modo claro\" width=\"24\" height=\"24\"\/><\/p>\n<p>\t\t\t\t\t\t\t<img loading=\"lazy\" decoding=\"async\" src=\"https:\/\/revistaforum.com.br\/wp-content\/plugins\/oknaudio\/application\/assets\/img\/iconMoon.svg\" alt=\"Modo escuro\" width=\"24\" height=\"24\"\/><\/p>\n<p>\n\t\t\t\t\t\t\tA+<br \/>\n\t\t\t\t\t\t\tA-\n\t\t\t\t\t\t<\/p>\n<p>\t\t\t\t\t\t\t\tLer o resumo da not\u00edcia<\/p>\n<ul>&#13;<\/p>\n<li>Forbes divulgou em 28\/09\/2026 a lista dos Bilion\u00e1rios Brasileiros, colocando os irm\u00e3os Marinho no topo do setor de comunica\u00e7\u00e3o com patrim\u00f4nio conjunto de R$\u202f65,7\u202fbi.<\/li>\n<p>&#13;<\/p>\n<li>Roberto Irineu (78), Jo\u00e3o Roberto (72) e Jos\u00e9 Roberto (70) est\u00e3o entre os 7 empres\u00e1rios de m\u00eddia nos 225 bilion\u00e1rios listados.<\/li>\n<p>&#13;<\/p>\n<li>Patrim\u00f4nios individuais: Roberto Irineu R$\u202f17,5\u202fbi (vice\u2011presidente da Rede Globo); Jo\u00e3o Roberto e Jos\u00e9 Roberto R$\u202f24,1\u202fbi cada (presidente do Conselho e vice\u2011presidente\/fundador da Funda\u00e7\u00e3o Roberto Marinho).<\/li>\n<p>&#13;<\/p>\n<li>A fortuna prov\u00e9m do imp\u00e9rio midi\u00e1tico da Globo, fundado por Roberto Marinho e mantido pelos herdeiros.<\/li>\n<p>&#13;\n<\/ul>\n<p>Herdeiros do imp\u00e9rio midi\u00e1tico criado por Roberto Marinho, os irm\u00e3os Roberto Irineu, Jo\u00e3o Roberto e Jos\u00e9 Roberto Marinho lideram a lista da \u00e1rea de comunica\u00e7\u00e3o dos Bilion\u00e1rios Brasileiros 2026, divulgada nesta sexta-feira (28) pela Forbes, que compila os dados anualmente. Juntos, os herdeiros da Globo somam uma fortuna de R$ 65,7 bilh\u00f5es, figurando entre os 7 empres\u00e1rios do setor entre os 225 brasileiros listados pela revista em sua nova edi\u00e7\u00e3o.<\/p>\n<p>No entanto, o pr\u00f3prio cl\u00e3 Marinho tem uma lista interna de maiores fortunas. Segundo a Forbes, o primog\u00eanito <strong>Roberto Irineu Marinho<\/strong>, de 78 anos, tem um<strong> patrim\u00f4nio de R$ 17,5 bi<\/strong>, o menor entre os tr\u00eas irm\u00e3os. Atualmente, ele \u00e9 vice-presidente da Rede Globo.<\/p>\n<p><strong>Jo\u00e3o Roberto<\/strong>, de 72 anos, e <strong>Jos\u00e9 Roberto<\/strong>, de 70 anos, concentram mais poder e t\u00eam exatamente o mesmo patrim\u00f4nio: <strong>R$ 24,1 bilh\u00f5es<\/strong>. Jo\u00e3o \u00e9 presidente do Conselho de Administra\u00e7\u00e3o, do Conselho editorial e do comit\u00ea institucional do grupo, al\u00e9m de vice-presidente da Associa\u00e7\u00e3o Nacional de Jornais e da Associa\u00e7\u00e3o Brasileira de Emissoras de R\u00e1dio e Televis\u00e3o (Abert).<\/p>\n<p>Ca\u00e7ula dos tr\u00eas, Jos\u00e9 Roberto herdou o controle da Globo, \u00e9 vice-presidente do grupo e presidente da Funda\u00e7\u00e3o Roberto Marinho. Segundo a Forbes,<strong> o grupo Globo faturou R$ 18,2 bilh\u00f5es em 2025, uma alta de 11% em rela\u00e7\u00e3o ao ano anterior<\/strong>.<\/p>\n<p>Quem mais est\u00e1 na lista da Forbes de bilion\u00e1rios da comunica\u00e7\u00e3o<\/p>\n<p>O quarto lugar na lista de bilion\u00e1rios da Forbes no Brasil est\u00e1 o bispo <strong>Edir Macedo<\/strong>, de 81 anos, fundador da Igreja Universal e dono da <strong>Rede Record<\/strong>. O patrim\u00f4nio \u00e9 calculada em <strong>R$ 10,3 bilh\u00f5es<\/strong>. O cl\u00e3 Macedo ainda \u00e9 dono do canal W67CI, que pertence \u00e0 rede internacional Telemundo e \u00e9 exibido em Atlanta, nos EUA.<\/p>\n<p>Na quinta posi\u00e7\u00e3o est\u00e1 <strong>Iris P\u00e1ssaro Abravanel<\/strong>, vi\u00fava de Senor Abravanel, o <strong>Silvio Santos<\/strong>, dono do <strong>SBT<\/strong>. No total, a fortuna de Iris e das seis filhas \u00e9 estimada em <strong>R$ 3,4 bilh\u00f5es<\/strong>. Al\u00e9m da emissora, a fam\u00edlia \u00e9 dona de atividades no varejo, hotelaria e cosm\u00e9ticos, com a marca Jequiti.<\/p>\n<p>Herdeiros do decadente grupo Abril, da revista Veja, <strong>Giancarlo Civita e Roberta Anamaria Civita<\/strong> fecham a lista de bilion\u00e1rios da comunica\u00e7\u00e3o da Forbes no Brasil com patrim\u00f4nio de <strong>R$ 1 bilh\u00e3o cada<\/strong>. Com a decad\u00eancia da editora, o cl\u00e3, que inclui o irm\u00e3o Victor Neto, concentrou o patrim\u00f4nio no mercado imobili\u00e1rio.<\/p>\n<p><img loading=\"lazy\" decoding=\"async\" src=\"https:\/\/www.europesays.com\/pt\/wp-content\/uploads\/2026\/08\/a491dff2-3569-4a03-8291-92ed532cae50.png\" alt=\"a491dff2 3569 4a03 8291 92ed532cae50\" width=\"1024\" height=\"1536\"  \/><\/p>\n","protected":false},"excerpt":{"rendered":"00:00 A+ A- Ler o resumo da not\u00edcia &#13; Forbes divulgou em 28\/09\/2026 a lista dos Bilion\u00e1rios Brasileiros,&hellip;\n","protected":false},"author":2,"featured_media":503830,"comment_status":"","ping_status":"","sticky":false,"template":"","format":"standard","meta":{"footnotes":"","_share_on_mastodon":"0"},"categories":[142],"tags":[25476,114,115,14030,20460,753,69779,80736,45738,8227,9839,32,33,80737,151],"class_list":["post-503829","post","type-post","status-publish","format-standard","has-post-thumbnail","category-tv","tag-bilionarios","tag-entertainment","tag-entretenimento","tag-forbes","tag-fortuna","tag-globo","tag-joao-roberto-marinho","tag-jose-roberto-marinho","tag-marinho","tag-midia","tag-o-globo","tag-portugal","tag-pt","tag-roberto-irineu-marinho","tag-tv"],"share_on_mastodon":{"url":"https:\/\/pubeurope.com\/@pt\/117174338727436690","error":""},"_links":{"self":[{"href":"https:\/\/www.europesays.com\/pt\/wp-json\/wp\/v2\/posts\/503829","targetHints":{"allow":["GET"]}}],"collection":[{"href":"https:\/\/www.europesays.com\/pt\/wp-json\/wp\/v2\/posts"}],"about":[{"href":"https:\/\/www.europesays.com\/pt\/wp-json\/wp\/v2\/types\/post"}],"author":[{"embeddable":true,"href":"https:\/\/www.europesays.com\/pt\/wp-json\/wp\/v2\/users\/2"}],"replies":[{"embeddable":true,"href":"https:\/\/www.europesays.com\/pt\/wp-json\/wp\/v2\/comments?post=503829"}],"version-history":[{"count":0,"href":"https:\/\/www.europesays.com\/pt\/wp-json\/wp\/v2\/posts\/503829\/revisions"}],"wp:featuredmedia":[{"embeddable":true,"href":"https:\/\/www.europesays.com\/pt\/wp-json\/wp\/v2\/media\/503830"}],"wp:attachment":[{"href":"https:\/\/www.europesays.com\/pt\/wp-json\/wp\/v2\/media?parent=503829"}],"wp:term":[{"taxonomy":"category","embeddable":true,"href":"https:\/\/www.europesays.com\/pt\/wp-json\/wp\/v2\/categories?post=503829"},{"taxonomy":"post_tag","embeddable":true,"href":"https:\/\/www.europesays.com\/pt\/wp-json\/wp\/v2\/tags?post=503829"}],"curies":[{"name":"wp","href":"https:\/\/api.w.org\/{rel}","templated":true}]}}