{"id":503837,"date":"2026-08-28T17:41:32","date_gmt":"2026-08-28T17:41:32","guid":{"rendered":"https:\/\/www.europesays.com\/pt\/503837\/"},"modified":"2026-08-28T17:41:32","modified_gmt":"2026-08-28T17:41:32","slug":"hungria-quadruplica-pensao-minima-e-inaceitavel-que-milhares-de-pessoas-nao-consigam-pagar-contas-diz-magyar","status":"publish","type":"post","link":"https:\/\/www.europesays.com\/pt\/503837\/","title":{"rendered":"Hungria quadruplica pens\u00e3o m\u00ednima. &#8220;\u00c9 inaceit\u00e1vel&#8221; que milhares de pessoas n\u00e3o consigam pagar contas, diz Magyar"},"content":{"rendered":"<p>                A pens\u00e3o m\u00ednima, de 80 euros mensais, foi fixada em 2008 e n\u00e3o era alterada desde ent\u00e3o<\/p>\n<p>O novo governo conservador da Hungria, no poder desde maio passado, anunciou esta quinta-feira que, a partir de janeiro de 2027, a pens\u00e3o m\u00ednima aumentar\u00e1 dos atuais 80 euros mensais para 330 euros, uma medida que abrange centenas de milhares de pessoas.<\/p>\n<p>&#8220;Centenas de milhares dos nossos compatriotas mais velhos, no final do m\u00eas, fazem contas para perceber se conseguem pagar os medicamentos, a alimenta\u00e7\u00e3o, as contas ou, talvez, a lenha. Isto \u00e9 simplesmente inaceit\u00e1vel&#8221;, afirmou o primeiro-ministro, P\u00e9ter Magyar, no Facebook.<\/p>\n<p>Com esta decis\u00e3o, acrescentou Magyar, &#8220;centenas de milhares de pessoas ter\u00e3o um aumento consider\u00e1vel das suas pens\u00f5es&#8221;.<\/p>\n<p>Magyar \u00e9 primeiro-ministro desde maio, depois de ter vencido as elei\u00e7\u00f5es legislativas com o seu partido, Tisza, contra o ent\u00e3o primeiro-ministro ultranacionalista Viktor Orb\u00e1n e o seu partido, Fidesz, que esteve no poder entre 2010 e 2026.<\/p>\n<p>Em janeiro de 2026, na Hungria, um pa\u00eds com 9,7 milh\u00f5es de habitantes, quase 2,3 milh\u00f5es de reformados recebiam uma pens\u00e3o.<\/p>\n<p>Segundo o Gabinete Central de Estat\u00edsticas da Hungria (KSH), mais de 240.000 reformados recebem no pa\u00eds da Europa Central pens\u00f5es inferiores a 330 euros mensais.<\/p>\n<p>Na Hungria, segundo dados de junho passado, a pens\u00e3o m\u00e9dia \u00e9 de cerca de 660 euros mensais, enquanto o sal\u00e1rio m\u00e9dio ronda os 1.400 euros por m\u00eas.<\/p>\n<p>Cerca de 95% das pens\u00f5es situam-se abaixo do sal\u00e1rio m\u00e9dio.<\/p>\n<p>A pens\u00e3o m\u00ednima, de 80 euros mensais, foi fixada em 2008 e n\u00e3o era alterada desde ent\u00e3o.<\/p>\n","protected":false},"excerpt":{"rendered":"A pens\u00e3o m\u00ednima, de 80 euros mensais, foi fixada em 2008 e n\u00e3o era alterada desde ent\u00e3o O&hellip;\n","protected":false},"author":2,"featured_media":503838,"comment_status":"","ping_status":"","sticky":false,"template":"","format":"standard","meta":{"footnotes":"","_share_on_mastodon":"0"},"categories":[50],"tags":[609,836,611,27,28,607,608,333,832,604,135,610,476,15,16,301,830,14,1991,603,25,26,570,21,22,831,833,62,834,12,13,19,20,835,602,80738,11697,7707,54144,52,32,23,24,17,18,29,30,31,63,64,65],"class_list":["post-503837","post","type-post","status-publish","format-standard","has-post-thumbnail","category-mundo","tag-alerta","tag-analise","tag-ao-minuto","tag-breaking-news","tag-breakingnews","tag-cnn","tag-cnn-portugal","tag-comentadores","tag-costa","tag-crime","tag-desporto","tag-direto","tag-economia","tag-featured-news","tag-featurednews","tag-governo","tag-guerra","tag-headlines","tag-hungria","tag-justica","tag-latest-news","tag-latestnews","tag-live","tag-main-news","tag-mainnews","tag-mais-vistas","tag-marcelo","tag-mundo","tag-negocios","tag-news","tag-noticias","tag-noticias-principais","tag-noticiasprincipais","tag-opiniao","tag-pais","tag-pensao-minima","tag-pensionistas","tag-pensoes","tag-peter-magyar","tag-politica","tag-portugal","tag-principais-noticias","tag-principaisnoticias","tag-top-stories","tag-topstories","tag-ultimas","tag-ultimas-noticias","tag-ultimasnoticias","tag-world","tag-world-news","tag-worldnews"],"share_on_mastodon":{"url":"","error":"Validation failed: Text character limit of 500 exceeded"},"_links":{"self":[{"href":"https:\/\/www.europesays.com\/pt\/wp-json\/wp\/v2\/posts\/503837","targetHints":{"allow":["GET"]}}],"collection":[{"href":"https:\/\/www.europesays.com\/pt\/wp-json\/wp\/v2\/posts"}],"about":[{"href":"https:\/\/www.europesays.com\/pt\/wp-json\/wp\/v2\/types\/post"}],"author":[{"embeddable":true,"href":"https:\/\/www.europesays.com\/pt\/wp-json\/wp\/v2\/users\/2"}],"replies":[{"embeddable":true,"href":"https:\/\/www.europesays.com\/pt\/wp-json\/wp\/v2\/comments?post=503837"}],"version-history":[{"count":0,"href":"https:\/\/www.europesays.com\/pt\/wp-json\/wp\/v2\/posts\/503837\/revisions"}],"wp:featuredmedia":[{"embeddable":true,"href":"https:\/\/www.europesays.com\/pt\/wp-json\/wp\/v2\/media\/503838"}],"wp:attachment":[{"href":"https:\/\/www.europesays.com\/pt\/wp-json\/wp\/v2\/media?parent=503837"}],"wp:term":[{"taxonomy":"category","embeddable":true,"href":"https:\/\/www.europesays.com\/pt\/wp-json\/wp\/v2\/categories?post=503837"},{"taxonomy":"post_tag","embeddable":true,"href":"https:\/\/www.europesays.com\/pt\/wp-json\/wp\/v2\/tags?post=503837"}],"curies":[{"name":"wp","href":"https:\/\/api.w.org\/{rel}","templated":true}]}}