{"id":503841,"date":"2026-08-28T17:44:11","date_gmt":"2026-08-28T17:44:11","guid":{"rendered":"https:\/\/www.europesays.com\/pt\/503841\/"},"modified":"2026-08-28T17:44:11","modified_gmt":"2026-08-28T17:44:11","slug":"vencedor-do-grammy-latino-degnis-bofill-e-detido-pelo-ice-28-08-2026-voce-viu","status":"publish","type":"post","link":"https:\/\/www.europesays.com\/pt\/503841\/","title":{"rendered":"Vencedor do Grammy Latino, Degnis Bofill \u00e9 detido pelo ICE &#8211; 28\/08\/2026 &#8211; Voc\u00ea viu?"},"content":{"rendered":"<p>\n<strong class=\"c-signature__location\">S\u00e3o Paulo<\/strong>\n<\/p>\n<p>O percussionista e compositor cubano Degnis Nelson Bofill Miranda, 39, vencedor do <a href=\"https:\/\/www1.folha.uol.com.br\/folha-topicos\/grammy\/\" rel=\"nofollow noopener\" target=\"_blank\">Grammy<\/a> Latino de 2022, est\u00e1 detido por autoridades de <a href=\"https:\/\/www1.folha.uol.com.br\/folha-topicos\/imigracao\/\" rel=\"nofollow noopener\" target=\"_blank\">imigra\u00e7\u00e3o<\/a> dos <a href=\"https:\/\/www1.folha.uol.com.br\/folha-topicos\/estados-unidos\/\" rel=\"nofollow noopener\" target=\"_blank\">Estados Unidos<\/a>. Ele foi abordado por agentes do Servi\u00e7o de Imigra\u00e7\u00e3o e Alf\u00e2ndega (<a href=\"https:\/\/www1.folha.uol.com.br\/folha-topicos\/ice\/\" rel=\"nofollow noopener\" target=\"_blank\">ICE<\/a>) em 19 de agosto, no Aeroporto Internacional de Miami, ap\u00f3s retornar de compromissos profissionais em Nova York.<\/p>\n","protected":false},"excerpt":{"rendered":"S\u00e3o Paulo O percussionista e compositor cubano Degnis Nelson Bofill Miranda, 39, vencedor do Grammy Latino de 2022,&hellip;\n","protected":false},"author":2,"featured_media":503842,"comment_status":"","ping_status":"","sticky":false,"template":"","format":"standard","meta":{"footnotes":"","_share_on_mastodon":"0"},"categories":[145],"tags":[219,211,210,223,92,114,115,235,224,225,226,7844,221,220,222,80739,1865,213,32,33,218,228,227],"class_list":["post-503841","post","type-post","status-publish","format-standard","has-post-thumbnail","category-celebridades","tag-bichos","tag-celebridades","tag-celebrities","tag-colunistas","tag-donald-trump","tag-entertainment","tag-entretenimento","tag-estados-unidos","tag-estranho","tag-eu-amo","tag-fofices","tag-governo-trump","tag-horoscopo","tag-humanos","tag-humor","tag-imigrao","tag-imigrantes","tag-msica","tag-portugal","tag-pt","tag-televisao","tag-tudo","tag-videos"],"share_on_mastodon":{"url":"https:\/\/pubeurope.com\/@pt\/117174381272171716","error":""},"_links":{"self":[{"href":"https:\/\/www.europesays.com\/pt\/wp-json\/wp\/v2\/posts\/503841","targetHints":{"allow":["GET"]}}],"collection":[{"href":"https:\/\/www.europesays.com\/pt\/wp-json\/wp\/v2\/posts"}],"about":[{"href":"https:\/\/www.europesays.com\/pt\/wp-json\/wp\/v2\/types\/post"}],"author":[{"embeddable":true,"href":"https:\/\/www.europesays.com\/pt\/wp-json\/wp\/v2\/users\/2"}],"replies":[{"embeddable":true,"href":"https:\/\/www.europesays.com\/pt\/wp-json\/wp\/v2\/comments?post=503841"}],"version-history":[{"count":0,"href":"https:\/\/www.europesays.com\/pt\/wp-json\/wp\/v2\/posts\/503841\/revisions"}],"wp:featuredmedia":[{"embeddable":true,"href":"https:\/\/www.europesays.com\/pt\/wp-json\/wp\/v2\/media\/503842"}],"wp:attachment":[{"href":"https:\/\/www.europesays.com\/pt\/wp-json\/wp\/v2\/media?parent=503841"}],"wp:term":[{"taxonomy":"category","embeddable":true,"href":"https:\/\/www.europesays.com\/pt\/wp-json\/wp\/v2\/categories?post=503841"},{"taxonomy":"post_tag","embeddable":true,"href":"https:\/\/www.europesays.com\/pt\/wp-json\/wp\/v2\/tags?post=503841"}],"curies":[{"name":"wp","href":"https:\/\/api.w.org\/{rel}","templated":true}]}}