{"id":50385,"date":"2025-08-29T16:22:14","date_gmt":"2025-08-29T16:22:14","guid":{"rendered":"https:\/\/www.europesays.com\/pt\/50385\/"},"modified":"2025-08-29T16:22:14","modified_gmt":"2025-08-29T16:22:14","slug":"benfica-anuncia-acordo-com-fenerbahce-por-kerem-akturkoglu","status":"publish","type":"post","link":"https:\/\/www.europesays.com\/pt\/50385\/","title":{"rendered":"Benfica anuncia acordo com Fenerbah\u00e7e por Kerem Akturkoglu"},"content":{"rendered":"<p>O Benfica informou, esta sexta-feira, a Comiss\u00e3o do Mercado de Valores Mobili\u00e1rios, que chegou a um &#8220;princ\u00edpio de acordo com o Fenerbah\u00e7e&#8221; para a transfer\u00eancia de Kerem Akturkoglu. Em comunicado, as \u00e1guias adiantam que se trata de um valor fixo de 22,5 milh\u00f5es de euros, mais 2,5 milh\u00f5es mediante objetivos.\u00a0<\/p>\n<p>&#8220;A Sport Lisboa e Benfica \u2013 Futebol, SAD informa que chegou a um princ\u00edpio de acordo com o Fenerbah\u00e7e para a<br \/>aliena\u00e7\u00e3o dos direitos desportivos do jogador Kerem Akt\u00fcrko\u011flu&#8221;, pode ler-se na nota oficial, que prossegue.<\/p>\n<p>&#8220;O referido princ\u00edpio de acordo prev\u00ea a transfer\u00eancia a t\u00edtulo definitivo dos direitos desportivos do jogador, pelo<br \/>montante de \u20ac 22.500.000 (vinte e dois milh\u00f5es e quinhentos mil euros), acrescido de uma remunera\u00e7\u00e3o vari\u00e1vel associada a objetivos, pelo que o valor global da transfer\u00eancia poder\u00e1 atingir o montante de \u20ac 25.000.000 (vinte cinco milh\u00f5es de euros)&#8221;, esclarecem as \u00e1guias.\u00a0<\/p>\n<p>A SAD do Benfica revela ainda que j\u00e1 informou o Galatasaray &#8220;destas condi\u00e7\u00f5es, visto ter um direito de prefer\u00eancia&#8221;.\u00a0<\/p>\n<p>Assim sendo, os dois clubes j\u00e1 chegaram a um entendimento, depois de semanas de avan\u00e7os e recuos. As negocia\u00e7\u00f5es entre Benfica e Fenerbah\u00e7e parecem ter finalmente chegar a bom porto e segue-se agora a troca de documenta\u00e7\u00e3o.\u00a0<\/p>\n<p>O internacional turco dever\u00e1 viajar nas pr\u00f3ximas horas e \u00e9 esperado em Istambul ainda nesta sexta-feira, ao mesmo tempo que desfalca o Benfica na visita ao Alverca, agendada para a tarde de domingo.\u00a0<\/p>\n<p>Resolveu playoff\u00a0<\/p>\n<p>Curiosamente Kerem Akturkoglu foi o principal respons\u00e1vel por colocar o Benfica na fase de liga \u00fanica da Liga dos Campe\u00f5es, marcando o \u00fanico golo na eliminat\u00f3ria frente&#8230; ao Fenerbah\u00e7e.\u00a0<\/p>\n<p>O jogador de 26 anos j\u00e1 era desejado pelo clube turco ainda antes da sorte ditar o embate entre os dois clubes, mas s\u00f3 agora a transfer\u00eancia fica consumada.\u00a0<\/p>\n<p>No entanto, Akurkoglu n\u00e3o ir\u00e1 encontrar Jos\u00e9 Mourinho. O treinador portugu\u00eas foi despedido, na manh\u00e3 desta sexta-feira, por conta da derrota com o Benfica e a consequente aus\u00eancia na Liga dos Campe\u00f5es.\u00a0<\/p>\n<p>Lage remeteu para Rui Costa\u00a0<\/p>\n<p>Akturkoglu marcou o \u00fanico golo no Est\u00e1dio da Luz na noite da \u00faltima quarta-feira, mas surpreendeu ao festejar de forma pouco entusiasmada. Sabendo do interesse do Fenerbah\u00e7e, o jogador turco optou por apenas abra\u00e7ar os colegas e o momento seria comentado por Bruno Lage.\u00a0<\/p>\n<p>&#8220;Eu vi o banco e os adeptos a festejarem. Isso \u00e9 o mais importante. O que eu posso dizer \u00e9 que ele n\u00e3o est\u00e1 muito contente porque est\u00e1 no controlo antidoping ao inv\u00e9s de estar no balne\u00e1rio com a equipa&#8221;, atirou, entre risos, o treinador do Benfica, deixando a decis\u00e3o do futuro do jogador para&#8230; Rui Costa.\u00a0<\/p>\n<p>&#8220;At\u00e9 ao final do mercado&#8230; O que sinto \u00e9 que o Akturkoglu est\u00e1 muito feliz no Benfica. N\u00e3o sei se vai surgir mais alguma proposta por ele, ou por outro jogador. At\u00e9 final do mercado, presidente e respons\u00e1veis est\u00e3o a tratar disso e t\u00eam os dossiers em m\u00e3os&#8221;, esclareceu Bruno Lage, na sala de imprensa da Luz.\u00a0<\/p>\n<p>Feitas as contas, Akturkoglu prepara-se para deixar o Benfica com um saldo de 58 jogos, 17 golos e 11 assist\u00eancias com a camisola das \u00e1guias. Em cerca de um ano, o jogador turco venceu, em Portugal, a Ta\u00e7a da Liga e a Superta\u00e7a C\u00e2ndido de Oliveira.\u00a0<\/p>\n<p>Refira-se, ainda, que o Benfica havia investido 12 milh\u00f5es de euros na contrata\u00e7\u00e3o de Kerem Akturkoglu no \u00faltimo ver\u00e3o, que chegou oriundo do Galatasaray.\u00a0<\/p>\n<p>[Not\u00edcia atualizada \u00e0s 13h23]<\/p>\n","protected":false},"excerpt":{"rendered":"O Benfica informou, esta sexta-feira, a Comiss\u00e3o do Mercado de Valores Mobili\u00e1rios, que chegou a um &#8220;princ\u00edpio de&hellip;\n","protected":false},"author":2,"featured_media":50386,"comment_status":"","ping_status":"","sticky":false,"template":"","format":"standard","meta":{"footnotes":""},"categories":[87],"tags":[135,32,33,134],"class_list":{"0":"post-50385","1":"post","2":"type-post","3":"status-publish","4":"format-standard","5":"has-post-thumbnail","7":"category-desporto","8":"tag-desporto","9":"tag-portugal","10":"tag-pt","11":"tag-sports"},"share_on_mastodon":{"url":"","error":""},"_links":{"self":[{"href":"https:\/\/www.europesays.com\/pt\/wp-json\/wp\/v2\/posts\/50385","targetHints":{"allow":["GET"]}}],"collection":[{"href":"https:\/\/www.europesays.com\/pt\/wp-json\/wp\/v2\/posts"}],"about":[{"href":"https:\/\/www.europesays.com\/pt\/wp-json\/wp\/v2\/types\/post"}],"author":[{"embeddable":true,"href":"https:\/\/www.europesays.com\/pt\/wp-json\/wp\/v2\/users\/2"}],"replies":[{"embeddable":true,"href":"https:\/\/www.europesays.com\/pt\/wp-json\/wp\/v2\/comments?post=50385"}],"version-history":[{"count":0,"href":"https:\/\/www.europesays.com\/pt\/wp-json\/wp\/v2\/posts\/50385\/revisions"}],"wp:featuredmedia":[{"embeddable":true,"href":"https:\/\/www.europesays.com\/pt\/wp-json\/wp\/v2\/media\/50386"}],"wp:attachment":[{"href":"https:\/\/www.europesays.com\/pt\/wp-json\/wp\/v2\/media?parent=50385"}],"wp:term":[{"taxonomy":"category","embeddable":true,"href":"https:\/\/www.europesays.com\/pt\/wp-json\/wp\/v2\/categories?post=50385"},{"taxonomy":"post_tag","embeddable":true,"href":"https:\/\/www.europesays.com\/pt\/wp-json\/wp\/v2\/tags?post=50385"}],"curies":[{"name":"wp","href":"https:\/\/api.w.org\/{rel}","templated":true}]}}