{"id":503851,"date":"2026-08-28T17:55:18","date_gmt":"2026-08-28T17:55:18","guid":{"rendered":"https:\/\/www.europesays.com\/pt\/503851\/"},"modified":"2026-08-28T17:55:18","modified_gmt":"2026-08-28T17:55:18","slug":"entra-e-sai-diplomatico-em-teerao-abre-porta-para-negociacoes","status":"publish","type":"post","link":"https:\/\/www.europesays.com\/pt\/503851\/","title":{"rendered":"Entra-e-sai diplom\u00e1tico em Teer\u00e3o abre porta para negocia\u00e7\u00f5es"},"content":{"rendered":"<p>O xeque Al Thani do Qatar e o presidente Pezeshkian do Ir\u00e3o.EPA\/GABINETE DA PRESID\u00caNCIA DO IR\u00c3O<\/p>\n<p><a class=\"arrow-component arr--section-name\" aria-label=\"section-name\" href=\"https:\/\/www.dn.pt\/internacional\" rel=\"nofollow noopener\" target=\"_blank\">Internacional<\/a><\/p>\n<p>O primeiro-ministro e MNE do Qatar reuniu-se com figuras gradas do regime para dar  um renovado impulso ao caminho das conversa\u00e7\u00f5es. Washington menoriza desenvolvimentos.<\/p>\n<p>Publicado a:\u00a0<\/p>\n<p>28 Ago 2026, 07:57<\/p>\n<p>Atualizado a:\u00a0<\/p>\n<p>28 Ago 2026, 07:57<\/p>\n<p>Loading content, please wait&#8230;<\/p>\n","protected":false},"excerpt":{"rendered":"O xeque Al Thani do Qatar e o presidente Pezeshkian do Ir\u00e3o.EPA\/GABINETE DA PRESID\u00caNCIA DO IR\u00c3O Internacional O&hellip;\n","protected":false},"author":2,"featured_media":503852,"comment_status":"","ping_status":"","sticky":false,"template":"","format":"standard","meta":{"footnotes":"","_share_on_mastodon":"0"},"categories":[50],"tags":[80742,27,28,7191,80743,52126,80744,52306,15,16,14,14667,5453,259,25,26,80741,21,22,62,74874,12,13,19,20,36294,4119,23,24,8687,80740,17,18,29,30,31,63,64,65],"class_list":["post-503851","post","type-post","status-publish","format-standard","has-post-thumbnail","category-mundo","tag-bloqueio-norte-americano","tag-breaking-news","tag-breakingnews","tag-cisjordania","tag-colonatos-israelitas","tag-crise-no-medio-oriente","tag-embargo-economico","tag-estreito-de-ormuz","tag-featured-news","tag-featurednews","tag-headlines","tag-hezbollah","tag-irao","tag-israel","tag-latest-news","tag-latestnews","tag-liberdade-de-navegacao","tag-main-news","tag-mainnews","tag-mundo","tag-negociacoes-diplomaticas","tag-news","tag-noticias","tag-noticias-principais","tag-noticiasprincipais","tag-oma","tag-paquistao","tag-principais-noticias","tag-principaisnoticias","tag-qatar","tag-tensoes-no-golfo","tag-top-stories","tag-topstories","tag-ultimas","tag-ultimas-noticias","tag-ultimasnoticias","tag-world","tag-world-news","tag-worldnews"],"share_on_mastodon":{"url":"","error":"Validation failed: Text character limit of 500 exceeded"},"_links":{"self":[{"href":"https:\/\/www.europesays.com\/pt\/wp-json\/wp\/v2\/posts\/503851","targetHints":{"allow":["GET"]}}],"collection":[{"href":"https:\/\/www.europesays.com\/pt\/wp-json\/wp\/v2\/posts"}],"about":[{"href":"https:\/\/www.europesays.com\/pt\/wp-json\/wp\/v2\/types\/post"}],"author":[{"embeddable":true,"href":"https:\/\/www.europesays.com\/pt\/wp-json\/wp\/v2\/users\/2"}],"replies":[{"embeddable":true,"href":"https:\/\/www.europesays.com\/pt\/wp-json\/wp\/v2\/comments?post=503851"}],"version-history":[{"count":0,"href":"https:\/\/www.europesays.com\/pt\/wp-json\/wp\/v2\/posts\/503851\/revisions"}],"wp:featuredmedia":[{"embeddable":true,"href":"https:\/\/www.europesays.com\/pt\/wp-json\/wp\/v2\/media\/503852"}],"wp:attachment":[{"href":"https:\/\/www.europesays.com\/pt\/wp-json\/wp\/v2\/media?parent=503851"}],"wp:term":[{"taxonomy":"category","embeddable":true,"href":"https:\/\/www.europesays.com\/pt\/wp-json\/wp\/v2\/categories?post=503851"},{"taxonomy":"post_tag","embeddable":true,"href":"https:\/\/www.europesays.com\/pt\/wp-json\/wp\/v2\/tags?post=503851"}],"curies":[{"name":"wp","href":"https:\/\/api.w.org\/{rel}","templated":true}]}}