{"id":503853,"date":"2026-08-28T17:58:15","date_gmt":"2026-08-28T17:58:15","guid":{"rendered":"https:\/\/www.europesays.com\/pt\/503853\/"},"modified":"2026-08-28T17:58:15","modified_gmt":"2026-08-28T17:58:15","slug":"sonia-jesus-revela-como-conseguiu-perdoar-vito","status":"publish","type":"post","link":"https:\/\/www.europesays.com\/pt\/503853\/","title":{"rendered":"S\u00f3nia Jesus revela como conseguiu perdoar Vit\u00f3"},"content":{"rendered":"<p><a target=\"_blank\" rel=\"noopener noreferrer nofollow\" href=\"https:\/\/selfie.iol.pt\/famosos\/sonia-jesus\/sonia-jesus-tem-uma-certeza-mas-admite-nao-descarto-a-possibilidade\/20260822\/6a86142cd34ed0733ba80bcc\">S\u00f3nia Jesus<\/a> esteve na CMTV para falar sobre a import\u00e2ncia que a f\u00e9 passou a ter na vida da ex-concorrente do &#8220;<a target=\"_blank\" rel=\"noopener noreferrer nofollow\" href=\"https:\/\/tvi.iol.pt\/bigbrother\/\">Big Brother<\/a>&#8220;.<\/p>\n<p>A conversa acabou tamb\u00e9m por abordar um dos per\u00edodos mais dif\u00edceis que S\u00f3nia Jesus atravessou: a deten\u00e7\u00e3o de Vit\u00f3, antigo companheiro e pai dos tr\u00eas filhos da empres\u00e1ria.<\/p>\n<p>Foi precisamente nessa fase, quando estava gr\u00e1vida e com duas filhas, que <a target=\"_blank\" rel=\"noopener noreferrer nofollow\" href=\"https:\/\/selfie.iol.pt\/famosos\/big-brother\/fora-de-portugal-sonia-jesus-sorri-com-companhia-especial-e-vito-reage-assim\/20260802\/6a6fa811d34ed0733ba7dc56\">S\u00f3nia Jesus<\/a> se aproximou da religi\u00e3o. Com o apoio do pastor, iniciou um processo de perd\u00e3o que, admite, foi fundamental para conseguir ultrapassar as m\u00e1goas: &#8220;O pastor disse: &#8216;O que vai no teu cora\u00e7\u00e3o? J\u00e1 pensaste em perdoar? Comece a perdoar&#8217;.&#8221;<\/p>\n<p>Anos depois, garante que a rela\u00e7\u00e3o com Vit\u00f3 \u00e9 atualmente marcada pelo respeito e pela proximidade: &#8220;Hoje, tenho uma rela\u00e7\u00e3o incr\u00edvel com o Vit\u00f3.&#8221;<\/p>\n<p>A empres\u00e1ria n\u00e3o escondeu, ali\u00e1s, que os dois continuam a conviver com naturalidade: &#8220;Se tiver que fazer qualquer coisa, se tiver que ir fazer isto ou aquilo, e o Vit\u00f3 estiver comigo, ele est\u00e1 comigo. Ele at\u00e9 esteve na minha loja.&#8221;<\/p>\n<p>Questionada sobre uma eventual reconcilia\u00e7\u00e3o amorosa, <a target=\"_blank\" rel=\"noopener noreferrer nofollow\" href=\"https:\/\/selfie.iol.pt\/famosos\/big-brother\/em-biquini-e-com-homem-especial-entre-nas-ferias-de-sonho-de-sonia-jesus\/20260729\/6a6a19ec0cf2f6a1a1e72593\">S\u00f3nia Jesus<\/a> assegurou: &#8220;Se tivesse que perdoar e restaurar o meu casamento, era a primeira a admitir.&#8221;<\/p>\n<p>Apesar dos rumores, a empres\u00e1ria parece ter encontrado um novo equil\u00edbrio na rela\u00e7\u00e3o com o pai dos filhos, elogiando Vit\u00f3 por ser &#8220;um pai presente&#8221;.<\/p>\n","protected":false},"excerpt":{"rendered":"S\u00f3nia Jesus esteve na CMTV para falar sobre a import\u00e2ncia que a f\u00e9 passou a ter na vida&hellip;\n","protected":false},"author":2,"featured_media":503854,"comment_status":"","ping_status":"","sticky":false,"template":"","format":"standard","meta":{"footnotes":"","_share_on_mastodon":"0"},"categories":[145],"tags":[48,211,210,114,115,980,619,32,33,1014,1012,20528,23668],"class_list":["post-503853","post","type-post","status-publish","format-standard","has-post-thumbnail","category-celebridades","tag-big-brother","tag-celebridades","tag-celebrities","tag-entertainment","tag-entretenimento","tag-famosos","tag-nacional","tag-portugal","tag-pt","tag-reality-show","tag-selfie","tag-sonia-jesus","tag-vito"],"share_on_mastodon":{"url":"https:\/\/pubeurope.com\/@pt\/117174436083771026","error":""},"_links":{"self":[{"href":"https:\/\/www.europesays.com\/pt\/wp-json\/wp\/v2\/posts\/503853","targetHints":{"allow":["GET"]}}],"collection":[{"href":"https:\/\/www.europesays.com\/pt\/wp-json\/wp\/v2\/posts"}],"about":[{"href":"https:\/\/www.europesays.com\/pt\/wp-json\/wp\/v2\/types\/post"}],"author":[{"embeddable":true,"href":"https:\/\/www.europesays.com\/pt\/wp-json\/wp\/v2\/users\/2"}],"replies":[{"embeddable":true,"href":"https:\/\/www.europesays.com\/pt\/wp-json\/wp\/v2\/comments?post=503853"}],"version-history":[{"count":0,"href":"https:\/\/www.europesays.com\/pt\/wp-json\/wp\/v2\/posts\/503853\/revisions"}],"wp:featuredmedia":[{"embeddable":true,"href":"https:\/\/www.europesays.com\/pt\/wp-json\/wp\/v2\/media\/503854"}],"wp:attachment":[{"href":"https:\/\/www.europesays.com\/pt\/wp-json\/wp\/v2\/media?parent=503853"}],"wp:term":[{"taxonomy":"category","embeddable":true,"href":"https:\/\/www.europesays.com\/pt\/wp-json\/wp\/v2\/categories?post=503853"},{"taxonomy":"post_tag","embeddable":true,"href":"https:\/\/www.europesays.com\/pt\/wp-json\/wp\/v2\/tags?post=503853"}],"curies":[{"name":"wp","href":"https:\/\/api.w.org\/{rel}","templated":true}]}}