{"id":503871,"date":"2026-08-28T18:15:38","date_gmt":"2026-08-28T18:15:38","guid":{"rendered":"https:\/\/www.europesays.com\/pt\/503871\/"},"modified":"2026-08-28T18:15:38","modified_gmt":"2026-08-28T18:15:38","slug":"globo-adota-estrategia-pesada-contra-vazamentos-nos-bastidores-de-avenida-brasil-2","status":"publish","type":"post","link":"https:\/\/www.europesays.com\/pt\/503871\/","title":{"rendered":"Globo adota estrat\u00e9gia pesada contra vazamentos nos bastidores de &#8216;Avenida Brasil 2&#8217;"},"content":{"rendered":"\n<p class=\" content-text__container theme-color-primary-first-letter\" data-track-category=\"Link no Texto\" data-track-links=\"\"> A Globo adotou uma estrat\u00e9gia pesada contra vazamentos nos bastidores de \u201c<a class=\"\" href=\"https:\/\/oglobo.globo.com\/tudo-sobre\/novela\/avenida-brasil\" rel=\"nofollow noopener\" target=\"_blank\">Avenida Brasil<\/a> 2\u201d. Fala-se at\u00e9 em desligamentos nas equipes caso haja quebra do sigilo. O elenco tamb\u00e9m recebeu um alerta enf\u00e1tico via e-mail. <\/p>\n<p>  Continuar Lendo  <\/p>\n<p>     Veja quem s\u00e3o os atores que estar\u00e3o no remake turco de &#8216;Avenida Brasil&#8217;           <img decoding=\"async\" id=\"image-id-tumb-ef08a2ea-8214-4a47-9506-e6dd90647bd5\" alt=\"Cemre Baysel ser\u00e1 Leyla\/Leylim, que na vers\u00e3o brasileira era a Rita\/Nina (D\u00e9bora Falabella) \u2014 Foto: Reprodu\u00e7\u00e3o\" src=\"https:\/\/www.europesays.com\/pt\/wp-content\/uploads\/2026\/08\/1787940921_295_dedf4ca6-2383-43bb-a315-7bc071fe5253.jpg\" loading=\"lazy\" height=\"675\" width=\"1200\" data-posicao=\"1\" role=\"button\" tabindex=\"0\"\/>    <img decoding=\"async\" id=\"image-id-ef08a2ea-8214-4a47-9506-e6dd90647bd5\" class=\"gallery-photo\" alt=\"Cemre Baysel ser\u00e1 Leyla\/Leylim, que na vers\u00e3o brasileira era a Rita\/Nina (D\u00e9bora Falabella) \u2014 Foto: Reprodu\u00e7\u00e3o\" src=\"https:\/\/www.europesays.com\/pt\/wp-content\/uploads\/2026\/08\/1787940922_561_dedf4ca6-2383-43bb-a315-7bc071fe5253.jpg\" loading=\"lazy\" height=\"675\" width=\"1200\"\/>  <\/p>\n<p> 1 de 12 <br \/>&#13;Cemre Baysel ser\u00e1 Leyla\/Leylim, que na vers\u00e3o brasileira era a Rita\/Nina (D\u00e9bora Falabella) \u2014 Foto: Reprodu\u00e7\u00e3o <\/p>\n<p>     <img decoding=\"async\" id=\"image-id-tumb-9afacead-2972-4f6a-a742-7363e577d595\" alt=\"Gonca Vuslateri ser\u00e1 Nur, que na ver\u00e3o original brasileira \u00e9 a ic\u00f4nica vil\u00e3 Carminha (Adriana Esteves) \u2014 Foto: Reprodu\u00e7\u00e3o\" src=\"https:\/\/www.europesays.com\/pt\/wp-content\/uploads\/2026\/08\/1787940923_996_a6778afb-7441-4be2-9684-8a725985276e.jpg\" loading=\"lazy\" height=\"675\" width=\"1200\" data-posicao=\"2\" role=\"button\" tabindex=\"0\"\/>    <img decoding=\"async\" id=\"image-id-9afacead-2972-4f6a-a742-7363e577d595\" class=\"gallery-photo\" alt=\"Gonca Vuslateri ser\u00e1 Nur, que na ver\u00e3o original brasileira \u00e9 a ic\u00f4nica vil\u00e3 Carminha (Adriana Esteves) \u2014 Foto: Reprodu\u00e7\u00e3o\" src=\"https:\/\/www.europesays.com\/pt\/wp-content\/uploads\/2026\/08\/1787940925_92_a6778afb-7441-4be2-9684-8a725985276e.jpg\" loading=\"lazy\" height=\"675\" width=\"1200\"\/>  <\/p>\n<p> 2 de 12 <br \/>&#13;Gonca Vuslateri ser\u00e1 Nur, que na ver\u00e3o original brasileira \u00e9 a ic\u00f4nica vil\u00e3 Carminha (Adriana Esteves) \u2014 Foto: Reprodu\u00e7\u00e3o <\/p>\n<p>     Pular    <\/p>\n<p> X de 12 <br \/>Publicidade <\/p>\n<p>      <img decoding=\"async\" id=\"image-id-tumb-fed5de69-c4cd-4197-b5dd-0b8738d27dfe\" alt=\"Alperen Duymaz ser\u00e1 Civan, a vers\u00e3o turca de Jorginho (Cau\u00e3 Reymond) \u2014 Foto: Reprodu\u00e7\u00e3o\" src=\"https:\/\/www.europesays.com\/pt\/wp-content\/uploads\/2026\/08\/1787940926_3_69400421-f0d7-40e7-97a4-9bac780d7263.jpg\" loading=\"lazy\" height=\"675\" width=\"1200\" data-posicao=\"3\" role=\"button\" tabindex=\"0\"\/>    <img decoding=\"async\" id=\"image-id-fed5de69-c4cd-4197-b5dd-0b8738d27dfe\" class=\"gallery-photo\" alt=\"Alperen Duymaz ser\u00e1 Civan, a vers\u00e3o turca de Jorginho (Cau\u00e3 Reymond) \u2014 Foto: Reprodu\u00e7\u00e3o\" src=\"https:\/\/www.europesays.com\/pt\/wp-content\/uploads\/2026\/08\/1787940927_359_69400421-f0d7-40e7-97a4-9bac780d7263.jpg\" loading=\"lazy\" height=\"675\" width=\"1200\"\/>  <\/p>\n<p> 3 de 12 <br \/>&#13;Alperen Duymaz ser\u00e1 Civan, a vers\u00e3o turca de Jorginho (Cau\u00e3 Reymond) \u2014 Foto: Reprodu\u00e7\u00e3o <\/p>\n<p>      <img decoding=\"async\" id=\"image-id-68c7da8a-b8d6-4612-8a52-85075f17dc3b\" class=\"gallery-photo\" alt=\"Halil \u0130brahim Ceyhan ser\u00e1 Tufo, que na vers\u00e3o original \u00e9 o Tuf\u00e3o (Murilo Ben\u00edcio) \u2014 Foto: Reprodu\u00e7\u00e3o\" src=\"https:\/\/www.europesays.com\/pt\/wp-content\/uploads\/2026\/08\/1787940928_958_8811a1f9-a482-4ea9-8f3c-3339e460d543.jpg\" loading=\"lazy\" height=\"675\" width=\"1200\"\/>  <\/p>\n<p> 4 de 12 <br \/>&#13;Halil \u0130brahim Ceyhan ser\u00e1 Tufo, que na vers\u00e3o original \u00e9 o Tuf\u00e3o (Murilo Ben\u00edcio) \u2014 Foto: Reprodu\u00e7\u00e3o <\/p>\n<p>     Pular    <\/p>\n<p> X de 12 <br \/>Publicidade <\/p>\n<p>      <img decoding=\"async\" id=\"image-id-5d14c16b-c1bc-4948-9e24-022de545c856\" class=\"gallery-photo\" alt=\"Yi\u011fit Kirazc\u0131 ser\u00e1 o personagem Max, comparsa de Carminha, que na vers\u00e3o brasileira foi interpretado por Marcello Novaes \u2014 Foto: Reprodu\u00e7\u00e3o\" src=\"https:\/\/www.europesays.com\/pt\/wp-content\/uploads\/2026\/08\/1787940929_341_a75ff5b7-4cf8-4fbb-aa1b-1d222a925142.jpg\" loading=\"lazy\" height=\"675\" width=\"1200\"\/>  <\/p>\n<p> 5 de 12 <br \/>&#13;Yi\u011fit Kirazc\u0131 ser\u00e1 o personagem Max, comparsa de Carminha, que na vers\u00e3o brasileira foi interpretado por Marcello Novaes \u2014 Foto: Reprodu\u00e7\u00e3o <\/p>\n<p>      <img decoding=\"async\" id=\"image-id-3d08c047-d6a8-436c-8a6e-d97d70ac44f0\" class=\"gallery-photo\" alt=\"Cengiz Bozkurt ser\u00e1 Selman, o Leleco (Marcos Caruso) da vers\u00e3o brasileira \u2014 Foto: Reprodu\u00e7\u00e3o\" src=\"https:\/\/www.europesays.com\/pt\/wp-content\/uploads\/2026\/08\/1787940931_450_e604c3f7-bb42-4f08-949b-08c5e335c699.jpg\" loading=\"lazy\" height=\"675\" width=\"1200\"\/>  <\/p>\n<p> 6 de 12 <br \/>&#13;Cengiz Bozkurt ser\u00e1 Selman, o Leleco (Marcos Caruso) da vers\u00e3o brasileira \u2014 Foto: Reprodu\u00e7\u00e3o <\/p>\n<p>     Pular    <\/p>\n<p> X de 12 <br \/>Publicidade <\/p>\n<p>      <img decoding=\"async\" id=\"image-id-2632f5e3-f96b-435a-b6af-656df63e97f1\" class=\"gallery-photo\" alt=\"Meltem Baytok ser\u00e1 Hatice, que no Brasil se chamava Muricy (Eliane Giardini) \u2014 Foto: Reprodu\u00e7\u00e3o\" src=\"https:\/\/www.europesays.com\/pt\/wp-content\/uploads\/2026\/08\/1787940932_302_bdb48afb-141a-48a9-b96e-1bab231fe1fe.jpg\" loading=\"lazy\" height=\"675\" width=\"1200\"\/>  <\/p>\n<p> 7 de 12 <br \/>&#13;Meltem Baytok ser\u00e1 Hatice, que no Brasil se chamava Muricy (Eliane Giardini) \u2014 Foto: Reprodu\u00e7\u00e3o <\/p>\n<p>      <img decoding=\"async\" id=\"image-id-baa42eff-5113-4060-9c62-aa65cfccf6e9\" class=\"gallery-photo\" alt=\"Zeyno Eracar ser\u00e1 G\u00fczide, vers\u00e3o turca da M\u00e3e Lucinda (Vera Holtz) \u2014 Foto: Reprodu\u00e7\u00e3o\" src=\"https:\/\/www.europesays.com\/pt\/wp-content\/uploads\/2026\/08\/1787940933_638_a6b93276-12b7-47e7-87a5-27e0fd2d3338.jpg\" loading=\"lazy\" height=\"675\" width=\"1200\"\/>  <\/p>\n<p> 8 de 12 <br \/>&#13;Zeyno Eracar ser\u00e1 G\u00fczide, vers\u00e3o turca da M\u00e3e Lucinda (Vera Holtz) \u2014 Foto: Reprodu\u00e7\u00e3o <\/p>\n<p>     Pular    <\/p>\n<p> X de 12 <br \/>Publicidade <\/p>\n<p>      <img decoding=\"async\" id=\"image-id-6f78ef2a-a96e-4de8-81f4-651edbbc1487\" class=\"gallery-photo\" alt=\"Gamze Karaduman ser\u00e1 Ferda, vers\u00e3o turca de Ivana (Leticia Isnard) \u2014 Foto: Reprodu\u00e7\u00e3o\" src=\"https:\/\/www.europesays.com\/pt\/wp-content\/uploads\/2026\/08\/1787940934_464_3ca3dc57-6c3a-430d-8a73-e105354f7a31.jpg\" loading=\"lazy\" height=\"675\" width=\"1200\"\/>  <\/p>\n<p> 9 de 12 <br \/>&#13;Gamze Karaduman ser\u00e1 Ferda, vers\u00e3o turca de Ivana (Leticia Isnard) \u2014 Foto: Reprodu\u00e7\u00e3o <\/p>\n<p>      <img decoding=\"async\" id=\"image-id-a04e125c-cff6-4c93-842b-d44e97cb1c3d\" class=\"gallery-photo\" alt=\"Dilara Aks\u00fcyek interpretar\u00e1 Serap, a Monalisa (Heloisa P\u00e9riss\u00e9) \u2014 Foto: Reprodu\u00e7\u00e3o\" src=\"https:\/\/www.europesays.com\/pt\/wp-content\/uploads\/2026\/08\/1787940935_375_036752c0-1add-4a99-a6ca-d918914ef0fd.jpg\" loading=\"lazy\" height=\"675\" width=\"1200\"\/>  <\/p>\n<p> 10 de 12 <br \/>&#13;Dilara Aks\u00fcyek interpretar\u00e1 Serap, a Monalisa (Heloisa P\u00e9riss\u00e9) \u2014 Foto: Reprodu\u00e7\u00e3o <\/p>\n<p>     Pular    <\/p>\n<p> X de 12 <br \/>Publicidade <\/p>\n<p>      <img decoding=\"async\" id=\"image-id-2d0dfa3b-80a2-410e-bd83-8838629a1bb6\" class=\"gallery-photo\" alt=\"Mustafa Avk\u0131ran ser\u00e1 Neco, a vers\u00e3o turca de Nilo (Jos\u00e9 de Abreu) \u2014 Foto: Reprodu\u00e7\u00e3o\" src=\"https:\/\/www.europesays.com\/pt\/wp-content\/uploads\/2026\/08\/1787940937_442_4c6a575b-de8f-4fd5-80e1-0a8aac8d7db2.jpg\" loading=\"lazy\" height=\"675\" width=\"1200\"\/>  <\/p>\n<p> 11 de 12 <br \/>&#13;Mustafa Avk\u0131ran ser\u00e1 Neco, a vers\u00e3o turca de Nilo (Jos\u00e9 de Abreu) \u2014 Foto: Reprodu\u00e7\u00e3o <\/p>\n<p>      <img decoding=\"async\" id=\"image-id-0fc5aa1d-e1ed-46b8-9b2c-504ec758ab76\" class=\"gallery-photo\" alt=\"Melisa Duru \u00dcnal ser\u00e1 Leyla\/Leylim na inf\u00e2ncia. Na vers\u00e3o brasileira, Mel Maia interpretou Rita\/Nina na inf\u00e2ncia \u2014 Foto: Reprodu\u00e7\u00e3o\" src=\"https:\/\/www.europesays.com\/pt\/wp-content\/uploads\/2026\/08\/1787940938_400_1a71c818-cf7f-4c26-8a0b-0afa28d3a4fb.jpg\" loading=\"lazy\" height=\"675\" width=\"1200\"\/>  <\/p>\n<p> 12 de 12 <br \/>&#13;Melisa Duru \u00dcnal ser\u00e1 Leyla\/Leylim na inf\u00e2ncia. Na vers\u00e3o brasileira, Mel Maia interpretou Rita\/Nina na inf\u00e2ncia \u2014 Foto: Reprodu\u00e7\u00e3o <\/p>\n<p>     Pular    <\/p>\n<p> X de 12 <br \/>Publicidade <\/p>\n<p>Novela de Jo\u00e3o Emanuel Carneiro ganhar\u00e1 uma vers\u00e3o turca<\/p>\n","protected":false},"excerpt":{"rendered":"A Globo adotou uma estrat\u00e9gia pesada contra vazamentos nos bastidores de \u201cAvenida Brasil 2\u201d. Fala-se at\u00e9 em desligamentos&hellip;\n","protected":false},"author":2,"featured_media":503872,"comment_status":"","ping_status":"","sticky":false,"template":"","format":"standard","meta":{"footnotes":"","_share_on_mastodon":"0"},"categories":[142],"tags":[18415,73489,114,115,3179,31719,37926,3891,6111,32,33,679,77483,151,2323,72028],"class_list":["post-503871","post","type-post","status-publish","format-standard","has-post-thumbnail","category-tv","tag-avenida-brasil","tag-eliane-giardini","tag-entertainment","tag-entretenimento","tag-globoplay","tag-jessica-ellen","tag-joao-emanuel-carneiro","tag-marcos-caruso","tag-plataforma-digital-de-streaming-de-videos-e-audios-sob-demanda-do-grupo-globo","tag-portugal","tag-pt","tag-reportagem","tag-travessia","tag-tv","tag-tv-globo","tag-vincent-villari"],"share_on_mastodon":{"url":"https:\/\/pubeurope.com\/@pt\/117174504364160972","error":""},"_links":{"self":[{"href":"https:\/\/www.europesays.com\/pt\/wp-json\/wp\/v2\/posts\/503871","targetHints":{"allow":["GET"]}}],"collection":[{"href":"https:\/\/www.europesays.com\/pt\/wp-json\/wp\/v2\/posts"}],"about":[{"href":"https:\/\/www.europesays.com\/pt\/wp-json\/wp\/v2\/types\/post"}],"author":[{"embeddable":true,"href":"https:\/\/www.europesays.com\/pt\/wp-json\/wp\/v2\/users\/2"}],"replies":[{"embeddable":true,"href":"https:\/\/www.europesays.com\/pt\/wp-json\/wp\/v2\/comments?post=503871"}],"version-history":[{"count":0,"href":"https:\/\/www.europesays.com\/pt\/wp-json\/wp\/v2\/posts\/503871\/revisions"}],"wp:featuredmedia":[{"embeddable":true,"href":"https:\/\/www.europesays.com\/pt\/wp-json\/wp\/v2\/media\/503872"}],"wp:attachment":[{"href":"https:\/\/www.europesays.com\/pt\/wp-json\/wp\/v2\/media?parent=503871"}],"wp:term":[{"taxonomy":"category","embeddable":true,"href":"https:\/\/www.europesays.com\/pt\/wp-json\/wp\/v2\/categories?post=503871"},{"taxonomy":"post_tag","embeddable":true,"href":"https:\/\/www.europesays.com\/pt\/wp-json\/wp\/v2\/tags?post=503871"}],"curies":[{"name":"wp","href":"https:\/\/api.w.org\/{rel}","templated":true}]}}