{"id":5039,"date":"2025-07-28T08:51:22","date_gmt":"2025-07-28T08:51:22","guid":{"rendered":"https:\/\/www.europesays.com\/pt\/5039\/"},"modified":"2025-07-28T08:51:22","modified_gmt":"2025-07-28T08:51:22","slug":"sbt-marca-estreia-de-programa-com-filho-de-faustao-veja-27-07-2025-outro-canal","status":"publish","type":"post","link":"https:\/\/www.europesays.com\/pt\/5039\/","title":{"rendered":"SBT marca estreia de programa com filho de Faust\u00e3o; veja &#8211; 27\/07\/2025 &#8211; Outro Canal"},"content":{"rendered":"<p>\n<strong class=\"c-signature__location\">Aracaju <\/strong>\n<\/p>\n<p>O <a href=\"https:\/\/www1.folha.uol.com.br\/folha-topicos\/sbt\/\" rel=\"nofollow noopener\" target=\"_blank\">SBT<\/a> marcou a estreia do Programa do Jo\u00e3o, atra\u00e7\u00e3o que ser\u00e1 comandada por Jo\u00e3o Silva, filho do apresentador <a href=\"https:\/\/www1.folha.uol.com.br\/folha-topicos\/faustao\/\" rel=\"nofollow noopener\" target=\"_blank\">Faust\u00e3o<\/a>. A atra\u00e7\u00e3o vai ao ar a partir do dia 9 de agosto, \u00e0s 23h45, logo ap\u00f3s o Sabadou com Virginia Fonseca.<\/p>\n<p>O fato foi confirmado por Jo\u00e3o no Domingo Legal, apresentado por Celso Portiolli. &#8220;Obrigado por esse espa\u00e7o para falar do programa, Celso. Estamos bem empolgados&#8221;, disse Jo\u00e3o.<\/p>\n<p>Jo\u00e3o Silva j\u00e1 come\u00e7ou a gravar sua atra\u00e7\u00e3o. O t\u00edtulo ser\u00e1 o mesmo do programa que comandava na <a href=\"https:\/\/www1.folha.uol.com.br\/folha-topicos\/band\/\" rel=\"nofollow noopener\" target=\"_blank\">Band<\/a>: Programa do Jo\u00e3o.<\/p>\n<p><a href=\"https:\/\/f5.folha.uol.com.br\/colunistas\/outro-canal\/2025\/07\/faustao-deve-participar-da-estreia-do-programa-do-filho-joao-silva-no-sbt.shtml\" rel=\"nofollow noopener\" target=\"\">Al\u00e9m de querer contar com Faust\u00e3o, seu pr\u00f3prio pai,<\/a> o jovem gravou entrevista com <a href=\"https:\/\/www1.folha.uol.com.br\/folha-topicos\/carlos-alberto-de-nobrega\/\" rel=\"nofollow noopener\" target=\"_blank\">Carlos Alberto de N\u00f3brega<\/a>. O principal nome do humor\u00edstico A Pra\u00e7a \u00e9 Nossa ser\u00e1 uma das atra\u00e7\u00f5es de seu in\u00edcio de trajet\u00f3ria no SBT.<\/p>\n<p>No SBT, Jo\u00e3o ter\u00e1 mais uma chance de provar seu valor como apresentador. Na Band, seu programa nunca passou de dois pontos de audi\u00eancia, especialmente <a href=\"https:\/\/f5.folha.uol.com.br\/televisao\/2024\/06\/filho-de-faustao-segue-passos-do-pai-e-entra-na-guerra-dos-domingos-pela-band.shtml\" rel=\"nofollow noopener\" target=\"_blank\">desde que foi para os domingos<\/a>, em setembro de 2024.<\/p>\n<p>Sua m\u00e9dia na Band <a href=\"https:\/\/f5.folha.uol.com.br\/colunistas\/outro-canal\/2025\/02\/filho-de-faustao-perde-audiencia-em-2025-e-fica-proximo-do-zero-na-band.shtml\" rel=\"nofollow noopener\" target=\"_blank\">foi de 0,5 ponto em 2025<\/a>. Entre setembro e dezembro de 2024, j\u00e1 aos domingos, Jo\u00e3o tinha m\u00e9dias de 0,7 ponto. Aos s\u00e1bados, ele alcan\u00e7ava 1,2 ponto.<\/p>\n<p>  <a href=\"https:\/\/f5.folha.uol.com.br\/colunistas\/outro-canal\/\" rel=\"nofollow noopener\" target=\"_blank\"><br \/>\n    <img decoding=\"async\" src=\"https:\/\/www.europesays.com\/pt\/wp-content\/uploads\/2025\/07\/172599691166e09f6f54fe2_1725996911_1x1_xs.jpg\" alt=\"Foto de Outro Canal\" class=\"img-responsive c-lazyload\"\/><\/p>\n<p>  <\/a><\/p>\n<p class=\"author__description\">\n    Cobre diariamente os bastidores das novelas, do telejornalismo e da m\u00eddia esportiva. Tem como titular o jornalista Gabriel Vaquer\n  <\/p>\n","protected":false},"excerpt":{"rendered":"Aracaju O SBT marcou a estreia do Programa do Jo\u00e3o, atra\u00e7\u00e3o que ser\u00e1 comandada por Jo\u00e3o Silva, filho&hellip;\n","protected":false},"author":2,"featured_media":5040,"comment_status":"","ping_status":"","sticky":false,"template":"","format":"standard","meta":{"footnotes":""},"categories":[145],"tags":[1391,219,211,210,223,2866,114,115,224,225,2869,226,221,220,222,2868,32,33,2867,936,2566,218,228,227],"class_list":{"0":"post-5039","1":"post","2":"type-post","3":"status-publish","4":"format-standard","5":"has-post-thumbnail","7":"category-celebridades","8":"tag-band","9":"tag-bichos","10":"tag-celebridades","11":"tag-celebrities","12":"tag-colunistas","13":"tag-emissora-de-televiso","14":"tag-entertainment","15":"tag-entretenimento","16":"tag-estranho","17":"tag-eu-amo","18":"tag-fausto","19":"tag-fofices","20":"tag-horoscopo","21":"tag-humanos","22":"tag-humor","23":"tag-joo-silva","24":"tag-portugal","25":"tag-pt","26":"tag-rede-bandeirantes","27":"tag-sbt","28":"tag-televiso","29":"tag-televisao","30":"tag-tudo","31":"tag-videos"},"share_on_mastodon":{"url":"","error":""},"_links":{"self":[{"href":"https:\/\/www.europesays.com\/pt\/wp-json\/wp\/v2\/posts\/5039","targetHints":{"allow":["GET"]}}],"collection":[{"href":"https:\/\/www.europesays.com\/pt\/wp-json\/wp\/v2\/posts"}],"about":[{"href":"https:\/\/www.europesays.com\/pt\/wp-json\/wp\/v2\/types\/post"}],"author":[{"embeddable":true,"href":"https:\/\/www.europesays.com\/pt\/wp-json\/wp\/v2\/users\/2"}],"replies":[{"embeddable":true,"href":"https:\/\/www.europesays.com\/pt\/wp-json\/wp\/v2\/comments?post=5039"}],"version-history":[{"count":0,"href":"https:\/\/www.europesays.com\/pt\/wp-json\/wp\/v2\/posts\/5039\/revisions"}],"wp:featuredmedia":[{"embeddable":true,"href":"https:\/\/www.europesays.com\/pt\/wp-json\/wp\/v2\/media\/5040"}],"wp:attachment":[{"href":"https:\/\/www.europesays.com\/pt\/wp-json\/wp\/v2\/media?parent=5039"}],"wp:term":[{"taxonomy":"category","embeddable":true,"href":"https:\/\/www.europesays.com\/pt\/wp-json\/wp\/v2\/categories?post=5039"},{"taxonomy":"post_tag","embeddable":true,"href":"https:\/\/www.europesays.com\/pt\/wp-json\/wp\/v2\/tags?post=5039"}],"curies":[{"name":"wp","href":"https:\/\/api.w.org\/{rel}","templated":true}]}}