{"id":503905,"date":"2026-08-28T18:40:21","date_gmt":"2026-08-28T18:40:21","guid":{"rendered":"https:\/\/www.europesays.com\/pt\/503905\/"},"modified":"2026-08-28T18:40:21","modified_gmt":"2026-08-28T18:40:21","slug":"luis-neves-conduz-carro-do-traficante-xuxas","status":"publish","type":"post","link":"https:\/\/www.europesays.com\/pt\/503905\/","title":{"rendered":"Lu\u00eds Neves conduz carro do traficante &#8220;Xuxas&#8221;"},"content":{"rendered":"<p class=\"wp-caption-text top\">FILIPE AMORIM\/LUSA<\/p>\n<p><img loading=\"eager\" fetchpriority=\"high\" decoding=\"async\" class=\"wp-image-757688 size-kopa-image-size-3\" src=\"https:\/\/www.europesays.com\/pt\/wp-content\/uploads\/2026\/08\/2cabe4b64ea8c69da005948c506527db-783x450.jpg\" alt=\"\" width=\"700\" height=\"402\"  \/><\/p>\n<p class=\"wp-caption-text bot\">O ministro da Administra\u00e7\u00e3o Interna, Lu\u00eds Neves.<\/p>\n<p><strong>A viatura utilizada pelo ministro da Administra\u00e7\u00e3o Interna, Lu\u00eds Neves, foi apreendida no \u00e2mbito do processo relacionado com R\u00faben Oliveira, conhecido como \u201cXuxas\u201d, apontado pelas autoridades como um dos principais traficantes de droga em Portugal. <\/strong><\/p>\n<p>A utiliza\u00e7\u00e3o do ve\u00edculo pelo governante est\u00e1 a levantar d\u00favidas jur\u00eddicas, uma vez que o Decreto-Lei n.\u00ba 11\/2007 estabelece regras espec\u00edficas para a utiliza\u00e7\u00e3o de bens apreendidos pelos \u00f3rg\u00e3os de pol\u00edcia criminal. O diploma prev\u00ea a utiliza\u00e7\u00e3o provis\u00f3ria desses bens por \u00f3rg\u00e3os de pol\u00edcia criminal, para fins operacionais, desde que estejam reunidas determinadas condi\u00e7\u00f5es legais.<\/p>\n<p>Segundo uma investiga\u00e7\u00e3o da <a href=\"https:\/\/cnnportugal.iol.pt\/ministro-da-administracao-interna\/xuxas\/luis-neves-conduz-carro-apreendido-a-xuxas-cedencia-pela-pj-e-completamente-ilegal\/20260827\/6a9099d2d34ed0733ba822e4\" data-wpel-link=\"external\" rel=\"noopener nofollow\" class=\"ext-link\" target=\"_blank\">TVI\/CNN Portugal\/Nascer do Sol<\/a>, o autom\u00f3vel \u00e9 um Volkswagen Golf GTD, avaliado em cerca de 40 mil euros, que pertencia a <strong>R\u00faben Oliveira<\/strong>. A viatura foi apreendida pela PJ no \u00e2mbito do processo-crime que envolve o arguido.<\/p>\n<p>R\u00faben Oliveira foi detido pela PJ em 2022 e condenado, em primeira inst\u00e2ncia, a 20 anos de pris\u00e3o pelos crimes de tr\u00e1fico de estupefacientes agravado, associa\u00e7\u00e3o criminosa e branqueamento de capitais. A pena foi posteriormente confirmada pelo Tribunal da Rela\u00e7\u00e3o de Lisboa, em setembro de 2025.<\/p>\n<p>A ex-baston\u00e1ria da Ordem dos Advogados, <strong>Fernanda Pinheiro<\/strong>, considera que a utiliza\u00e7\u00e3o do autom\u00f3vel pelo Minist\u00e9rio da Administra\u00e7\u00e3o Interna n\u00e3o encontra suporte legal no regime aplic\u00e1vel, defendendo que a utiliza\u00e7\u00e3o provis\u00f3ria est\u00e1 prevista para os \u00f3rg\u00e3os de pol\u00edcia criminal e para fins operacionais.<\/p>\n<p>A defesa de R\u00faben Oliveira tamb\u00e9m contesta a utiliza\u00e7\u00e3o da viatura. O advogado do arguido afirmou que o seu cliente nunca foi informado de que o ve\u00edculo seria utilizado pelo ministro e considera a situa\u00e7\u00e3o abusiva e ilegal.<\/p>\n<p>De acordo com a informa\u00e7\u00e3o divulgada, a viatura ter\u00e1 sido afeta \u00e0 PJ quando Lu\u00eds Neves era diretor nacional daquela institui\u00e7\u00e3o e continuou a ser utilizada por si depois de este assumir o cargo de ministro da Administra\u00e7\u00e3o Interna.<\/p>\n<p>A pr\u00f3pria PJ explicou que, depois de autorizada a afeta\u00e7\u00e3o de um bem apreendido, a gest\u00e3o do mesmo passa a ser da responsabilidade do \u00f3rg\u00e3o de pol\u00edcia criminal.<\/p>\n<p>A Entidade de Servi\u00e7os Partilhados da Administra\u00e7\u00e3o P\u00fablica (ESPAP) indicou que o ve\u00edculo est\u00e1 afeto \u00e0 PJ desde janeiro de 2023 e que, nessa situa\u00e7\u00e3o, n\u00e3o seria necess\u00e1ria uma nova interven\u00e7\u00e3o daquela entidade.<\/p>\n<p><strong>Jos\u00e9 Bastos Leit\u00e3o,<\/strong> antigo diretor do Departamento de Investiga\u00e7\u00e3o Criminal da PSP, considera que a lei estabelece que os ve\u00edculos apreendidos ao abrigo deste regime devem ser utilizados para fins operacionais pelos \u00f3rg\u00e3os de pol\u00edcia criminal.<\/p>\n<p>Sem se pronunciar diretamente sobre o caso de Lu\u00eds Neves, o antigo respons\u00e1vel afirmou que a PSP tem recusado pedidos de outras entidades para utiliza\u00e7\u00e3o deste tipo de viaturas.<\/p>\n<p>O regime previsto no Decreto-Lei n.\u00ba 11\/2007 determina ainda que a utiliza\u00e7\u00e3o provis\u00f3ria pode ser comunicada \u00e0s autoridades competentes, as quais devem respeitar os direitos dos titulares dos bens e dos demais interessados.<\/p>\n<p>A defesa de R\u00faben Oliveira j\u00e1 indicou que, caso a viatura venha a ser restitu\u00edda, pretende receb\u00ea-la nas mesmas condi\u00e7\u00f5es em que se encontrava quando foi apreendida.<\/p>\n<p>A matr\u00edcula original ter\u00e1 entretanto sido substitu\u00edda provisoriamente depois de a viatura passar para a PJ, para permitir a sua utiliza\u00e7\u00e3o operacional enquanto o processo decorre.<\/p>\n<p>A quest\u00e3o central permanece, por isso, em saber se a afeta\u00e7\u00e3o do ve\u00edculo \u00e0 PJ e o regime de utiliza\u00e7\u00e3o provis\u00f3ria previsto na lei permitem que uma viatura apreendida seja utilizada, nas atuais circunst\u00e2ncias, pelo ministro da Administra\u00e7\u00e3o Interna.<\/p>\n","protected":false},"excerpt":{"rendered":"FILIPE AMORIM\/LUSA O ministro da Administra\u00e7\u00e3o Interna, Lu\u00eds Neves. A viatura utilizada pelo ministro da Administra\u00e7\u00e3o Interna, Lu\u00eds&hellip;\n","protected":false},"author":2,"featured_media":503906,"comment_status":"","ping_status":"","sticky":false,"template":"","format":"standard","meta":{"footnotes":"","_share_on_mastodon":"0"},"categories":[8],"tags":[27,28,604,15,16,301,14,25,26,21,22,12,13,19,20,4107,52,32,23,24,33,58,17,18,29,30,31],"class_list":["post-503905","post","type-post","status-publish","format-standard","has-post-thumbnail","category-principais-noticias","tag-breaking-news","tag-breakingnews","tag-crime","tag-featured-news","tag-featurednews","tag-governo","tag-headlines","tag-latest-news","tag-latestnews","tag-main-news","tag-mainnews","tag-news","tag-noticias","tag-noticias-principais","tag-noticiasprincipais","tag-pj","tag-politica","tag-portugal","tag-principais-noticias","tag-principaisnoticias","tag-pt","tag-sociedade","tag-top-stories","tag-topstories","tag-ultimas","tag-ultimas-noticias","tag-ultimasnoticias"],"share_on_mastodon":{"url":"https:\/\/pubeurope.com\/@pt\/117174601948797662","error":""},"_links":{"self":[{"href":"https:\/\/www.europesays.com\/pt\/wp-json\/wp\/v2\/posts\/503905","targetHints":{"allow":["GET"]}}],"collection":[{"href":"https:\/\/www.europesays.com\/pt\/wp-json\/wp\/v2\/posts"}],"about":[{"href":"https:\/\/www.europesays.com\/pt\/wp-json\/wp\/v2\/types\/post"}],"author":[{"embeddable":true,"href":"https:\/\/www.europesays.com\/pt\/wp-json\/wp\/v2\/users\/2"}],"replies":[{"embeddable":true,"href":"https:\/\/www.europesays.com\/pt\/wp-json\/wp\/v2\/comments?post=503905"}],"version-history":[{"count":0,"href":"https:\/\/www.europesays.com\/pt\/wp-json\/wp\/v2\/posts\/503905\/revisions"}],"wp:featuredmedia":[{"embeddable":true,"href":"https:\/\/www.europesays.com\/pt\/wp-json\/wp\/v2\/media\/503906"}],"wp:attachment":[{"href":"https:\/\/www.europesays.com\/pt\/wp-json\/wp\/v2\/media?parent=503905"}],"wp:term":[{"taxonomy":"category","embeddable":true,"href":"https:\/\/www.europesays.com\/pt\/wp-json\/wp\/v2\/categories?post=503905"},{"taxonomy":"post_tag","embeddable":true,"href":"https:\/\/www.europesays.com\/pt\/wp-json\/wp\/v2\/tags?post=503905"}],"curies":[{"name":"wp","href":"https:\/\/api.w.org\/{rel}","templated":true}]}}