{"id":503945,"date":"2026-08-28T19:14:12","date_gmt":"2026-08-28T19:14:12","guid":{"rendered":"https:\/\/www.europesays.com\/pt\/503945\/"},"modified":"2026-08-28T19:14:12","modified_gmt":"2026-08-28T19:14:12","slug":"jornalista-com-deficiencia-visual-fotografa-eclipse-lunar-com-camera-digital-em-sorocaba-g1","status":"publish","type":"post","link":"https:\/\/www.europesays.com\/pt\/503945\/","title":{"rendered":"Jornalista com defici\u00eancia visual fotografa eclipse lunar com c\u00e2mera digital em Sorocaba &#8211; G1"},"content":{"rendered":"<ol>\n<li><a href=\"https:\/\/news.google.com\/rss\/articles\/CBMiqwFBVV95cUxOTXVkT3FUU1QtT3gxa19HQXVQVzU5WlNYMGlOMlo5bXllckh4MGVEMnNaU283TTFEWTd4bHpyRHVFN1JGeGVtX2lJS1lrNk41bkFjaHFVaUdSQ29wOVRDNV9qZWJNdXlLWHVUTDlwQkFGbWlZRjItWW5TcmM5MFJEZExoLVoxY04yTG9GWU5yTGZNZlJoY0lydXEtYVloVWxtejhESEZnUmlZVDjSAboBQVVfeXFMTkF0U3EzLS1jR2QtVFE4Qi1aZnJ1VVJGTDFYS2RZT3E2cjdqM3ZrRGM0WTRXVU5kVElyX2d6UHhTckxDdjRhYU1ubzQ4czVwYU16Yml2Y28zRFVwQ2x4MXVZbkhMVjZuU2twZGRhRkp6aVA1TnY0c0cxSGFHYWxrZDJCWDZ2dzZuS2IzSDN5Q3NyQVNZV29XcVZ4b1dabWJjLVdGcFhsU1NLdG4tdlpTT1JydW1fUHZTc2FB?oc=5\" target=\"_blank\" rel=\"nofollow noopener\">Jornalista com defici\u00eancia visual fotografa eclipse lunar com c\u00e2mera digital em Sorocaba<\/a>&nbsp;&nbsp;G1<\/li>\n<li><a href=\"https:\/\/news.google.com\/rss\/articles\/CBMi8wFBVV95cUxOeGpTcWdaMHFEU05VMVU3MG1Zd2pGeDVXdG5IT3Jkb0ZaSC1oZGJVVnZPNG9hSUppQnhyZUhWbjBfTVdGMWpsd1RSaXJ4QVlnMldkU0NCZFRLNXJfWTNfS1JrRVI4ZHUxa2Y2TnFiSjBnd2g0OC1ZclF1VEdjT056bk5keTdqc0xGZmRLdF83SHRLLTNuTUxZNTBmZmxESG5aUW1BMFpmaWFBN1I4d0pCZlU0QTVsSjJTRUFTZUxCb19xa2xKdXA4TDVVZGZ3WFpnandCMEFDSjBVd0lKLVJpMklZNTdGWEpuU0VhNDdneWNFNkk?oc=5\" target=\"_blank\" rel=\"nofollow noopener\">Eclipse lunar com Lua de Sangue \u00e9 visto pelo Brasil: veja as melhores imagens do fen\u00f4meno raro que \u00e9 destaque no c\u00e9u noturno<\/a>&nbsp;&nbsp;CNN Brasil<\/li>\n<li><a href=\"https:\/\/news.google.com\/rss\/articles\/CBMi-AFBVV95cUxNdnBPMHE5ZjRtT0ZfVTBpS2xxTHgxQzJNQms3MTFuU1FJOTdGamZFWlQyRkZzcDdSQ09iNDgyWkZJbWY0VkNZaG13S3JUb2JGNWVFeEthcDBfNVU4UG1mYThpQjR1Qkdtc0pYc1p0TzZiU3lQeHpkSjJRZFFZS19ETGRTbGRBY1ZxNTZFRGl2VExmRm5JQ3FGaS1rOUY1WkN3Yk1BS0FvdmFGMzYzN0puZFJSVzBoV2xidzNTYTlKTlozTHYwNklOTlVVRWNRUFdjMThmeGJzeGVMVzl1ODQ4a1FUVkxseTFnRUkxWWpNTm9DZVZyRWo5UtIBhwJBVV95cUxNMnhBeFYzc2VUQVE5Rlh3Q3dad1hIX0MzVEQzcDFNdjRQbVJKYktxdDdDTEpHX2Roc2x1ZVpRVlR5WGhUTDdjMEhuVlNwM1RjZVoxOWsxTHM5SVEtcUd4N0JlQjFGeFdKa1dMUFgtdVNqWVBJdTBpcmRlUGxXSWlHaGZaVXBraTdDeUVneXp2NE05TXY0Zl8wU0JEaTdfMjVEVUpWT293VEdvWjlxWXJVZ09fYy14OFozUk5SeVNUYXV0LTdob0J2NGdqbVd1Y2lNc0VRVmpMMVROVVd1dUlhN1hlal90RHJxSVNQMkJmdzZvM0Q2c3NITlJoMWNrdXJsVVo1Zmp1MA?oc=5\" target=\"_blank\" rel=\"nofollow noopener\">Veja as fotos do eclipse lunar enviadas pelos telespectadores do Noroeste<\/a>&nbsp;&nbsp;G1<\/li>\n<li><a href=\"https:\/\/news.google.com\/rss\/articles\/CBMi6AFBVV95cUxNV2ttcUI3RXFuVGZXRk4xM1JobGxzbUVubE5EcF9RTXRSbWlLUmRwMWJmdWFMcGQ0bFFhU1llS0NqSjJHWElhUFd3UDZrbFROM05aTXY2cUN1Vl90SlVsVVJ6cHhnYXRJR3p6Zm9yMHlFRFY3OWp2SzdZTFRCM3NydW5KMDAwam10dVN0RDBWTXRyYlAzemdpMzBtZEFlSmRJME1kSlNocHZBYzVsNVhRTFlac2RqVkd3dDFmU0lFaHFkbUlQOWptWjlzMmlPaDczVEQ3czcwMjEwcWVPeURxUFZUczZZRUhZ?oc=5\" target=\"_blank\" rel=\"nofollow noopener\">Eclipse cobre 96% da Lua e rende imagens impressionantes no interior de PE<\/a>&nbsp;&nbsp;Terra<\/li>\n<li><a href=\"https:\/\/news.google.com\/rss\/articles\/CBMisgFBVV95cUxNeTJvWk9fSHZpRDVKNDJCWEVqaHkteFFkTWJIZy1abmRMM3ZpdWRlS0JGVDZyb0paaGJGMEdJVXFHZnNKYVpETzdUUTlIblh0aVpQQWtRYjhqZG5qRGh1YXRjdmNyQUpIUFF1emxOTS14b0xmZ05hN3lIN3g2VHp1OGRjamNuNXk5Z3NQbzY3b2lvMnExRWVKVUExQWUyeXFqUDFJUnJMaEdLT2FjUjhpcDNR0gGyAUFVX3lxTE1Qd2NPdXlfRVNmMmNJNGU4N2tuSkJwTmJYMl9HOC1sXy00OVBZdllKUUVvNTV2RjBHeENPcXI1eHAyUWNuWDBiUUVESGxpbTlWMjZ1RmY4TDByT0t1MkRnamRGOEtjTXh3dUtOQU5jMENobHhjSkpTRUQyRUxpYlBVeERlVEZ0X2pDVHNSNGx2al85QmtFR3IyX015dGNNeDNfVDJuOWN5dmpZbXlYeHlmLUE?oc=5\" target=\"_blank\" rel=\"nofollow noopener\">Eclipse lunar encanta moradores em Campo Grande<\/a>&nbsp;&nbsp;Campo Grande News<\/li>\n<\/ol>\n","protected":false},"excerpt":{"rendered":"Jornalista com defici\u00eancia visual fotografa eclipse lunar com c\u00e2mera digital em Sorocaba&nbsp;&nbsp;G1 Eclipse lunar com Lua de Sangue&hellip;\n","protected":false},"author":2,"featured_media":503946,"comment_status":"","ping_status":"","sticky":false,"template":"","format":"standard","meta":{"footnotes":"","_share_on_mastodon":"0"},"categories":[144],"tags":[207,205,206,203,201,202,204,114,115,32,33],"class_list":["post-503945","post","type-post","status-publish","format-standard","has-post-thumbnail","category-arte-e-design","tag-arte","tag-arte-e-design","tag-artedesign","tag-arts","tag-arts-and-design","tag-artsanddesign","tag-design","tag-entertainment","tag-entretenimento","tag-portugal","tag-pt"],"share_on_mastodon":{"url":"https:\/\/pubeurope.com\/@pt\/117174735019665099","error":""},"_links":{"self":[{"href":"https:\/\/www.europesays.com\/pt\/wp-json\/wp\/v2\/posts\/503945","targetHints":{"allow":["GET"]}}],"collection":[{"href":"https:\/\/www.europesays.com\/pt\/wp-json\/wp\/v2\/posts"}],"about":[{"href":"https:\/\/www.europesays.com\/pt\/wp-json\/wp\/v2\/types\/post"}],"author":[{"embeddable":true,"href":"https:\/\/www.europesays.com\/pt\/wp-json\/wp\/v2\/users\/2"}],"replies":[{"embeddable":true,"href":"https:\/\/www.europesays.com\/pt\/wp-json\/wp\/v2\/comments?post=503945"}],"version-history":[{"count":0,"href":"https:\/\/www.europesays.com\/pt\/wp-json\/wp\/v2\/posts\/503945\/revisions"}],"wp:featuredmedia":[{"embeddable":true,"href":"https:\/\/www.europesays.com\/pt\/wp-json\/wp\/v2\/media\/503946"}],"wp:attachment":[{"href":"https:\/\/www.europesays.com\/pt\/wp-json\/wp\/v2\/media?parent=503945"}],"wp:term":[{"taxonomy":"category","embeddable":true,"href":"https:\/\/www.europesays.com\/pt\/wp-json\/wp\/v2\/categories?post=503945"},{"taxonomy":"post_tag","embeddable":true,"href":"https:\/\/www.europesays.com\/pt\/wp-json\/wp\/v2\/tags?post=503945"}],"curies":[{"name":"wp","href":"https:\/\/api.w.org\/{rel}","templated":true}]}}