{"id":50395,"date":"2025-08-29T16:30:13","date_gmt":"2025-08-29T16:30:13","guid":{"rendered":"https:\/\/www.europesays.com\/pt\/50395\/"},"modified":"2025-08-29T16:30:13","modified_gmt":"2025-08-29T16:30:13","slug":"rui-borges-aponta-favorito-ao-classico-com-o-fc-porto","status":"publish","type":"post","link":"https:\/\/www.europesays.com\/pt\/50395\/","title":{"rendered":"Rui Borges aponta favorito ao cl\u00e1ssico com o FC Porto"},"content":{"rendered":"<p>Rui Borges, treinador do <a class=\"autolink-enabled\" data-resource-id=\"448\" data-resource-type=\"team\" data-sport=\"football\" href=\"https:\/\/www.abola.pt\/futebol\/sporting-448\" rel=\"nofollow noopener\" target=\"_blank\">Sporting<\/a>, falou em confer\u00eancia de imprensa sobre o cl\u00e1ssico frente ao <a class=\"autolink-enabled\" data-resource-id=\"451\" data-resource-type=\"team\" data-sport=\"football\" href=\"https:\/\/www.abola.pt\/futebol\/fc-porto-451\" rel=\"nofollow noopener\" target=\"_blank\">FC Porto<\/a>, da 4.\u00aa jornada da Liga, marcado para este s\u00e1bado \u00e0s 20h30.<\/p>\n<p><strong>Quem \u00e9 favorito? FC Porto tem vantagem por estar diferente com novo treinador?\u00a0<\/strong><\/p>\n<p>N\u00e3o acho que o Sporting parta \u00e0 frente por eu estar aqui h\u00e1 mais tempo, j\u00e1 vimos um pouco da din\u00e2mica do FC Porto,\u00a0\u00c9 uma equipa fiel ao seu jogo, muito vertical, muito forte na acelera\u00e7\u00e3o de jogo, agressiva com bola. No processo defensivo, muito forte em duelos. Fisicamente tornou-se mais forte, temos de estar preparados para equilibrar essa parte em termos f\u00edsicos para impormos o nosso jogo. A estrat\u00e9gia nunca muda, mas acredito que o FC Porto, pelo conhecimento que vamos tendo do seu treinador, n\u00e3o abdicar\u00e1 da sua ideia e tentar\u00e1 ser uma equipa pressionante.S\u00e3o duas equipas que est\u00e3o confiantes, que jogam bem, mas que seja um grande jogo perante os nossos adeptos. Podia dar um bocadinho de favoritismo a n\u00f3s, porque jogamos em casa. Acredito sempre que os nossos adeptos possam fazer a diferen\u00e7a na balan\u00e7a. Que nos transportem a for\u00e7a deles, tal como aconteceu na \u00e9poca passada e que nos levou a ser bicampe\u00f5es.\u00a0<\/p>\n","protected":false},"excerpt":{"rendered":"Rui Borges, treinador do Sporting, falou em confer\u00eancia de imprensa sobre o cl\u00e1ssico frente ao FC Porto, da&hellip;\n","protected":false},"author":2,"featured_media":50396,"comment_status":"","ping_status":"","sticky":false,"template":"","format":"standard","meta":{"footnotes":""},"categories":[8],"tags":[27,28,15,16,14,25,26,21,22,12,13,19,20,32,23,24,33,17,18,29,30,31],"class_list":{"0":"post-50395","1":"post","2":"type-post","3":"status-publish","4":"format-standard","5":"has-post-thumbnail","7":"category-principais-noticias","8":"tag-breaking-news","9":"tag-breakingnews","10":"tag-featured-news","11":"tag-featurednews","12":"tag-headlines","13":"tag-latest-news","14":"tag-latestnews","15":"tag-main-news","16":"tag-mainnews","17":"tag-news","18":"tag-noticias","19":"tag-noticias-principais","20":"tag-noticiasprincipais","21":"tag-portugal","22":"tag-principais-noticias","23":"tag-principaisnoticias","24":"tag-pt","25":"tag-top-stories","26":"tag-topstories","27":"tag-ultimas","28":"tag-ultimas-noticias","29":"tag-ultimasnoticias"},"share_on_mastodon":{"url":"","error":""},"_links":{"self":[{"href":"https:\/\/www.europesays.com\/pt\/wp-json\/wp\/v2\/posts\/50395","targetHints":{"allow":["GET"]}}],"collection":[{"href":"https:\/\/www.europesays.com\/pt\/wp-json\/wp\/v2\/posts"}],"about":[{"href":"https:\/\/www.europesays.com\/pt\/wp-json\/wp\/v2\/types\/post"}],"author":[{"embeddable":true,"href":"https:\/\/www.europesays.com\/pt\/wp-json\/wp\/v2\/users\/2"}],"replies":[{"embeddable":true,"href":"https:\/\/www.europesays.com\/pt\/wp-json\/wp\/v2\/comments?post=50395"}],"version-history":[{"count":0,"href":"https:\/\/www.europesays.com\/pt\/wp-json\/wp\/v2\/posts\/50395\/revisions"}],"wp:featuredmedia":[{"embeddable":true,"href":"https:\/\/www.europesays.com\/pt\/wp-json\/wp\/v2\/media\/50396"}],"wp:attachment":[{"href":"https:\/\/www.europesays.com\/pt\/wp-json\/wp\/v2\/media?parent=50395"}],"wp:term":[{"taxonomy":"category","embeddable":true,"href":"https:\/\/www.europesays.com\/pt\/wp-json\/wp\/v2\/categories?post=50395"},{"taxonomy":"post_tag","embeddable":true,"href":"https:\/\/www.europesays.com\/pt\/wp-json\/wp\/v2\/tags?post=50395"}],"curies":[{"name":"wp","href":"https:\/\/api.w.org\/{rel}","templated":true}]}}