{"id":503965,"date":"2026-08-28T19:32:17","date_gmt":"2026-08-28T19:32:17","guid":{"rendered":"https:\/\/www.europesays.com\/pt\/503965\/"},"modified":"2026-08-28T19:32:17","modified_gmt":"2026-08-28T19:32:17","slug":"proprietario-despeja-inquilino-e-encontra-pintura-de-picasso","status":"publish","type":"post","link":"https:\/\/www.europesays.com\/pt\/503965\/","title":{"rendered":"Propriet\u00e1rio despeja inquilino e encontra pintura de Picasso"},"content":{"rendered":"<p class=\"wp-block-paragraph\">Um propriet\u00e1rio de um im\u00f3vel em Milwaukee, nos Estados Unidos, encontrou uma gravura de Pablo Picasso avaliada em at\u00e9 <strong>US$ 50 mil (cerca de R$ 260 mil)<\/strong> enquanto limpava um apartamento ap\u00f3s o despejo de um inquilino. A descoberta aconteceu no in\u00edcio <strong>de agosto<\/strong>.<\/p>\n<p><img fetchpriority=\"high\" decoding=\"async\" width=\"960\" height=\"592\" src=\"https:\/\/www.europesays.com\/pt\/wp-content\/uploads\/2026\/08\/Proprietario-inquilino-Picasso-960x592.jpg\" alt=\"Propriet\u00e1rio inquilino Picasso\" class=\"wp-image-1987703\"  \/>Veja a obra de Picasso que propriet\u00e1rio encontrou ap\u00f3s dispensar inquilino. Foto: Reprodu\u00e7\u00e3o\/ Milwaukee Police Department<\/p>\n<p class=\"wp-block-paragraph\">A obra estava pendurada em um local incomum e coberta por uma grande quantidade de poeira. O propriet\u00e1rio, identificado como <strong>Tim Dertz<\/strong>, desconfiou que a pe\u00e7a poderia ter algum valor e procurou um amigo que trabalha como <strong>negociante de antiguidades<\/strong>.<\/p>\n<p>Propriet\u00e1rio encontra obra de Picasso ap\u00f3s despejo de inquilino<\/p>\n<p class=\"wp-block-paragraph\">A pe\u00e7a foi identificada como <strong>\u201cTorero\u201d<\/strong>, uma \u00e1gua-forte produzida por Pablo Picasso em 1949. A obra \u00e9 uma das apenas <strong>30 c\u00f3pias assinadas<\/strong> conhecidas. O que Dertz n\u00e3o sabia \u00e9 que a gravura estava desaparecida desde <strong>16 de fevereiro de 2018<\/strong>, quando foi roubada da galeria <strong>DeLind Fine Art Appraisals<\/strong>, em Milwaukee.<\/p>\n<p class=\"wp-block-paragraph\">Depois de descobrir a poss\u00edvel origem da obra, o propriet\u00e1rio levou a gravura ao <strong>Distrito Quatro da Pol\u00edcia de Milwaukee<\/strong>. O <strong>selo da galeria DeLind permanecia no verso da moldura<\/strong>, o que ajudou os policiais a identificar a pe\u00e7a e indicou que aquela era a mesma obra levada no roubo de 2018.<\/p>\n<p>Propriet\u00e1rio da galeria reencontra obra<\/p>\n<p class=\"wp-block-paragraph\">A pol\u00edcia entrou em contato com <strong>Bill DeLind<\/strong>, propriet\u00e1rio da galeria onde a gravura havia sido roubada. Ele ficou surpreso ao saber que a obra havia sido encontrada mais de oito anos depois. DeLind afirmou estar <strong>\u201csem palavras\u201d<\/strong> com a recupera\u00e7\u00e3o da pe\u00e7a.<\/p>\n<p class=\"wp-block-paragraph\">A busca pela gravura tamb\u00e9m tinha um significado especial para um antigo s\u00f3cio de DeLind, que morreu em fevereiro deste ano. Segundo o propriet\u00e1rio da galeria, o homem fazia quest\u00e3o de entrar em contato com a pol\u00edcia todos os anos, no dia 16 de fevereiro, para cobrar informa\u00e7\u00f5es sobre o caso. Ele morreu cerca de seis meses antes da recupera\u00e7\u00e3o da obra.<\/p>\n<p>Pol\u00edcia investiga como obra foi parar no apartamento<\/p>\n<p class=\"wp-block-paragraph\">Apesar de a gravura ter sido localizada, a pol\u00edcia ainda tenta descobrir como a obra de Picasso foi parar no apartamento e quem manteve a obra escondida durante todos esses anos. O caso envolve ainda uma quest\u00e3o relacionada ao <strong>prazo de prescri\u00e7\u00e3o de crimes contra a propriedade<\/strong>, que em Milwaukee \u00e9 de seis anos.<\/p>\n<p class=\"wp-block-paragraph\">A gravura permanece sob cust\u00f3dia da pol\u00edcia enquanto s\u00e3o resolvidas as quest\u00f5es relacionadas \u00e0 propriedade e ao seguro. A obra havia sido colocada em consigna\u00e7\u00e3o para venda antes de ser roubada. Agora, DeLind negocia com a seguradora para recuperar definitivamente a posse da pe\u00e7a. Veja a nota abaixo:<\/p>\n<blockquote class=\"wp-block-quote is-layout-flow wp-block-quote-is-layout-flow\">\n<p class=\"wp-block-paragraph\">\u201cEm 5 de agosto de 2026, um membro da comunidade entrou no Distrito Quatro da Pol\u00edcia de Milwaukee e entregou uma gravura que se suspeitava ter sido roubada de uma galeria de arte em 16 de fevereiro de 2018, no quarteir\u00e3o 700 da N. Jefferson Street.<\/p>\n<p class=\"wp-block-paragraph\">A gravura de \u00e1gua-forte era um Pablo Picasso original \u2014 Torero, 1949.<\/p>\n<p class=\"wp-block-paragraph\">Na quinta-feira, 6 de agosto de 2026, um autenticador confirmou que esta gravura era a mesma pe\u00e7a roubada em fevereiro de 2018. Os investigadores est\u00e3o em processo de localizar o propriet\u00e1rio leg\u00edtimo.<\/p>\n<p class=\"wp-block-paragraph\">O Departamento de Pol\u00edcia de Milwaukee \u00e9 extremamente grato por este membro da comunidade ter reconhecido a gravura, tomado a atitude correta e a devolvido.<\/p>\n<p class=\"wp-block-paragraph\">Somos melhores juntos\u201c.<\/p>\n<p>disse a pol\u00edcia<\/p><\/blockquote>\n<p><strong>\ud83d\udcf2 O Google pode parar de mostrar o portal Banda B.<a id=\"google-news-cta-intext\" href=\"https:\/\/www.google.com\/preferences\/source?q=bandab.com.br\" target=\"_blank\" rel=\"noreferrer noopener nofollow\"> Clique aqui<\/a> para ver nossas not\u00edcias.<\/strong><\/p>\n","protected":false},"excerpt":{"rendered":"Um propriet\u00e1rio de um im\u00f3vel em Milwaukee, nos Estados Unidos, encontrou uma gravura de Pablo Picasso avaliada em&hellip;\n","protected":false},"author":2,"featured_media":503966,"comment_status":"","ping_status":"","sticky":false,"template":"","format":"standard","meta":{"footnotes":"","_share_on_mastodon":"0"},"categories":[144],"tags":[207,205,206,203,201,202,204,114,115,32,33],"class_list":["post-503965","post","type-post","status-publish","format-standard","has-post-thumbnail","category-arte-e-design","tag-arte","tag-arte-e-design","tag-artedesign","tag-arts","tag-arts-and-design","tag-artsanddesign","tag-design","tag-entertainment","tag-entretenimento","tag-portugal","tag-pt"],"share_on_mastodon":{"url":"https:\/\/pubeurope.com\/@pt\/117174805935508324","error":""},"_links":{"self":[{"href":"https:\/\/www.europesays.com\/pt\/wp-json\/wp\/v2\/posts\/503965","targetHints":{"allow":["GET"]}}],"collection":[{"href":"https:\/\/www.europesays.com\/pt\/wp-json\/wp\/v2\/posts"}],"about":[{"href":"https:\/\/www.europesays.com\/pt\/wp-json\/wp\/v2\/types\/post"}],"author":[{"embeddable":true,"href":"https:\/\/www.europesays.com\/pt\/wp-json\/wp\/v2\/users\/2"}],"replies":[{"embeddable":true,"href":"https:\/\/www.europesays.com\/pt\/wp-json\/wp\/v2\/comments?post=503965"}],"version-history":[{"count":0,"href":"https:\/\/www.europesays.com\/pt\/wp-json\/wp\/v2\/posts\/503965\/revisions"}],"wp:featuredmedia":[{"embeddable":true,"href":"https:\/\/www.europesays.com\/pt\/wp-json\/wp\/v2\/media\/503966"}],"wp:attachment":[{"href":"https:\/\/www.europesays.com\/pt\/wp-json\/wp\/v2\/media?parent=503965"}],"wp:term":[{"taxonomy":"category","embeddable":true,"href":"https:\/\/www.europesays.com\/pt\/wp-json\/wp\/v2\/categories?post=503965"},{"taxonomy":"post_tag","embeddable":true,"href":"https:\/\/www.europesays.com\/pt\/wp-json\/wp\/v2\/tags?post=503965"}],"curies":[{"name":"wp","href":"https:\/\/api.w.org\/{rel}","templated":true}]}}