{"id":503971,"date":"2026-08-28T19:39:34","date_gmt":"2026-08-28T19:39:34","guid":{"rendered":"https:\/\/www.europesays.com\/pt\/503971\/"},"modified":"2026-08-28T19:39:34","modified_gmt":"2026-08-28T19:39:34","slug":"apaixonada-ariana-miranda-declara-se-a-diogo-maia-e-mostra-foto-inedita-ele-se-calhar-vai-odiar","status":"publish","type":"post","link":"https:\/\/www.europesays.com\/pt\/503971\/","title":{"rendered":"Apaixonada, Ariana Miranda declara-se a Diogo Maia e mostra foto in\u00e9dita: &#8220;Ele, se calhar, vai odiar&#8230;&#8221;"},"content":{"rendered":"<p>Cada vez mais apaixonada, Ariana Miranda voltou a expressar o amor que sente pelo namorado, Diogo Maia, atrav\u00e9s de uma declara\u00e7\u00e3o que partilhou esta quarta-feira, 26 de agosto, nas redes sociais.<\/p>\n<p>A ex-concorrente do Secret Story 10 e Secret Story \u2013 Desafio Final mostrou uma foto in\u00e9dita do casal e come\u00e7ou por escrever: \u201c<strong>Ele, se calhar, vai odiar esta foto, mas eu achei fofa demais para ficar s\u00f3 para mim<\/strong>\u201c.<\/p>\n<p>Depois, Ariana assinalou: \u201c<strong>Quando olho para todas as fotos que temos e quando olho para o meu lado e vejo que est\u00e1s l\u00e1 todos os dias, a todos os minutos da tua vida a fazer parte da minha, sinto-me agradecida e apaixonada por ti e por n\u00f3s<\/strong>\u201c.<\/p>\n<p>Por fim, Ariana Miranda garantiu: \u201c<strong>Somos aben\u00e7oados por nos termos um ao outro, disso n\u00e3o tenho d\u00favidas, \u00e9s a minha alma g\u00e9mea e eu amo-te para sempre<\/strong>\u201c.<\/p>\n<p>Veja em baixo:<\/p>\n<p><img loading=\"lazy\" decoding=\"async\" class=\"alignnone wp-image-723948 size-full\" src=\"data:image\/svg+xml,%3Csvg%20xmlns=\" http:=\"\" alt=\"\" width=\"1078\" height=\"1797\" data-lazy- data-lazy- data-lazy-src=\"https:\/\/www.europesays.com\/pt\/wp-content\/uploads\/2026\/08\/Screenshot_20260826_155421_Instagram.jpg\"\/><\/p>\n","protected":false},"excerpt":{"rendered":"Cada vez mais apaixonada, Ariana Miranda voltou a expressar o amor que sente pelo namorado, Diogo Maia, atrav\u00e9s&hellip;\n","protected":false},"author":2,"featured_media":503972,"comment_status":"","ping_status":"","sticky":false,"template":"","format":"standard","meta":{"footnotes":"","_share_on_mastodon":"0"},"categories":[85],"tags":[65030,56178,44941,56060,114,115,2712,80768,80769,11605,80770,32,33],"class_list":["post-503971","post","type-post","status-publish","format-standard","has-post-thumbnail","category-entretenimento","tag-apaixonada","tag-ariana-miranda","tag-declara-se","tag-diogo-maia","tag-entertainment","tag-entretenimento","tag-foto","tag-foto-inu00e9dita","tag-inu00e9dita","tag-mostra","tag-odiar","tag-portugal","tag-pt"],"share_on_mastodon":{"url":"https:\/\/pubeurope.com\/@pt\/117174833596076996","error":""},"_links":{"self":[{"href":"https:\/\/www.europesays.com\/pt\/wp-json\/wp\/v2\/posts\/503971","targetHints":{"allow":["GET"]}}],"collection":[{"href":"https:\/\/www.europesays.com\/pt\/wp-json\/wp\/v2\/posts"}],"about":[{"href":"https:\/\/www.europesays.com\/pt\/wp-json\/wp\/v2\/types\/post"}],"author":[{"embeddable":true,"href":"https:\/\/www.europesays.com\/pt\/wp-json\/wp\/v2\/users\/2"}],"replies":[{"embeddable":true,"href":"https:\/\/www.europesays.com\/pt\/wp-json\/wp\/v2\/comments?post=503971"}],"version-history":[{"count":0,"href":"https:\/\/www.europesays.com\/pt\/wp-json\/wp\/v2\/posts\/503971\/revisions"}],"wp:featuredmedia":[{"embeddable":true,"href":"https:\/\/www.europesays.com\/pt\/wp-json\/wp\/v2\/media\/503972"}],"wp:attachment":[{"href":"https:\/\/www.europesays.com\/pt\/wp-json\/wp\/v2\/media?parent=503971"}],"wp:term":[{"taxonomy":"category","embeddable":true,"href":"https:\/\/www.europesays.com\/pt\/wp-json\/wp\/v2\/categories?post=503971"},{"taxonomy":"post_tag","embeddable":true,"href":"https:\/\/www.europesays.com\/pt\/wp-json\/wp\/v2\/tags?post=503971"}],"curies":[{"name":"wp","href":"https:\/\/api.w.org\/{rel}","templated":true}]}}