{"id":503977,"date":"2026-08-28T19:42:26","date_gmt":"2026-08-28T19:42:26","guid":{"rendered":"https:\/\/www.europesays.com\/pt\/503977\/"},"modified":"2026-08-28T19:42:26","modified_gmt":"2026-08-28T19:42:26","slug":"manifestantes-impedem-ajuda-da-cruz-vermelha-em-ceuta-observador","status":"publish","type":"post","link":"https:\/\/www.europesays.com\/pt\/503977\/","title":{"rendered":"Manifestantes impedem ajuda da Cruz Vermelha em Ceuta \u2013 Observador"},"content":{"rendered":"<p>Centenas de manifestantes em Ceuta bloquearam esta quinta-feira por mais de duas horas o acesso de um cami\u00e3o da Cruz Vermelha carregado de alimentos a uma praia onde est\u00e3o concentrados migrantes ilegais desde <a href=\"https:\/\/observador.pt\/2026\/07\/30\/milhares-de-pessoas-entram-em-ceuta-a-pe-desde-marrocos\/\" rel=\"nofollow noopener\" target=\"_blank\">a entrada maci\u00e7a em julho<\/a>.<\/p>\n<p>Num protesto para exigir ao Governo uma solu\u00e7\u00e3o para a crise na cidade aut\u00f3noma espanhola, os manifestantes gritaram <strong>\u201cslogans\u201d como \u201cDesta estrada n\u00e3o nos mover\u00e3o\u201d<\/strong> e expressaram descontentamento pelo prolongamento de uma situa\u00e7\u00e3o que, segundo denunciaram, est\u00e1 a condicionar a vida di\u00e1ria dos moradores e a gerar um sentimento crescente de inseguran\u00e7a.<\/p>\n<p><strong>A manifesta\u00e7\u00e3o decorreu sem incidentes e os participantes mantiveram a sua posi\u00e7\u00e3o<\/strong>, apesar da presen\u00e7a policial.<\/p>\n<p>Durante a concentra\u00e7\u00e3o, tamb\u00e9m se ouviram cr\u00edticas \u00e0 Cruz Vermelha espanhola e apelos para que a organiza\u00e7\u00e3o n\u00e3o seja apoiada, por atender aos migrantes ilegais em v\u00e1rios pontos da cidade.<\/p>\n<p>Os manifestantes defenderam que a sua mobiliza\u00e7\u00e3o <strong>pretende reivindicar o direito dos habitantes de Ceuta de recuperar a normalidade<\/strong> e questionaram que, quase um m\u00eas ap\u00f3s a entrada maci\u00e7a de imigrantes, a 30 de julho, continuem sem se concretizar solu\u00e7\u00f5es que permitam descongestionar a cidade e dar resposta \u00e0s pessoas que nela permanecem.<\/p>\n<p>\u201cPrecisamos de retomar a nossa rotina, que os nossos filhos saiam. Precisamos da nossa Ceuta como antes\u201d, declarou uma das participantes na manifesta\u00e7\u00e3o, citada pela ag\u00eancia EFE, que assegurou que muitas fam\u00edlias vivem com \u201cmedo\u201d e \u201cansiedade\u201d, embora tenha reconhecido que pessoalmente n\u00e3o sofreu nenhum incidente.<\/p>\n<p>Outra das manifestantes reclamou que se atendam tamb\u00e9m as necessidades dos habitantes\u00a0e indicou que <strong>\u201ch\u00e1 muita gente de Ceuta a passar dificuldades\u201d<\/strong>.<\/p>\n<p>Esta participante no protesto defendeu tamb\u00e9m que a ajuda aos migrantes n\u00e3o pode\u00a0ser feita em detrimento de quem reside na cidade.<\/p>\n<p>Durante o protesto, ouviram-se <strong>cr\u00edticas \u00e0 perman\u00eancia de migrantes na praia El Trampolin e pedidos para que sejam transferidos para fora de Ceuta<\/strong>, segundo os procedimentos legais estabelecidos.<\/p>\n<p>A Pol\u00edcia pediu aos manifestantes que permitissem a passagem do ve\u00edculo da Cruz Vermelha, que acabou por continuar o seu percurso.<\/p>\n<p>Tamb\u00e9m <a href=\"https:\/\/observador.pt\/2026\/08\/27\/centenas-de-cidadaos-de-ceuta-tentam-expulsar-migrantes-na-praia-de-el-trampolin-policia-usa-gas-lacrimogeneo-para-dispersar-protesto\/\" rel=\"nofollow noopener\" target=\"_blank\">esta tarde<\/a>, habitantes\u00a0de Ceuta protagonizaram dist\u00farbios na praia de Ben\u00edtez, desencadeando interven\u00e7\u00e3o policial, ap\u00f3s terem entrado nos acampamentos de migrantes, que passam a noite na zona, e causado danos, incluindo queimando pertences.<\/p>\n<p>Os manifestantes estenderam uma bandeira gigante de Espanha e com ela juntaram-se neste ponto a outras manifesta\u00e7\u00f5es, dirigindo-se para a praia El Trampolin, onde \u00e9 feita a distribui\u00e7\u00e3o de comida.<\/p>\n<p>Os protestos, que j\u00e1 duram h\u00e1 v\u00e1rios dias, ocorrem ap\u00f3s o Governo finalmente concretizar esta semana <a href=\"https:\/\/observador.pt\/2026\/08\/25\/governo-espanhol-cria-comando-unico-para-coordenar-resposta-a-crise-migratoria-em-ceuta\/\" rel=\"nofollow noopener\" target=\"_blank\">a nomea\u00e7\u00e3o de um comando \u00fanico<\/a> para coordenar a resposta \u00e0 crise, uma reivindica\u00e7\u00e3o que a cidade aut\u00f3noma j\u00e1 tinha colocado desde o in\u00edcio da crise.<\/p>\n<p>Na ter\u00e7a-feira, foi conhecida a inten\u00e7\u00e3o do Executivo de <strong>habilitar locais para concentrar temporariamente os migrantes que permanecem na via p\u00fablica<\/strong>, facilitar a sua identifica\u00e7\u00e3o e realizar a triagem correspondente, como passo pr\u00e9vio para determinar a situa\u00e7\u00e3o individual de cada um e ativar, quando for o caso, os procedimentos de retorno ou expuls\u00e3o previstos pela legisla\u00e7\u00e3o.<\/p>\n<p>Ceuta, um pequeno territ\u00f3rio de cerca de 83.000 habitantes situado no extremo norte de Marrocos e banhado pelo estreito de Gibraltar, \u00e9 uma das duas fronteiras terrestres entre \u00c1frica e a Europa, juntamente com outro enclave espanhol, a cidade de Melilla.<\/p>\n<p>No \u00faltimo dia de julho, em apenas 24 horas, cerca de 72.000 pessoas entraram na cidade aut\u00f3noma espanhola.<\/p>\n<p>Pelo menos 82 pessoas morreram a tentar chegar a Ceuta a nado.<\/p>\n<p>Quase um m\u00eas depois, continuam a n\u00e3o existir dados exatos sobre o n\u00famero dos migrantes que ainda permanecem em Ceuta, com algumas estimativas a apontar at\u00e9 8.000\u00a0ilegais.<\/p>\n<p dir=\"ltr\"><strong>[De regresso a Portugal, Carvalh\u00e3o Gil garante que n\u00e3o se vendeu aos russos e que nem sequer sabia que o homem com quem foi detido trabalhava para o SVR. Para ele, era s\u00f3 um \u201cparceiro de neg\u00f3cios\u201d. Mas as buscas \u00e0s casas do espi\u00e3o contam uma hist\u00f3ria diferente: a PJ encontra milhares de euros escondidos em casacos, gavetas e envelopes; dezenas de documentos secretos espalhados pelas v\u00e1rias divis\u00f5es; e at\u00e9 um rev\u00f3lver dissimulado numa estante. J\u00e1 est\u00e1 dispon\u00edvel o quinto epis\u00f3dio do novo Podcast Plus \u201cA Vida Dupla do Espi\u00e3o Traidor\u201d. Pode ouvir no\u00a0<a href=\"https:\/\/observador.pt\/programas\/a-vida-dupla-do-espio-traidor\/episodio-5-um-maco-de-notas-verdes\/\" rel=\"nofollow noopener\" target=\"_blank\">site do Observador<\/a>, na<a href=\"https:\/\/podcasts.apple.com\/pt\/podcast\/epis%C3%B3dio-5-um-ma%C3%A7o-de-notas-verdes\/id6792864997?i=1000785615501\" rel=\"nofollow noopener\" target=\"_blank\">\u00a0Apple Podcasts<\/a>, no\u00a0<a href=\"https:\/\/open.spotify.com\/episode\/0bV3kZduZPEtfcf406MUe0\" rel=\"nofollow noopener\" target=\"_blank\">Spotify\u00a0<\/a>e no<a href=\"https:\/\/www.youtube.com\/watch?v=GuHo5ZaBCyk&amp;list=PLd6-ASW8hah4&amp;index=1\" rel=\"nofollow noopener\" target=\"_blank\">\u00a0YouTube<\/a>.]<\/strong><\/p>\n<p dir=\"ltr\"><a href=\"https:\/\/observador.pt\/programas\/a-vida-dupla-do-espio-traidor\/episodio-5-um-maco-de-notas-verdes\/\" rel=\"nofollow noopener\" target=\"_blank\"><\/p>\n<p>        <img src=\"https:\/\/www.europesays.com\/pt\/wp-content\/uploads\/2026\/08\/1787946146_993_770-a-vida-dupla-do-espiao-traidor-iconplay.png\" alt=\"\" loading=\"lazy\" decoding=\"async\" class=\"alignnone\" onload=\"this.parentElement.classList.remove('spinner')\" onerror=\"this.parentElement.classList.remove('spinner')\" width=\"770\" height=\"433\"\/>    <\/p>\n<p><\/a><\/p>\n","protected":false},"excerpt":{"rendered":"Centenas de manifestantes em Ceuta bloquearam esta quinta-feira por mais de duas horas o acesso de um cami\u00e3o&hellip;\n","protected":false},"author":2,"featured_media":503978,"comment_status":"","ping_status":"","sticky":false,"template":"","format":"standard","meta":{"footnotes":"","_share_on_mastodon":"0"},"categories":[50],"tags":[27,28,9087,7090,640,445,15,16,14,25,26,21,22,2125,62,12,13,19,20,23,24,58,17,18,29,30,31,63,64,65],"class_list":["post-503977","post","type-post","status-publish","format-standard","has-post-thumbnail","category-mundo","tag-breaking-news","tag-breakingnews","tag-ceuta","tag-cruz-vermelha","tag-espanha","tag-europa","tag-featured-news","tag-featurednews","tag-headlines","tag-latest-news","tag-latestnews","tag-main-news","tag-mainnews","tag-migrantes","tag-mundo","tag-news","tag-noticias","tag-noticias-principais","tag-noticiasprincipais","tag-principais-noticias","tag-principaisnoticias","tag-sociedade","tag-top-stories","tag-topstories","tag-ultimas","tag-ultimas-noticias","tag-ultimasnoticias","tag-world","tag-world-news","tag-worldnews"],"share_on_mastodon":{"url":"https:\/\/pubeurope.com\/@pt\/117174845692694294","error":""},"_links":{"self":[{"href":"https:\/\/www.europesays.com\/pt\/wp-json\/wp\/v2\/posts\/503977","targetHints":{"allow":["GET"]}}],"collection":[{"href":"https:\/\/www.europesays.com\/pt\/wp-json\/wp\/v2\/posts"}],"about":[{"href":"https:\/\/www.europesays.com\/pt\/wp-json\/wp\/v2\/types\/post"}],"author":[{"embeddable":true,"href":"https:\/\/www.europesays.com\/pt\/wp-json\/wp\/v2\/users\/2"}],"replies":[{"embeddable":true,"href":"https:\/\/www.europesays.com\/pt\/wp-json\/wp\/v2\/comments?post=503977"}],"version-history":[{"count":0,"href":"https:\/\/www.europesays.com\/pt\/wp-json\/wp\/v2\/posts\/503977\/revisions"}],"wp:featuredmedia":[{"embeddable":true,"href":"https:\/\/www.europesays.com\/pt\/wp-json\/wp\/v2\/media\/503978"}],"wp:attachment":[{"href":"https:\/\/www.europesays.com\/pt\/wp-json\/wp\/v2\/media?parent=503977"}],"wp:term":[{"taxonomy":"category","embeddable":true,"href":"https:\/\/www.europesays.com\/pt\/wp-json\/wp\/v2\/categories?post=503977"},{"taxonomy":"post_tag","embeddable":true,"href":"https:\/\/www.europesays.com\/pt\/wp-json\/wp\/v2\/tags?post=503977"}],"curies":[{"name":"wp","href":"https:\/\/api.w.org\/{rel}","templated":true}]}}