{"id":504019,"date":"2026-08-28T20:23:11","date_gmt":"2026-08-28T20:23:11","guid":{"rendered":"https:\/\/www.europesays.com\/pt\/504019\/"},"modified":"2026-08-28T20:23:11","modified_gmt":"2026-08-28T20:23:11","slug":"o-inesperado-aconteceu-boris-perde-o-receio-e-diz-tudo-na-cara-de-vanessa-e-o-choque-reina-big-brother-verao-2026-ultimas-noticias-videos-e-diretos","status":"publish","type":"post","link":"https:\/\/www.europesays.com\/pt\/504019\/","title":{"rendered":"O inesperado aconteceu: Boris perde o receio e diz tudo na cara de Vanessa. E o choque reina &#8211; Big Brother Ver\u00e3o 2026: \u00daltimas Not\u00edcias, V\u00eddeos e Diretos"},"content":{"rendered":"<p>O ambiente aqueceu no <strong>Big Brother Ver\u00e3o<\/strong> e ningu\u00e9m estava \u00e0 espera do que aconteceu durante uma das din\u00e2micas propostas aos concorrentes. Boris decidiu aproveitar o mote da din\u00e2mica para dizer a Vanessa aquilo que, at\u00e9 ent\u00e3o, nunca tinha tido coragem de lhe dizer diretamente.<\/p>\n<p>Sem rodeios e perante os restantes participantes, <a target=\"_self\" rel=\"noopener noreferrer nofollow\" href=\"https:\/\/tvi.iol.pt\/bigbrother\/video\/boris-revela-o-que-nunca-disse-na-cara-de-vanessa-e-todos-ficam-de-queixo-caido\/6a9160be0cf2b42132dbf4ce\">o concorrente acabou por expor aquilo que pensa sobre a colega.<\/a> A revela\u00e7\u00e3o apanhou Vanessa de surpresa e deixou os restantes concorrentes visivelmente chocados.<\/p>\n<p>A din\u00e2mica tinha como objetivo levar os participantes a partilhar opini\u00f5es e sentimentos que, por vezes, ficam por dizer dentro da casa. Boris n\u00e3o deixou escapar a oportunidade e dirigiu-se a Vanessa para colocar em palavras aquilo que guardava h\u00e1 algum tempo.<\/p>\n<p>O momento ganhou intensidade \u00e0 medida que Boris avan\u00e7ava com o seu discurso. Vanessa ouviu atentamente as palavras do colega, enquanto a rea\u00e7\u00e3o dos restantes concorrentes denunciava a surpresa perante aquilo que estava a ser revelado.<\/p>\n<p>Recorde-se que a aproxima\u00e7\u00e3o de Boris e Vanessa tem sido posta em causa nos \u00faltimos dias. Foi a partir da entrada de Joana que tudo mudou e os dois decidiram afastar-se para n\u00e3o criar mal-entendidos, visto que Boris \u00e9 casado.<\/p>\n","protected":false},"excerpt":{"rendered":"O ambiente aqueceu no Big Brother Ver\u00e3o e ningu\u00e9m estava \u00e0 espera do que aconteceu durante uma das&hellip;\n","protected":false},"author":2,"featured_media":504020,"comment_status":"","ping_status":"","sticky":false,"template":"","format":"standard","meta":{"footnotes":"","_share_on_mastodon":"0"},"categories":[85],"tags":[331,48,1170,70471,333,328,335,336,114,115,334,332,330,338,13,32,33,13583,162,29276,227],"class_list":["post-504019","post","type-post","status-publish","format-standard","has-post-thumbnail","category-entretenimento","tag-big","tag-big-brother","tag-big-brother-verao","tag-boris","tag-comentadores","tag-concorrentes","tag-confrontos","tag-discussoes","tag-entertainment","tag-entretenimento","tag-exclusivos","tag-expulso","tag-gala","tag-maria-botelho-moniz","tag-noticias","tag-portugal","tag-pt","tag-revelacao","tag-tvi","tag-vanessa","tag-videos"],"share_on_mastodon":{"url":"https:\/\/pubeurope.com\/@pt\/117175006260764510","error":""},"_links":{"self":[{"href":"https:\/\/www.europesays.com\/pt\/wp-json\/wp\/v2\/posts\/504019","targetHints":{"allow":["GET"]}}],"collection":[{"href":"https:\/\/www.europesays.com\/pt\/wp-json\/wp\/v2\/posts"}],"about":[{"href":"https:\/\/www.europesays.com\/pt\/wp-json\/wp\/v2\/types\/post"}],"author":[{"embeddable":true,"href":"https:\/\/www.europesays.com\/pt\/wp-json\/wp\/v2\/users\/2"}],"replies":[{"embeddable":true,"href":"https:\/\/www.europesays.com\/pt\/wp-json\/wp\/v2\/comments?post=504019"}],"version-history":[{"count":0,"href":"https:\/\/www.europesays.com\/pt\/wp-json\/wp\/v2\/posts\/504019\/revisions"}],"wp:featuredmedia":[{"embeddable":true,"href":"https:\/\/www.europesays.com\/pt\/wp-json\/wp\/v2\/media\/504020"}],"wp:attachment":[{"href":"https:\/\/www.europesays.com\/pt\/wp-json\/wp\/v2\/media?parent=504019"}],"wp:term":[{"taxonomy":"category","embeddable":true,"href":"https:\/\/www.europesays.com\/pt\/wp-json\/wp\/v2\/categories?post=504019"},{"taxonomy":"post_tag","embeddable":true,"href":"https:\/\/www.europesays.com\/pt\/wp-json\/wp\/v2\/tags?post=504019"}],"curies":[{"name":"wp","href":"https:\/\/api.w.org\/{rel}","templated":true}]}}