{"id":50402,"date":"2025-08-29T16:34:08","date_gmt":"2025-08-29T16:34:08","guid":{"rendered":"https:\/\/www.europesays.com\/pt\/50402\/"},"modified":"2025-08-29T16:34:08","modified_gmt":"2025-08-29T16:34:08","slug":"hoje-longe-da-tv-e-da-fama-gala-de-terra-nostra-foi-modelo-lavador-de-barcos-e-sofreu-ao-ser-despejado-veja-10-curiosidades","status":"publish","type":"post","link":"https:\/\/www.europesays.com\/pt\/50402\/","title":{"rendered":"Hoje longe da TV e da fama, gal\u00e3 de &#8216;Terra Nostra&#8217; foi modelo, lavador de barcos e sofreu ao ser despejado; veja 10 curiosidades"},"content":{"rendered":"<p>\n                        Hoje bem longe da TV, F\u00e1bio Dias, o Amadeu da novela &#8216;Terra Nostra&#8217;, j\u00e1 encarou momentos de dificuldade na vida, viveu no exterior por quase uma d\u00e9cada, e foi jogador de basquete\n                    <\/p>\n<p><img loading=\"lazy\" decoding=\"async\" alt=\"Hoje longe da TV e da fama, gal\u00e3 de 'Terra Nostra' foi modelo, lavador de barcos e sofreu ao ser despejado; veja 10 curiosidades.\" class=\"img-e2a51254f6c43776a6253720a5fc5d6ax2pxj1kl\" height=\"455\" src=\"https:\/\/www.europesays.com\/pt\/wp-content\/uploads\/2025\/08\/1411483315-ca64fe8418d1a05f-1400x823-2.jpg\"  title=\"Hoje longe da TV e da fama, gal\u00e3 de 'Terra Nostra' foi modelo, lavador de barcos e sofreu ao ser despejado; veja 10 curiosidades.\" width=\"774\"\/><\/p>\n<p>Hoje longe da TV e da fama, gal\u00e3 de &#8216;Terra Nostra&#8217; foi modelo, lavador de barcos e sofreu ao ser despejado; veja 10 curiosidades.<\/p>\n<p>Foto: Reprodu\u00e7\u00e3o\/Instagram, @fabio_diasl1 \/ Purepeople<\/p>\n<p class=\"text\"><a href=\"https:\/\/www.purepeople.com.br\/noticia\/terra-nostra-que-ano-passou-globo-toma-importante-decisao-envolvendo-capitulos-da-novela-substituta-de-historia-de-amor_a410859\/1\" rel=\"nofollow noopener\" target=\"_blank\">Com reestreia marcada para esta segunda-feira (1\u00ba)<\/a>, a novela <strong>&#8220;Terra Nostra&#8221;<\/strong> (1999-2000) foi o principal e primeiro trabalho de F\u00e1bio Dias, gal\u00e3 da \u00e9poca, na teledramaturgia. Int\u00e9rprete de Amadeu e par de <a href=\"https:\/\/www.terra.com.br\/tudo-sobre\/claudia-raia\" target=\"_self\" rel=\"nofollow noopener\">Claudia Raia<\/a> na fic\u00e7\u00e3o, o ator deixou a TV e <a href=\"https:\/\/www.purepeople.com.br\/noticia\/como-esta-o-amadeu-de-terra-nostra-hoje-gala-largou-tudo-por-ciumes-foi-criar-gados-e-hoje-e-empresario-no-interior-de-sao-paulo_a410900\/1\" rel=\"nofollow noopener\" target=\"_blank\">n\u00e3o tem planos para retomar a carreira, dedicando-se agora \u00e0 cria\u00e7\u00e3o de gados<\/a>.<\/p>\n<p class=\"text\">O que poucos sabem \u00e9 que o hoje empres\u00e1rio j\u00e1 se aventurou no esporte, teve profiss\u00f5es bem distantes das novelas, foi modelo e morou no exterior, em alguns pa\u00edses da Europa. E foi no Velho Continente onde F\u00e1bio deu os primeiros passos na carreira.<\/p>\n<p class=\"text\">Confira a seguir curiosidades sobre F\u00e1bio Dias relatadas pelo gal\u00e3 \u00e0 imprensa durante a exibi\u00e7\u00e3o de &#8220;Terra Nostra&#8221;.<\/p>\n<p>\n  Gal\u00e3 de &#8216;Terra Nostra&#8217; jogou basquete e dividiu barraco em comunidade\n<\/p>\n<ol>\n<li>Amadeu da novela &#8220;Terra Nostra&#8221;, F\u00e1bio Dias trabalhou como <strong>lavador de barcos nos EUA<\/strong>, mais precisamente em Miami.<\/li>\n<li>Antes de atuar na trama de \u00e9poca da Globo, fez <strong>curso de teatro na It\u00e1lia<\/strong>, onde morou por dois anos<strong>.<\/strong><\/li>\n<li>F\u00e1bio <strong>fez participa\u00e7\u00e3o em seriados<\/strong> de emissoras da Alemanha e da Espanha, al\u00e9m da pr\u00f3pria It\u00e1lia.<\/li>\n<li><strong>Morou seis anos no exterior<\/strong>, sendo dois nos EUA e quatro em pa\u00edses da Europa.<\/li>\n<li>Assim que retornou ao Brail, <strong>se virou novamente para a carreira de ator<\/strong> e fez teste para &#8220;Terra Nostra&#8221;, novela de Benedito Ruy Barbosa, autor que <a href=\"https:\/\/www.purepeople.com.br\/noticia\/quem-e-benedito-ruy-barbosa-da-globo-internado-em-uti-autor-de-novelas-tem-estado-de-saude-atualizado-por-filha_a407431\/1\" rel=\"nofollow noopener\" target=\"_blank\">vem enfrentando problemas de sa\u00fade nos \u00faltimos anos<\/a>.<\/li>\n<li>O <strong>ator iria atuar na novela &#8220;Brida&#8221;<\/strong>, por\u00e9m nem chegou a gravar. <a href=\"https:\/\/www.purepeople.com.br\/noticia\/polemica-com-nu-atriz-substituida-fiasco-na-audiencia-final-improvisado-e-mais-unica-novela-de-paulo-coelho-para-a-tv-foi-um-verdadeiro-caos_a410675\/1\" rel=\"nofollow noopener\" target=\"_blank\">A hist\u00f3ria da Manchete teve seu final antecipado<\/a> no meio da crise que levaria a emissora \u00e0 fa&#8230;<\/li>\n<p class=\"text\"><a href=\"https:\/\/www.purepeople.com.br\/noticia\/amadeu-na-novela-terra-nostra-e-hoje-longe-da-globo-famoso-ator-lavou-barcos-e-foi-despejado-do-flamengo-10-curiosidades_a410941\/1\" rel=\"nofollow noopener\" target=\"_blank\">Veja mais<\/a> <\/p>\n<\/ol>\n<p class=\"text\"><b>Mat\u00e9rias relacionadas<\/b><\/p>\n<p class=\"text\"><a href=\"https:\/\/www.purepeople.com.br\/noticia\/como-esta-o-amadeu-de-terra-nostra-hoje-gala-largou-tudo-por-ciumes-foi-criar-gados-e-hoje-e-empresario-no-interior-de-sao-paulo_a410900\/1\" rel=\"nofollow noopener\" target=\"_blank\">Um dos maiores gal\u00e3s de &#8216;Terra Nostra&#8217; sumiu da TV: ele largou tudo por ci\u00fames, foi criar gados e hoje \u00e9 empres\u00e1rio no interior de S\u00e3o Paulo<\/a><\/p>\n<p class=\"text\"><a href=\"https:\/\/www.purepeople.com.br\/noticia\/como-esta-hoje-teo-de-a-viagem-pai-de-paty-na-novela-e-ex-globo-mauricio-mattar-teve-doenca-no-coracao-tem-vida-longe-da-tv-e-fez-harmonizacao_a407544\/1\" rel=\"nofollow noopener\" target=\"_blank\">Como est\u00e1 o T\u00e9o de &#8216;A Viagem&#8217; hoje? Pai de Paty na novela e ex-gal\u00e3 da Globo, Maur\u00edcio Mattar sofreu infarto, fez harmoniza\u00e7\u00e3o e tem vida longe da TV<\/a><\/p>\n<p class=\"text\"><a href=\"https:\/\/www.purepeople.com.br\/noticia\/joao-fonseca-tem-namorada-tenista-de-roland-garros-mantem-namoro-bem-longe-da-fama-com-modelo-veja-fotos-de-manu-noronha_a407482\/1\" rel=\"nofollow noopener\" target=\"_blank\">Quem \u00e9 a namorada de Jo\u00e3o Gomes, Manu Noronha? Tenista mant\u00e9m rela\u00e7\u00e3o longe da fama; veja fotos da modelo!<\/a><\/p>\n<p class=\"text\"><a href=\"https:\/\/www.purepeople.com.br\/noticia\/dudu-da-novela-a-viagem-hoje-ex-globo-esta-bem-diferente-se-afastou-da-tv-e-tem-trabalho-longe-de-novelas-detalhes_a407336\/1\" rel=\"nofollow noopener\" target=\"_blank\">Por onde anda Daniel \u00c1vila, o Dudu de &#8216;A Viagem&#8217; hoje? Ator se afastou da TV h\u00e1 mais de uma d\u00e9cada e tem trabalho longe das novelas<\/a><\/p>\n<p class=\"text\"><a href=\"https:\/\/www.purepeople.com.br\/noticia\/antes-e-depois-do-elenco-de-eta-mundo-melhor-9-anos-apos-eta-mundo-bom-veja-como-estao-hoje-19-atores-que-retornam-a-novela-da-tv-globo_a408646\/1\" rel=\"nofollow noopener\" target=\"_blank\">Antes e depois do elenco de &#8216;\u00cata Mundo Melhor!&#8217;: 9 anos ap\u00f3s &#8216;\u00cata Mundo Bom!&#8217;, veja como est\u00e3o hoje 19 atores que retornam \u00e0 novela da TV Globo<\/a><\/p>\n","protected":false},"excerpt":{"rendered":"Hoje bem longe da TV, F\u00e1bio Dias, o Amadeu da novela &#8216;Terra Nostra&#8217;, j\u00e1 encarou momentos de dificuldade&hellip;\n","protected":false},"author":2,"featured_media":50403,"comment_status":"","ping_status":"","sticky":false,"template":"","format":"standard","meta":{"footnotes":""},"categories":[142],"tags":[114,115,32,33,151],"class_list":{"0":"post-50402","1":"post","2":"type-post","3":"status-publish","4":"format-standard","5":"has-post-thumbnail","7":"category-tv","8":"tag-entertainment","9":"tag-entretenimento","10":"tag-portugal","11":"tag-pt","12":"tag-tv"},"share_on_mastodon":{"url":"","error":""},"_links":{"self":[{"href":"https:\/\/www.europesays.com\/pt\/wp-json\/wp\/v2\/posts\/50402","targetHints":{"allow":["GET"]}}],"collection":[{"href":"https:\/\/www.europesays.com\/pt\/wp-json\/wp\/v2\/posts"}],"about":[{"href":"https:\/\/www.europesays.com\/pt\/wp-json\/wp\/v2\/types\/post"}],"author":[{"embeddable":true,"href":"https:\/\/www.europesays.com\/pt\/wp-json\/wp\/v2\/users\/2"}],"replies":[{"embeddable":true,"href":"https:\/\/www.europesays.com\/pt\/wp-json\/wp\/v2\/comments?post=50402"}],"version-history":[{"count":0,"href":"https:\/\/www.europesays.com\/pt\/wp-json\/wp\/v2\/posts\/50402\/revisions"}],"wp:featuredmedia":[{"embeddable":true,"href":"https:\/\/www.europesays.com\/pt\/wp-json\/wp\/v2\/media\/50403"}],"wp:attachment":[{"href":"https:\/\/www.europesays.com\/pt\/wp-json\/wp\/v2\/media?parent=50402"}],"wp:term":[{"taxonomy":"category","embeddable":true,"href":"https:\/\/www.europesays.com\/pt\/wp-json\/wp\/v2\/categories?post=50402"},{"taxonomy":"post_tag","embeddable":true,"href":"https:\/\/www.europesays.com\/pt\/wp-json\/wp\/v2\/tags?post=50402"}],"curies":[{"name":"wp","href":"https:\/\/api.w.org\/{rel}","templated":true}]}}