{"id":504051,"date":"2026-08-28T20:54:53","date_gmt":"2026-08-28T20:54:53","guid":{"rendered":"https:\/\/www.europesays.com\/pt\/504051\/"},"modified":"2026-08-28T20:54:53","modified_gmt":"2026-08-28T20:54:53","slug":"a-verdade-de-santo-agostinho-na-era-da-inteligencia-artificial","status":"publish","type":"post","link":"https:\/\/www.europesays.com\/pt\/504051\/","title":{"rendered":"A Verdade de Santo Agostinho na era da intelig\u00eancia artificial"},"content":{"rendered":"<p>Nesta sexta-feira (28\/08), a Igreja celebra a mem\u00f3ria de Santo Agostinho. Neste \u00faltimo ano, a enc\u00edclica Magnifica humanitas, na qual Le\u00e3o XIV descreve o valor da pessoa e a dignidade humana na era da Intelig\u00eancia artificial, teve um papel importante nos debates sobre a era de Intelig\u00eancia Artificial. Frei Welton Cavallini, frade agostiniano recoleto, concedeu uma entrevista a R\u00e1dio Vaticano-Vatican News com a finalidade de explicar melhor a rela\u00e7\u00e3o entre a verdade agostiniana e a IA. <\/p>\n<p style=\"text-align: justify;\"><b>Poliana Ferreira &#8211; Vatican News<\/b><\/p>\n<p style=\"text-align: justify;\">Santo Agostinho nasceu em 13 de novembro de 354, na cidade de Tagaste, no norte da \u00c1frica, regi\u00e3o que atualmente pertence \u00e0 Arg\u00e9lia. Seu nome completo era Aur\u00e9lio Agostinho. Sua m\u00e3e, Santa M\u00f4nica, era crist\u00e3 e teve grande influ\u00eancia em sua vida, enquanto seu pai, Patr\u00edcio, inicialmente era pag\u00e3o e com o car\u00e1ter muito dif\u00edcil.<\/p>\n<p style=\"text-align: justify;\">Agostinho era muito interessado em filosofia e buscava respostas para quest\u00f5es sobre a exist\u00eancia humana, a verdade e o sentido da vida. Apesar da educa\u00e7\u00e3o crist\u00e3 recebida de sua m\u00e3e, durante muitos anos Agostinho se afastou da f\u00e9 crist\u00e3.<\/p>\n<p style=\"text-align: justify;\">Sua m\u00e3e, M\u00f4nica, continuou rezando por sua convers\u00e3o durante muitos anos. Em 386, enquanto vivia em Mil\u00e3o, Agostinho passou por uma profunda transforma\u00e7\u00e3o espiritual. Influenciado pelos ensinamentos do bispo Santo Ambr\u00f3sio e por suas pr\u00f3prias reflex\u00f5es, decidiu abandonar sua antiga vida e seguir o cristianismo.<\/p>\n<p style=\"text-align: justify;\">Em 387, Agostinho foi batizado por Santo Ambr\u00f3sio. Depois disso, voltou para o norte da \u00c1frica e passou a dedicar sua vida \u00e0 Palavra de Deus. Em 391, foi ordenado sacerdote e, alguns anos depois, tornou-se bispo de Hipona, cidade localizada na atual Arg\u00e9lia.<\/p>\n<p style=\"text-align: justify;\">Como bispo, Agostinho escreveu muitas obras importantes sobre a f\u00e9 crist\u00e3, a filosofia, a moral e a sociedade. Entre seus livros mais conhecidos est\u00e3o Confiss\u00f5es, em que conta sua trajet\u00f3ria pessoal e espiritual, e A Cidade de Deus, uma importante reflex\u00e3o sobre a hist\u00f3ria e a rela\u00e7\u00e3o entre a sociedade humana e a f\u00e9.<\/p>\n<p style=\"text-align: justify;\">Santo Agostinho morreu em 28 de agosto de 430, durante um per\u00edodo de conflitos que atingiam a cidade de Hipona. Ap\u00f3s sua morte, seus ensinamentos continuaram influenciando profundamente o cristianismo e a filosofia ocidental. Ele \u00e9 considerado um dos grandes Doutores da Igreja e \u00e9 celebrado pela Igreja Cat\u00f3lica em 28 de agosto.<\/p>\n<p>    <img decoding=\"async\" src=\"data:image\/gif;base64,R0lGODlhAQABAIAAAAAAAP\/\/\/yH5BAEAAAAALAAAAAABAAEAAAIBRAA7\" data-original=\"https:\/\/www.vaticannews.va\/content\/dam\/vaticannews\/multimedia\/2026\/Luglio\/01\/IMG_7342aem.jpg\/_jcr_content\/renditions\/cq5dam.thumbnail.cropped.750.422.jpeg\" alt=\"Imagem de Santo Agostinho, Doutor da Igreja e Bispo de Hipona\" title=\"Imagem de Santo Agostinho, Doutor da Igreja e Bispo de Hipona\"\/><\/p>\n<p>\n   Imagem de Santo Agostinho, Doutor da Igreja e Bispo de Hipona\n  <\/p>\n<p style=\"text-align: justify;\">A vida de Santo Agostinho \u00e9 lembrada principalmente como uma hist\u00f3ria de busca pela verdade, mudan\u00e7a e convers\u00e3o. Sua trajet\u00f3ria mostra como uma pessoa pode passar por diferentes caminhos antes de encontrar aquilo que considera o verdadeiro sentido de sua vida.<\/p>\n<p style=\"text-align: justify;\">Nos tempos atuais, o mundo vive um grande dilema sobre a intelig\u00eancia artificial (IA), criada com a finalidade de facilitar nossas vidas. Mas o problema come\u00e7a quando deixamos de enxerg\u00e1-la como uma ferramenta e passamos a trat\u00e1-la como uma autoridade absoluta.<\/p>\n<p style=\"text-align: justify;\">N\u00e3o obstante, a primeira enc\u00edclica do Papa Le\u00e3o XIV, intitulada Magnifica humanitas, recorre sobre a import\u00e2ncia de proteger a dignidade e o valor da pessoa humana na era da IA.<\/p>\n<p style=\"text-align: justify;\">Dessa maneira, para melhor compreender o assunto, a R\u00e1dio Vaticano &#8211; Vatican News conversou com o frei Welton Cavallini, da Ordem Agostiniana Recoleta, que atua na Par\u00f3quia Santo Agostinho e Santa Rita de C\u00e1ssia, no Rio de Janeiro. Ele falou sobre a rela\u00e7\u00e3o entre a verdade agostiniana e a era da Intelig\u00eancia Artificial.<\/p>\n<p>    <img decoding=\"async\" src=\"data:image\/gif;base64,R0lGODlhAQABAIAAAAAAAP\/\/\/yH5BAEAAAAALAAAAAABAAEAAAIBRAA7\" data-original=\"https:\/\/www.vaticannews.va\/content\/dam\/vaticannews\/multimedia\/2026\/agosto\/28\/welton-3.jpg\/_jcr_content\/renditions\/cq5dam.thumbnail.cropped.750.422.jpeg\" alt=\"Frei Welton, frade agostiniano recoleto, que atua no Rio de Janeiro\" title=\"Frei Welton, frade agostiniano recoleto, que atua no Rio de Janeiro\"\/><\/p>\n<p>\n   Frei Welton, frade agostiniano recoleto, que atua no Rio de Janeiro \u00a0 (Frei Wellton)\n  <\/p>\n<p style=\"text-align: justify;\">Para come\u00e7ar a entrevista, frei Welton aborda a verdade de Santo Agostinho. Assim comentou:<\/p>\n<p style=\"text-align: justify;\">\u201cEu come\u00e7aria dizendo que, para Santo Agostinho, a verdade n\u00e3o \u00e9 uma propriedade privada do indiv\u00edduo e ningu\u00e9m pode dizer, autenticamente, &#8220;a verdade \u00e9 minha&#8221; como se fosse uma propriedade ou um propriet\u00e1rio dela. Para Santo Agostinho, acontece justamente o contr\u00e1rio, pois n\u00f3s \u00e9 que somos chamados a pertencer \u00e0 Verdade. Somos participantes da verdade que \u00e9 Deus. Esse ponto \u00e9 extremamente importante para o nosso tempo, porque vivemos numa sociedade onde muitas vezes a verdade \u00e9 confundida com opini\u00e3o. \u201cEu tenho a minha verdade\u201d, muitos falam, \u201cVoc\u00ea tem a sua verdade. Cada um acredita naquilo que quiser.\u201d. Outras pessoas dizem: \u201cAgostinho respeitaria profundamente o caminho interior de cada pessoa, mas n\u00e3o aceitaria de maneira nenhuma reduzir a verdade a uma prefer\u00eancia individual\u201d. Uma das frases mais conhecidas de Santo Agostinho, que ele escreve na &#8220;De Vera Religione&#8221;, (A Verdadeira Religi\u00e3o), ele fala: \u201cn\u00e3o saia de ti; volta para dentro de ti mesmo; no homem interior, habita a verdade&#8221;.<\/p>\n<p style=\"text-align: justify;\">\u00c9 preciso compreender bem essa frase Agostinho. Ele n\u00e3o est\u00e1 dizendo \u201centre dentro de voc\u00ea e invente a sua verdade\u201d, mas est\u00e1 dizendo \u201centre em voc\u00ea para encontrar uma verdade que \u00e9 maior do que voc\u00ea\u201d.\u00a0A interioridade Agostiniana n\u00e3o termina no pr\u00f3prio ego. Ela \u00e9 o caminho de transcend\u00eancia. Eu entro dentro de mim mesmo e descubro o que existe em mim.\u00a0Por isso, diante da intelig\u00eancia artificial, Agostinho provavelmente faria uma distin\u00e7\u00e3o fundamental: uma m\u00e1quina pode produzir uma afirma\u00e7\u00e3o verdadeira sem viver na verdade. Pode ser uma coisa correta, pode organizar conhecimento, pode produzir argumentos, mas a rela\u00e7\u00e3o humana com a verdade inclui consci\u00eancia, liberdade, responsabilidade, amor e transforma\u00e7\u00e3o interior. Interioridade \u00e9 o carisma agostiniano. Voc\u00ea \u00e9 uma verdade e juntos, n\u00e3o eu contra voc\u00ea, mas uma comunidade de irm\u00e3os que busca. Por isso, Santo Agostinho disse: uma s\u00f3 Alma e um s\u00f3 cora\u00e7\u00e3o orientados para Deus, como aparece na regra de Santa Agostinho. Isso muda completamente o modo de discutir.\u201d<\/p>\n<p>    <img decoding=\"async\" src=\"data:image\/gif;base64,R0lGODlhAQABAIAAAAAAAP\/\/\/yH5BAEAAAAALAAAAAABAAEAAAIBRAA7\" data-original=\"https:\/\/www.vaticannews.va\/content\/dam\/vaticannews\/multimedia\/2026\/agosto\/28\/welton-7.jpg\/_jcr_content\/renditions\/cq5dam.thumbnail.cropped.750.422.jpeg\" alt=\"Frei Welton palestrando na Par\u00f3quia Santo Agostinho e Santa Rita de C\u00e1ssia\" title=\"Frei Welton palestrando na Par\u00f3quia Santo Agostinho e Santa Rita de C\u00e1ssia\"\/><\/p>\n<p>\n   Frei Welton palestrando na Par\u00f3quia Santo Agostinho e Santa Rita de C\u00e1ssia \u00a0 (Frei Wellton)\n  <\/p>\n<p style=\"text-align: justify;\">Ademais, frei Welton, ao ser perguntado sobre como o conceito de bem e mal em Santo Agostinho poderia orientar o desenvolvimento e o uso respons\u00e1vel da IA, ele ressaltou que &#8220;para Santo Agostinho, uma das ideias mais importantes \u00e9 que tudo aquilo que Deus criou possui algum bem. O mal n\u00e3o \u00e9 uma subst\u00e2ncia criada por Deus. O mal \u00e9 uma priva\u00e7\u00e3o do bem, uma corrup\u00e7\u00e3o, uma desordem daquilo que em si possui bondade.<\/p>\n<p style=\"text-align: justify;\">Santo Agostinho escreveu algumas obras e nessas obras j\u00e1 afirmaram que aquilo que chamamos mal n\u00e3o pode existir sem algum bem, porque o mal \u00e9 corrup\u00e7\u00e3o de um bem. Essa vis\u00e3o \u00e9 muito importante para pensar na tecnologia. Eu n\u00e3o diria que a intelig\u00eancia artificial \u00e9 m\u00e1, isso seria filosoficamente pobre e pouco agostiniano. Tamb\u00e9m n\u00e3o diria jamais que a intelig\u00eancia artificial \u00e9 boa simplesmente porque \u00e9 tecnologicamente avan\u00e7ada, isso tamb\u00e9m seria insuficiente. A pergunta agostiniana seria: que ordem do bem essa tecnologia est\u00e1 servindo?<\/p>\n<p style=\"text-align: justify;\">Uma tecnologia pode possuir uma enorme capacidade de ser utilizada de maneira desordenada, por exemplo: a IA pode ajudar na educa\u00e7\u00e3o, pode ampliar o acesso ao conhecimento, pode auxiliar pesquisas, pode ajudar pessoas com defici\u00eancia, pode melhorar processos m\u00e9dicos, pode facilitar at\u00e9 servi\u00e7o, tudo isso pode representar bens reais, mas a mesma tecnologia pode ser utilizada para manipular, enganar, discriminar, vigiar injustamente, humilhar, produzir desinforma\u00e7\u00e3o, reduzir pessoas a dados, substituir irrespons\u00e1velmente decis\u00f5es humanas. Portanto, o problema moral n\u00e3o est\u00e1 simplesmente na exist\u00eancia da tecnologia, mas est\u00e1 na ordem do amor e da vontade que dirige seu uso.<\/p>\n<p style=\"text-align: justify;\">Agostinho faz uma distin\u00e7\u00e3o importante em &#8220;A Doutrina Crist\u00e3&#8221;, (De doctrina Christiana), entre usar e fruir, a realidade que deve ser utilizada com meios, e existe aquilo que constitui o fim \u00faltimo da exist\u00eancia. A tecnologia deve servir \u00e0 pessoa, a pessoa n\u00e3o deve se transformar para servir a tecnologia. Ent\u00e3o, eu colocaria quatro perguntas agostinianas diante de qualquer sistema de intelig\u00eancia artificial: Isso preserva a dignidade da pessoa? Isso promove o bem comum? Isso aumenta a liberdade? Est\u00e1 a servi\u00e7o do amor ou apenas do poder e da efici\u00eancia?&#8221;<\/p>\n<p>    <img decoding=\"async\" src=\"data:image\/gif;base64,R0lGODlhAQABAIAAAAAAAP\/\/\/yH5BAEAAAAALAAAAAABAAEAAAIBRAA7\" data-original=\"https:\/\/www.vaticannews.va\/content\/dam\/vaticannews\/multimedia\/2026\/agosto\/28\/welton-5.jpg\/_jcr_content\/renditions\/cq5dam.thumbnail.cropped.750.422.jpeg\" alt=\"Frei Welton palestrando na Par\u00f3quia Santo Agostinho e Santa Rita de C\u00e1ssia, na Barra da Tijuca\" title=\"Frei Welton palestrando na Par\u00f3quia Santo Agostinho e Santa Rita de C\u00e1ssia, na Barra da Tijuca\"\/><\/p>\n<p>\n   Frei Welton palestrando na Par\u00f3quia Santo Agostinho e Santa Rita de C\u00e1ssia, na Barra da Tijuca \u00a0 (Frei Wellton)\n  <\/p>\n<p style=\"text-align: justify;\">Por fim, ao ser questionado sobre como a vis\u00e3o de Santo Agostinho sobre a dignidade e a interioridade humana dialoga com a preocupa\u00e7\u00e3o de Le\u00e3o XIV em preservar a pessoa humana diante do avan\u00e7o da intelig\u00eancia artificial, frei Welton ressaltou que &#8220;para Agostinho, o ser humano n\u00e3o pode ser compreendido apenas externamente. A pessoa possui uma profundidade de mem\u00f3ria, intelig\u00eancia, vontade, desejo, consci\u00eancia, liberdade, capacidade de amar e capacidade de entrar em rela\u00e7\u00e3o com Deus. Por isso,\u00a0a c\u00e9lebre afirma\u00e7\u00e3o em\u00a0De Vera Religione, (A Verdadeira Religi\u00e3o), &#8220;n\u00e3o saia de ti; volta para dentro de ti mesmo; no homem interior habita a verdade&#8221;.\u00a0<\/p>\n<p style=\"text-align: justify;\">Aplicado ao nosso tempo, essa frase possui uma\u00a0for\u00e7a enorme. A intelig\u00eancia artificial trabalha muito bem com aquilo que pode ser convertido em dados, como por exemplo prefer\u00eancias, padr\u00f5es, comportamentos, probabilidades de h\u00e1bitos hist\u00f3ricos e de linguagem, mas uma pessoa \u00e9 muito mais do que a soma dos dados dispon\u00edveis sobre ela. Esse ponto precisa ser defendido, a pessoa humana precisa ser defendida. Eu n\u00e3o sou apenas aquilo que um algoritmo consegue prever sobre mim. Dignidade n\u00e3o depende do meu desempenho, meu valor n\u00e3o depende da minha produtividade, meu valor n\u00e3o aumenta porque sua inteligente e n\u00e3o diminui porque tenho limita\u00e7\u00f5es. Essa uma quest\u00e3o decisiva, pois se come\u00e7armos a avaliar o mundo segundo a l\u00f3gica das m\u00e1quinas, efici\u00eancia, velocidade, c\u00e1lculos, desempenho, corremos o risco de transformar pessoas em fun\u00e7\u00f5es.\u00a0Agostinho nos recorda que o centro da pessoa est\u00e1 mais fundo.<\/p>\n<p style=\"text-align: justify;\">Existe, para Santo Agostinho, um homem interior e existe um bel\u00edssimo princ\u00edpio agostiniano que pode ser aplicado aqui: a pessoa deve ser encontrada na interioridade, mas a interioridade verdadeira produz a comunh\u00e3o. O carisma agostiniano n\u00e3o produz indiv\u00edduos fechados em si mesmo, mas produz comunidade. A regra de Santo Agostinho apresenta o ideal de viver:\u00a0 uma s\u00f3 alma e um s\u00f3 cora\u00e7\u00e3o orientados para Deus. Essa express\u00e3o oferece um crit\u00e9rio extraordin\u00e1rio para IA: Essa tecnologia aproxima ou fragmenta? Humaniza ou isola? Promove comunh\u00e3o ou transforma rela\u00e7\u00f5es em consumo? Serve a pessoas vulner\u00e1veis ou as exclui? Protege a pessoa ou transforma a pessoa em mat\u00e9ria-prima econ\u00f4mica? A dignidade existe quando a intelig\u00eancia artificial continue sendo colocada a servi\u00e7o do humano integral.&#8221;<\/p>\n","protected":false},"excerpt":{"rendered":"Nesta sexta-feira (28\/08), a Igreja celebra a mem\u00f3ria de Santo Agostinho. Neste \u00faltimo ano, a enc\u00edclica Magnifica humanitas,&hellip;\n","protected":false},"author":2,"featured_media":504052,"comment_status":"","ping_status":"","sticky":false,"template":"","format":"standard","meta":{"footnotes":"","_share_on_mastodon":"0"},"categories":[50],"tags":[726,27,28,15,16,14,545,933,25,26,66799,21,22,62,12,13,19,20,23,24,14695,17,18,29,30,31,63,64,65],"class_list":["post-504051","post","type-post","status-publish","format-standard","has-post-thumbnail","category-mundo","tag-brasil","tag-breaking-news","tag-breakingnews","tag-featured-news","tag-featurednews","tag-headlines","tag-igreja-catolica","tag-inteligencia-artificial","tag-latest-news","tag-latestnews","tag-magnifica-humanitas","tag-main-news","tag-mainnews","tag-mundo","tag-news","tag-noticias","tag-noticias-principais","tag-noticiasprincipais","tag-principais-noticias","tag-principaisnoticias","tag-santo-agostinho","tag-top-stories","tag-topstories","tag-ultimas","tag-ultimas-noticias","tag-ultimasnoticias","tag-world","tag-world-news","tag-worldnews"],"share_on_mastodon":{"url":"https:\/\/pubeurope.com\/@pt\/117175132246020645","error":""},"_links":{"self":[{"href":"https:\/\/www.europesays.com\/pt\/wp-json\/wp\/v2\/posts\/504051","targetHints":{"allow":["GET"]}}],"collection":[{"href":"https:\/\/www.europesays.com\/pt\/wp-json\/wp\/v2\/posts"}],"about":[{"href":"https:\/\/www.europesays.com\/pt\/wp-json\/wp\/v2\/types\/post"}],"author":[{"embeddable":true,"href":"https:\/\/www.europesays.com\/pt\/wp-json\/wp\/v2\/users\/2"}],"replies":[{"embeddable":true,"href":"https:\/\/www.europesays.com\/pt\/wp-json\/wp\/v2\/comments?post=504051"}],"version-history":[{"count":0,"href":"https:\/\/www.europesays.com\/pt\/wp-json\/wp\/v2\/posts\/504051\/revisions"}],"wp:featuredmedia":[{"embeddable":true,"href":"https:\/\/www.europesays.com\/pt\/wp-json\/wp\/v2\/media\/504052"}],"wp:attachment":[{"href":"https:\/\/www.europesays.com\/pt\/wp-json\/wp\/v2\/media?parent=504051"}],"wp:term":[{"taxonomy":"category","embeddable":true,"href":"https:\/\/www.europesays.com\/pt\/wp-json\/wp\/v2\/categories?post=504051"},{"taxonomy":"post_tag","embeddable":true,"href":"https:\/\/www.europesays.com\/pt\/wp-json\/wp\/v2\/tags?post=504051"}],"curies":[{"name":"wp","href":"https:\/\/api.w.org\/{rel}","templated":true}]}}