{"id":504053,"date":"2026-08-28T20:56:34","date_gmt":"2026-08-28T20:56:34","guid":{"rendered":"https:\/\/www.europesays.com\/pt\/504053\/"},"modified":"2026-08-28T20:56:34","modified_gmt":"2026-08-28T20:56:34","slug":"montenegro-quer-entendimento-nacional-na-seguranca-social-observador","status":"publish","type":"post","link":"https:\/\/www.europesays.com\/pt\/504053\/","title":{"rendered":"Montenegro quer &#8220;entendimento nacional&#8221; na Seguran\u00e7a Social \u2013 Observador"},"content":{"rendered":"<p>Lu\u00eds Montenegro foi resistindo enquanto p\u00f4de, mas perante a repeti\u00e7\u00e3o de perguntas dos alunos da Universidade de Ver\u00e3o do PSD acabou por falar sobre a reforma da Seguran\u00e7a Social. O primeiro-ministro reiterou que n\u00e3o vai faz\u00ea-la nesta legislatura e que, se algum dia \u201cpropuser essa transforma\u00e7\u00e3o estrutural, ser\u00e1 na base de um <strong>compromisso<\/strong> que assumirei com o povo portugu\u00eas <strong>antes das elei\u00e7\u00f5es<\/strong>\u201c. Al\u00e9m dessa garantia, Lu\u00eds Montenegro prop\u00f4s tamb\u00e9m um pacto aos restantes partidos para resolver os problemas de sustentabilidade: \u201cO meu desejo era que n\u00f3s pud\u00e9ssemos ter um <strong>entendimento nacional<\/strong> para que, independentemente da for\u00e7a pol\u00edtica que ganhasse as elei\u00e7\u00f5es, todos se comprometessem a executar a transforma\u00e7\u00e3o estrutural que d\u00e1 sustentabilidade a este sistema.\u201d<\/p>\n<p>Como mexer no sistema de pens\u00f5es \u00e9 altamente impopular, mas \u00e9 necess\u00e1rio, Montenegro faz assim um pacto que vincula todos e permite a reforma se concretizar a m\u00e9dio prazo. \u201cTemos de nos entender e para nos entendermos precisamos de <strong>partir muita pedra<\/strong>.\u201d \u00c9 depois dessa discuss\u00e3o entre partidos, sobre \u201csolu\u00e7\u00f5es\u201d e \u201cfontes de financiamento\u201d que as for\u00e7as pol\u00edticas devem, defende, decidir \u201cse vale a pena mudar por aqui, se vale a pena mudar por ali, com que conte\u00fado e com que previs\u00e3o temporal.\u201d<\/p>\n<p>Montenegro diz ainda que a acusa\u00e7\u00e3o de que o PSD quer \u201cprivatizar a Seguran\u00e7a Social,\u00a0isso \u00e9 tudo conversa\u201d. O primeiro-ministro disse ainda, utilizando a mesma frase que o Presidente da Rep\u00fablica no fim de semana, que \u201cas reformas s\u00e3o sagradas\u201d. E volta a deixar a promessa: \u201cDemitir-me-ei se algum dia for obrigado a cortar uma pens\u00e3o. N\u00e3o o farei. \u00c9 um contrato que tenho com os pensionistas portugueses.\u201d<\/p>\n<p>Antes disso, Lu\u00eds Montenegro j\u00e1 tinha sido por duas vezes questionado sobre o assunto pelos alunos \u2014 numa sess\u00e3o por videoconfer\u00eancia anunciada uma hora antes \u2014 mas tinha fugido. Uma aluna tinha at\u00e9 perguntado ao primeiro-ministro sobre que reforma escolheria caso soubesse que ia ser mesmo realizada, ao que Montenegro brincou: \u201cEu agora respondia que era a <strong>reforma da Seguran\u00e7a Social<\/strong> e <strong>abr\u00edamos os telejornais<\/strong>\u201d. O primeiro-ministro respondia \u00e0 dist\u00e2ncia a partir da sede do PSD, em Lisboa, aos alunos que estavam em Castelo de Vide. Foram 10 perguntas.<\/p>\n<p>O primeiro-ministro atrasou-se meia hora no evento com alunos porque a reuni\u00e3o das ter\u00e7as-feiras com Ant\u00f3nio Jos\u00e9 Seguro se realizou esta semana, excecionalmente, \u00e0 quinta-feira. O pacto entre partidos que Montenegro prop\u00f5e para a Seguran\u00e7a Social vai ao encontro da posi\u00e7\u00e3o que o Presidente da Rep\u00fablica defende para estas mat\u00e9rias.<\/p>\n<p>Num dia em que se mostrou ao lado de Lu\u00eds Neves numa visita matinal ao Aeroporto, em Lisboa, o primeiro-ministro foi questionado pelos alunos sobre os pedidos de demiss\u00e3o a ministros e voltou a sugerir que n\u00e3o est\u00e1 nos seus horizontes substituir o ministro da Administra\u00e7\u00e3o Interna. Para Montenegro trata-se de \u201cataques<strong>\u00a0sem fundamento<\/strong>\u201c, destacando que o Governo tem \u201cuma <strong>fibra<\/strong>, uma filosofia, que \u00e9 intoc\u00e1vel: vamos continuar a defender as convic\u00e7\u00f5es.\u201d<\/p>\n<p>O chefe de Governo acrescenta ainda que \u201cindependentemente da <strong>espuma dos dias<\/strong>, e de asfixiarem o debate com coisas que correm mal, a responsabilidade [do Governo] \u00e9 continuar a executar a sua pol\u00edtica, os seus compromissos\u201d. E atira aos \u201cque privilegiam o ataque, aos que \u00e0 m\u00ednima coisa saltam e depois se arrependem e aos que respondem \u00e0s not\u00edcias\u201d.<\/p>\n<p>Na resposta aos alunos sobre a forma como lida com o PS e o Chega, Lu\u00eds Montenegro defendeu \u201c<strong>toler\u00e2ncia democr\u00e1tica<\/strong> de perceber que aos partidos da oposi\u00e7\u00e3o compete, sobretudo, mostrar o que est\u00e1 mal.\u201d Faz parte, lembrou num surpreendente esp\u00edrito de fair play, as oposi\u00e7\u00f5es serem \u201cvozes que anotam as debilidades, as incorre\u00e7\u00f5es\u201d e que \u201cningu\u00e9m exercer\u00e1 bem o poder, se n\u00e3o tiver o respeito profundo e democr\u00e1tico pelo pensamento dos outros.\u201d<\/p>\n<p>O primeiro-ministro acrescentou, no entanto, que se existe esta postura de \u201crespeitar a oposi\u00e7\u00e3o, tamb\u00e9m conv\u00e9m que as oposi\u00e7\u00f5es respeitem quem est\u00e1 no Governo\u201d, o que inclui que \u201ctenham respeito pela decis\u00e3o que conduziu a que o Governo fosse este e o primeiro-ministro portugu\u00eas fosse, que foi o povo que escolheu.\u201d<\/p>\n<p>Montenegro diz ainda que \u201cas regras do jogo est\u00e3o definidas\u201d e, por isso, \u00e9 \u201cmuito estranho quando a Assembleia da Rep\u00fablica toma decis\u00f5es contr\u00e1rias \u00e0 linha e \u00e0 estrutura da governa\u00e7\u00e3o.\u201d O primeiro-ministro diz que \u201c\u00e9 poss\u00edvel fazer oposi\u00e7\u00e3o sem invadir a esfera do Governo.\u201d O primeiro-ministro acaba a concluir, magn\u00e2nime, que \u00e9 preciso ter \u201c<strong>paci\u00eancia<\/strong>\u201d com a oposi\u00e7\u00e3o, apesar de fazer muitas \u201casneiras e disparates\u201d.<\/p>\n","protected":false},"excerpt":{"rendered":"Lu\u00eds Montenegro foi resistindo enquanto p\u00f4de, mas perante a repeti\u00e7\u00e3o de perguntas dos alunos da Universidade de Ver\u00e3o&hellip;\n","protected":false},"author":2,"featured_media":504054,"comment_status":"","ping_status":"","sticky":false,"template":"","format":"standard","meta":{"footnotes":"","_share_on_mastodon":"0"},"categories":[10],"tags":[27,28,476,15,16,14,25,26,590,21,22,12,13,19,20,21694,302,32,23,24,4579,33,1055,17,18,29,30,31],"class_list":["post-504053","post","type-post","status-publish","format-standard","has-post-thumbnail","category-portugal","tag-breaking-news","tag-breakingnews","tag-economia","tag-featured-news","tag-featurednews","tag-headlines","tag-latest-news","tag-latestnews","tag-luu00eds-montenegro","tag-main-news","tag-mainnews","tag-news","tag-noticias","tag-noticias-principais","tag-noticiasprincipais","tag-pensu00f5es","tag-polu00edtica","tag-portugal","tag-principais-noticias","tag-principaisnoticias","tag-psd","tag-pt","tag-seguranu00e7a-social","tag-top-stories","tag-topstories","tag-ultimas","tag-ultimas-noticias","tag-ultimasnoticias"],"share_on_mastodon":{"url":"https:\/\/pubeurope.com\/@pt\/117175135974119672","error":""},"_links":{"self":[{"href":"https:\/\/www.europesays.com\/pt\/wp-json\/wp\/v2\/posts\/504053","targetHints":{"allow":["GET"]}}],"collection":[{"href":"https:\/\/www.europesays.com\/pt\/wp-json\/wp\/v2\/posts"}],"about":[{"href":"https:\/\/www.europesays.com\/pt\/wp-json\/wp\/v2\/types\/post"}],"author":[{"embeddable":true,"href":"https:\/\/www.europesays.com\/pt\/wp-json\/wp\/v2\/users\/2"}],"replies":[{"embeddable":true,"href":"https:\/\/www.europesays.com\/pt\/wp-json\/wp\/v2\/comments?post=504053"}],"version-history":[{"count":0,"href":"https:\/\/www.europesays.com\/pt\/wp-json\/wp\/v2\/posts\/504053\/revisions"}],"wp:featuredmedia":[{"embeddable":true,"href":"https:\/\/www.europesays.com\/pt\/wp-json\/wp\/v2\/media\/504054"}],"wp:attachment":[{"href":"https:\/\/www.europesays.com\/pt\/wp-json\/wp\/v2\/media?parent=504053"}],"wp:term":[{"taxonomy":"category","embeddable":true,"href":"https:\/\/www.europesays.com\/pt\/wp-json\/wp\/v2\/categories?post=504053"},{"taxonomy":"post_tag","embeddable":true,"href":"https:\/\/www.europesays.com\/pt\/wp-json\/wp\/v2\/tags?post=504053"}],"curies":[{"name":"wp","href":"https:\/\/api.w.org\/{rel}","templated":true}]}}