{"id":50406,"date":"2025-08-29T16:36:19","date_gmt":"2025-08-29T16:36:19","guid":{"rendered":"https:\/\/www.europesays.com\/pt\/50406\/"},"modified":"2025-08-29T16:36:19","modified_gmt":"2025-08-29T16:36:19","slug":"feiraguay-ganha-documentario-lancamento-tera-exibicao-gratuita-no-teatro-da-cdl-acorda-cidade","status":"publish","type":"post","link":"https:\/\/www.europesays.com\/pt\/50406\/","title":{"rendered":"Feiraguay ganha document\u00e1rio; lan\u00e7amento ter\u00e1 exibi\u00e7\u00e3o gratuita no Teatro da CDL &#8211; Acorda Cidade"},"content":{"rendered":"<p>O Teatro da C\u00e2mara de Dirigentes Lojistas (CDL), em Feira de Santana, ser\u00e1 palco da estreia do longa-metragem \u201cFeiraguay\u201d, primeiro filme de longa dura\u00e7\u00e3o dirigido pelo professor e cineasta Francisco Gabriel R\u00eago, docente de Cinema na Universidade Federal do Vale do S\u00e3o Francisco (Univasf), no dia 4 de setembro, \u00e0s 19h. Francisco Gabriel \u00e9 integrante e fundador do Coletivo Urgente de Audiovisual (CUAL), grupo que h\u00e1 mais de 15 anos atua na Bahia produzindo filmes e promovendo a\u00e7\u00f5es formativas no campo do audiovisual.<\/p>\n<p>O document\u00e1rio nasce desses encontros e do desejo coletivo de imaginar e fazer cinema no lugar onde vivemos. Mais do que registrar um centro de compras, o filme investiga o Feiraguay em sua dimens\u00e3o cultural, simb\u00f3lica e afetiva, mostrando que o espa\u00e7o \u00e9 tamb\u00e9m mem\u00f3ria, identidade e hist\u00f3ria. Ao acompanhar comerciantes, trabalhadores e frequentadores, a narrativa constr\u00f3i um retrato vivo desse que \u00e9 um dos mais emblem\u00e1ticos centros comerciais do interior do pa\u00eds \u2014 herdeiro direto da antiga feira livre que marcou a forma\u00e7\u00e3o de Feira de Santana e que mant\u00e9m, at\u00e9 hoje, a voca\u00e7\u00e3o comercial<br \/>e a tradi\u00e7\u00e3o de trocas e encontros que moldam a cidade.<\/p>\n<p><img loading=\"lazy\" decoding=\"async\" width=\"640\" height=\"295\" src=\"data:image\/svg+xml,%3Csvg%20xmlns=\" http:=\"\" alt=\"OBRA DE REQUALIFICA\u00c7\u00c3O FEIRAGUAY (6)\" class=\"wp-image-499528\" style=\"width:840px;height:auto\" data-lazy- data-lazy- data-lazy-src=\"https:\/\/www.europesays.com\/pt\/wp-content\/uploads\/2025\/08\/W183IAo4-OBRA-DE-REQUALIFICACAO-FEIRAGUAY-5.webp.webp\"\/>Foto: Paulo Jos\u00e9\/Acorda Cidade <\/p>\n<p>Filmado com abordagem pr\u00f3xima ao document\u00e1rio direto, Feiraguay coloca a c\u00e2mera como testemunha participante da vida cotidiana, registrando sons, conversas, gestos e a energia que circula nas ruas e bancas. Para o diretor, a  escolha do tema foi fruto de um reencontro pessoal com a cidade: <\/p>\n<p>\u201cVoltei a morar em Feira de Santana depois de uma longa jornada por outras cidades da Bahia. O Feiraguay n\u00e3o \u00e9 apenas com\u00e9rcio. \u00c9 mem\u00f3ria, cultura e identidade. Ele transformou a cidade, e n\u00e3o h\u00e1 Feira sem o Feiraguay, nem Feiraguay sem<br \/>Feira\u201d, afirma.<\/p>\n<p><img loading=\"lazy\" decoding=\"async\" width=\"1077\" height=\"768\" src=\"data:image\/svg+xml,%3Csvg%20xmlns=\" http:=\"\" alt=\"Feiraguay ganha document\u00e1rio\" class=\"wp-image-582153\" data-lazy- data-lazy- data-lazy-src=\"https:\/\/www.europesays.com\/pt\/wp-content\/uploads\/2025\/08\/doc-Feiraguay-Divulgacao-2-1077x768.webp.webp\"\/>Foto: Divulga\u00e7\u00e3o<\/p>\n<p>A produ\u00e7\u00e3o tamb\u00e9m estabelece um di\u00e1logo com a hist\u00f3ria do cinema baiano,<br \/>incorporando imagens do cl\u00e1ssico \u201cComo Nasce uma Cidade\u201d, de Olney S\u00e3o Paulo (1973), criando uma ponte entre diferentes tempos e modos de filmar Feira de Santana. Essa escolha refor\u00e7a a conex\u00e3o entre o presente do Feiraguay e os registros hist\u00f3ricos que ajudaram a moldar a identidade visual e cultural da cidade.<\/p>\n<p><img loading=\"lazy\" decoding=\"async\" width=\"1092\" height=\"768\" src=\"data:image\/svg+xml,%3Csvg%20xmlns=\" http:=\"\" alt=\"Feiraguay ganha document\u00e1rio\" class=\"wp-image-582152\" data-lazy- data-lazy- data-lazy-src=\"https:\/\/www.europesays.com\/pt\/wp-content\/uploads\/2025\/08\/doc-Feiraguay-Divulgacao-equipe-1092x768.webp.webp\"\/>Foto: Divulga\u00e7\u00e3o<\/p>\n<p>Com 67 minutos de dura\u00e7\u00e3o, o filme foi contemplado pelo Edital Paulo Gustavo \u2013<br \/>Governo do Estado da Bahia\/Secretaria de Cultura e inicia sua trajet\u00f3ria com<br \/>inscri\u00e7\u00f5es em festivais no Brasil e no exterior. A sess\u00e3o de estreia ontar\u00e1 com a<br \/>presen\u00e7a da equipe do filme, convidados e representantes da Associa\u00e7\u00e3o dos<br \/>Vendedores Ambulantes de Feira de Santana (AVAMFS), que administra o centro<br \/>comercial. <\/p>\n<p><strong>Servi\u00e7o:<br \/>O qu\u00ea: Lan\u00e7amento do document\u00e1rio Feiraguay<br \/>Data: 04 de setembro de 2025<br \/>Hor\u00e1rio: 19h<br \/>Local: Teatro da CDL \u2013 Feira de Santana (BA)<br \/>Dura\u00e7\u00e3o: 67 minutos<br \/>Classifica\u00e7\u00e3o indicativa: Livre<br \/>Entrada: Gratuita<br \/>Dire\u00e7\u00e3o: Francisco Gabriel R\u00eago<br \/>Realiza\u00e7\u00e3o: Coletivo Urgente de Audiovisual<br \/>Apoio: Governo do Estado da Bahia (Edital Paulo Gustavo) e Avamfs<br \/><\/strong><\/p>\n<p>Siga o Acorda Cidade no<a href=\"https:\/\/news.google.com\/search?q=acorda%20cidade&amp;hl=pt-BR&amp;gl=BR&amp;ceid=BR%3Apt-419\" rel=\"nofollow noopener\" target=\"_blank\"><strong>\u00a0Google Not\u00edcias<\/strong><\/a>\u00a0e receba os principais destaques do dia. Participe tamb\u00e9m dos nossos canais no\u00a0<a href=\"https:\/\/www.whatsapp.com\/channel\/0029Va6Rb4v3WHTNnsh8WI3N\" rel=\"nofollow noopener\" target=\"_blank\"><strong>WhatsApp<\/strong><\/a>\u00a0e\u00a0<a href=\"https:\/\/www.youtube.com\/@acordacidadenoticias\/videos\" rel=\"nofollow noopener\" target=\"_blank\"><strong>YouTube<\/strong><\/a>\u00a0e grupo de\u00a0<a href=\"https:\/\/t.me\/+sSz0khrgARA0ZmRh\" rel=\"nofollow\"><strong>Telegram<\/strong><\/a>.<\/p>\n","protected":false},"excerpt":{"rendered":"O Teatro da C\u00e2mara de Dirigentes Lojistas (CDL), em Feira de Santana, ser\u00e1 palco da estreia do longa-metragem&hellip;\n","protected":false},"author":2,"featured_media":50407,"comment_status":"","ping_status":"","sticky":false,"template":"","format":"standard","meta":{"footnotes":""},"categories":[140],"tags":[1414,114,115,14800,147,148,271,146,32,33],"class_list":{"0":"post-50406","1":"post","2":"type-post","3":"status-publish","4":"format-standard","5":"has-post-thumbnail","7":"category-filmes","8":"tag-documentario","9":"tag-entertainment","10":"tag-entretenimento","11":"tag-feiraguay","12":"tag-film","13":"tag-filmes","14":"tag-lancamento","15":"tag-movies","16":"tag-portugal","17":"tag-pt"},"share_on_mastodon":{"url":"","error":""},"_links":{"self":[{"href":"https:\/\/www.europesays.com\/pt\/wp-json\/wp\/v2\/posts\/50406","targetHints":{"allow":["GET"]}}],"collection":[{"href":"https:\/\/www.europesays.com\/pt\/wp-json\/wp\/v2\/posts"}],"about":[{"href":"https:\/\/www.europesays.com\/pt\/wp-json\/wp\/v2\/types\/post"}],"author":[{"embeddable":true,"href":"https:\/\/www.europesays.com\/pt\/wp-json\/wp\/v2\/users\/2"}],"replies":[{"embeddable":true,"href":"https:\/\/www.europesays.com\/pt\/wp-json\/wp\/v2\/comments?post=50406"}],"version-history":[{"count":0,"href":"https:\/\/www.europesays.com\/pt\/wp-json\/wp\/v2\/posts\/50406\/revisions"}],"wp:featuredmedia":[{"embeddable":true,"href":"https:\/\/www.europesays.com\/pt\/wp-json\/wp\/v2\/media\/50407"}],"wp:attachment":[{"href":"https:\/\/www.europesays.com\/pt\/wp-json\/wp\/v2\/media?parent=50406"}],"wp:term":[{"taxonomy":"category","embeddable":true,"href":"https:\/\/www.europesays.com\/pt\/wp-json\/wp\/v2\/categories?post=50406"},{"taxonomy":"post_tag","embeddable":true,"href":"https:\/\/www.europesays.com\/pt\/wp-json\/wp\/v2\/tags?post=50406"}],"curies":[{"name":"wp","href":"https:\/\/api.w.org\/{rel}","templated":true}]}}