{"id":504069,"date":"2026-08-28T21:10:18","date_gmt":"2026-08-28T21:10:18","guid":{"rendered":"https:\/\/www.europesays.com\/pt\/504069\/"},"modified":"2026-08-28T21:10:18","modified_gmt":"2026-08-28T21:10:18","slug":"mesquita-nunes-critica-tom-de-mulheres-conservadoras-observador","status":"publish","type":"post","link":"https:\/\/www.europesays.com\/pt\/504069\/","title":{"rendered":"Mesquita Nunes critica &#8220;tom&#8221; de mulheres conservadoras \u2013 Observador"},"content":{"rendered":"<p>O antigo secret\u00e1rio de Estado e antigo vice-presidente do CDS criticou esta sexta-feira o \u201ctom\u201d com que se apresentou o novo movimento Mulheres Conservadoras Portugal. Na Universidade de Ver\u00e3o do PSD, em Castelo de Vide, Adolfo Mesquita Nunes diz que esse movimento \u201caparece a dizer que h\u00e1 qualquer coisa que as pro\u00edbe de ser conservadoras, mas <strong>ningu\u00e9m as proibiu<\/strong>\u201c. Isso acontece, adverte, com o objetivo claro de polarizar: \u201c<strong>Porqu\u00ea este tom?<\/strong> Porque \u00e9 o que permite a radicaliza\u00e7\u00e3o\u201d.<\/p>\n<p>Adolfo Mesquita Nunes \u2014 que falava sobre \u201cAlgoritmos: A democracia fragilizada\u201d num painel com Pedro Duarte \u2014 diz que a \u201c<strong>polariza\u00e7\u00e3o<\/strong> em que vivemos\u201d promovida por movimentos deste g\u00e9nero vai \u201ccriando um fosso\u201d que \u00e9 \u201cpara a democracia \u00e9 mau.\u201d E acrescenta: \u201cIsto n\u00e3o s\u00f3 nos radicaliza, como passamos a viver em mundos diferentes.\u201d<\/p>\n<p>J\u00e1 na ter\u00e7a-feira a ministra da Juventude, Cultura e Desporto, Margarida Balseiro Lopes, tamb\u00e9m na Universidade de Ver\u00e3o do PSD, arrasou o movimento ao dizer que \u201c\u00e9\u00a0surpreendente como em 2026 estamos a ter estas discuss\u00f5es.\u00a0Eu sou feminista\u00a0e, enquanto uma mulher estiver a pensar que roupa \u00e9 que usa para sair de casa ou em que rua \u00e9 que circula em fun\u00e7\u00e3o da ilumina\u00e7\u00e3o ou a ganhar menos do que os homens no mercado de trabalho, o que continua a faltar s\u00e3o\u00a0feministas mais ativas.\u201d<\/p>\n<p>Adolfo Mesquita Nunes aproveitou ainda o painel sobre as redes sociais e os algoritmos para atirar ao Chega. \u201cTemos partidos pol\u00edticos que mentem sistematicamente e as pessoas continuam a votar. As pessoas gostam da mentira. As pessoas aceitam a mentira. N\u00e3o em todo o tipo de partidos. Nos partidos antissistema as pessoas toleram a mentira\u201d, diz o antigo dirigente democrata-crist\u00e3o, que se assume como liberal.<\/p>\n<p>Tamb\u00e9m numa alus\u00e3o ao partido de Andr\u00e9 Ventura, o ex-governante atira: \u201cVejam o que se passa no Parlamento: \u00e9 uma tentativa deliberada de destruir a credibilidade de uma institui\u00e7\u00e3o, n\u00e3o \u00e9 um grupo parlamentar mais ruidoso\u201d. Mesquita Nunes diz que \u00e9 hoje \u201cquase um milagre que pessoas sensatas ganhem elei\u00e7\u00f5es. A sensatez \u00e9 t\u00e3o n\u00e3o sexy que me preocupa que estejamos como sociedade a premiar o oposto disto\u201d.<\/p>\n","protected":false},"excerpt":{"rendered":"O antigo secret\u00e1rio de Estado e antigo vice-presidente do CDS criticou esta sexta-feira o \u201ctom\u201d com que se&hellip;\n","protected":false},"author":2,"featured_media":504070,"comment_status":"","ping_status":"","sticky":false,"template":"","format":"standard","meta":{"footnotes":"","_share_on_mastodon":"0"},"categories":[10],"tags":[27,28,15,16,14,25,26,21,22,12,13,19,20,302,32,23,24,4579,33,13935,58,17,18,29,30,31],"class_list":["post-504069","post","type-post","status-publish","format-standard","has-post-thumbnail","category-portugal","tag-breaking-news","tag-breakingnews","tag-featured-news","tag-featurednews","tag-headlines","tag-latest-news","tag-latestnews","tag-main-news","tag-mainnews","tag-news","tag-noticias","tag-noticias-principais","tag-noticiasprincipais","tag-polu00edtica","tag-portugal","tag-principais-noticias","tag-principaisnoticias","tag-psd","tag-pt","tag-rentru00e9e","tag-sociedade","tag-top-stories","tag-topstories","tag-ultimas","tag-ultimas-noticias","tag-ultimasnoticias"],"share_on_mastodon":{"url":"https:\/\/pubeurope.com\/@pt\/117175191134366955","error":""},"_links":{"self":[{"href":"https:\/\/www.europesays.com\/pt\/wp-json\/wp\/v2\/posts\/504069","targetHints":{"allow":["GET"]}}],"collection":[{"href":"https:\/\/www.europesays.com\/pt\/wp-json\/wp\/v2\/posts"}],"about":[{"href":"https:\/\/www.europesays.com\/pt\/wp-json\/wp\/v2\/types\/post"}],"author":[{"embeddable":true,"href":"https:\/\/www.europesays.com\/pt\/wp-json\/wp\/v2\/users\/2"}],"replies":[{"embeddable":true,"href":"https:\/\/www.europesays.com\/pt\/wp-json\/wp\/v2\/comments?post=504069"}],"version-history":[{"count":0,"href":"https:\/\/www.europesays.com\/pt\/wp-json\/wp\/v2\/posts\/504069\/revisions"}],"wp:featuredmedia":[{"embeddable":true,"href":"https:\/\/www.europesays.com\/pt\/wp-json\/wp\/v2\/media\/504070"}],"wp:attachment":[{"href":"https:\/\/www.europesays.com\/pt\/wp-json\/wp\/v2\/media?parent=504069"}],"wp:term":[{"taxonomy":"category","embeddable":true,"href":"https:\/\/www.europesays.com\/pt\/wp-json\/wp\/v2\/categories?post=504069"},{"taxonomy":"post_tag","embeddable":true,"href":"https:\/\/www.europesays.com\/pt\/wp-json\/wp\/v2\/tags?post=504069"}],"curies":[{"name":"wp","href":"https:\/\/api.w.org\/{rel}","templated":true}]}}