{"id":504083,"date":"2026-08-28T21:28:12","date_gmt":"2026-08-28T21:28:12","guid":{"rendered":"https:\/\/www.europesays.com\/pt\/504083\/"},"modified":"2026-08-28T21:28:12","modified_gmt":"2026-08-28T21:28:12","slug":"mocao-condenada-a-partida-mas-chega-volta-a-pista-propria-observador","status":"publish","type":"post","link":"https:\/\/www.europesays.com\/pt\/504083\/","title":{"rendered":"Mo\u00e7\u00e3o condenada \u00e0 partida, mas Chega volta a pista pr\u00f3pria \u2013 Observador"},"content":{"rendered":"<p>Do lado do PS, est\u00e1 claro e assumido que o timing da iniciativa \u00e9 indesej\u00e1vel e que seria <strong>contraproducente<\/strong> alinhar com uma proposta para fazer o Governo cair. At\u00e9 porque os socialistas t\u00eam mem\u00f3rias recentes, e bem amargas, que os levam a proceder com cautela.<\/p>\n<p>Se h\u00e1 cerca de um m\u00eas o secret\u00e1rio-geral do PS, Jos\u00e9 Lu\u00eds Carneiro, dava uma entrevista ao Observador em que garantia n\u00e3o ter medo de elei\u00e7\u00f5es, a verdade \u00e9 que o PS precisa de tempo. Apesar de as sondagens mais recentes apontarem de forma consistente para uma potencial lideran\u00e7a do PS se as pr\u00f3ximas elei\u00e7\u00f5es acontecessem hoje, esses n\u00fameros s\u00e3o <strong>desvalorizados<\/strong> no Governo \u2014 as sondagens s\u00e3o fotografias do momento, e neste caso de um momento em que as pessoas est\u00e3o muito longe de estarem mentalizadas para uma ida \u00e0s urnas \u2014 e vistos com esperan\u00e7a no PS, mas n\u00e3o como um sinal de que o partido est\u00e1 pronto para tentar destronar o PSD.<\/p>\n<p>Como <a href=\"https:\/\/observador.pt\/especiais\/carneiro-em-busca-do-eleitorado-perdido-ps-quer-chegar-aos-35-antes-de-arriscar-eleicoes\/\" rel=\"nofollow noopener\" target=\"_blank\">o Observador explicava aqui,<\/a> as contas est\u00e3o feitas e no topo do PS acredita-se que chegar <strong>perto dos 35%<\/strong> nas sondagens \u2014 mais cerca de cinco pontos percentuais \u2014 seria uma margem mais segura para chegar a uma altura em que as elei\u00e7\u00f5es fossem uma realidade. E mesmo assim, continua firme a convic\u00e7\u00e3o de que quem provoca elei\u00e7\u00f5es \u00e9 penalizado.<\/p>\n<p>N\u00e3o \u00e9 preciso recuar muito para chegar a essa conclus\u00e3o: o pr\u00f3prio PS conseguiu uma maioria absoluta depois de os votantes terem castigado os partidos mais \u00e0 esquerda, em 2021, por n\u00e3o terem aprovado o Or\u00e7amento do Estado para o ano seguinte; depois, recorda-se na dire\u00e7\u00e3o do partido, como <a href=\"https:\/\/observador.pt\/especiais\/carneiro-disposto-a-segurar-governo-no-orcamento-e-em-possiveis-mocoes-mas-de-olho-numa-proxima-crise\/\" rel=\"nofollow noopener\" target=\"_blank\">contava aqui o Observador,<\/a> Pedro Nuno Santos caiu enquanto l\u00edder na \u201cesparrela\u201d de rejeitar a mo\u00e7\u00e3o de confian\u00e7a que Lu\u00eds Montenegro apresentou na sequ\u00eancia do caso Spinumviva. O PS acabou com o terceiro pior resultado da sua hist\u00f3ria e uma troca de l\u00edder; Montenegro foi <strong>reeleito<\/strong> e refor\u00e7ou a sua vota\u00e7\u00e3o.<\/p>\n<p>Ou seja, a ideia de que quem for considerado o autor da queda do Governo ser\u00e1 <strong>penalizado<\/strong> por isso nas urnas continua bem viva \u2014 como continua viva a ideia de que o desgaste autoinfligido acabar\u00e1 por ser pior para o Executivo de Montenegro. Foi o pr\u00f3prio Carneiro, na mesma entrevista, que ironicamente recordou o fim do ciclo de Ant\u00f3nio Costa recorrendo aos \u201ccasos e casinhos\u201d que na altura se sucediam dentro do pr\u00f3prio Governo: \u201cOlhem para o que aconteceu ao Governo de maioria absoluta.\u201d Por tudo isto, para j\u00e1, a ordem no PS \u00e9 uma, como o Observador tinha escrito: <strong>chumbar mo\u00e7\u00f5es<\/strong> destinadas a derrubar o Governo.<\/p>\n<p>A maneira como se v\u00e3o desenrolando as pr\u00e9-conversa\u00e7\u00f5es para o Or\u00e7amento do Estado \u2014 p\u00fablicas, ainda sem reuni\u00f5es de trabalho marcadas entre partidos \u2014 v\u00e3o desenhando tendencialmente um quadro parecido: PS e PSD, sem pressa para irem a elei\u00e7\u00f5es (ou em provocarem uma governa\u00e7\u00e3o por duod\u00e9cimos), v\u00e3o dando sinais de algum <strong>alinhamento<\/strong>, mesmo que m\u00ednimo; e o Chega coloca-se em pista pr\u00f3pria, retirando-se do jogo e das contas para a aprova\u00e7\u00e3o parlamentar do documento.<\/p>\n<p>Do lado do PS, Jos\u00e9 Lu\u00eds Carneiro seguiu a tese do ano passado \u2014 descomplicar o Or\u00e7amento do Estado e n\u00e3o dramatizar demasiado \u2014 e lan\u00e7ou uma s\u00e9rie curta de <strong>exig\u00eancias<\/strong>, n\u00e3o dificilmente acomod\u00e1veis pelo PSD: seria preciso garantir que as pens\u00f5es n\u00e3o s\u00e3o tocadas nem reduzidas, que quem foi afetado pelas tempestades receba os apoios prometidos, que a base das altera\u00e7\u00f5es na pr\u00f3xima revis\u00e3o constitucional \u00e9 aprovada pelos partidos fundadores da democracia e que as obras previstas pelo PRR mas que tenham de ser terminada j\u00e1 fora dos prazos previstos ter\u00e3o financiamento.<\/p>\n<p>A parte mais dif\u00edcil de garantir ser\u00e1, para j\u00e1, os moldes em que a <strong>revis\u00e3o constitucional<\/strong> ser\u00e1 feita \u2014 Hugo Soares tem garantido que ser\u00e1 feita \u201ccom todos\u201d os partidos, sem assumir compromissos com nenhum em particular. Ainda assim, o que falta negociar com o PS \u00e9 mais f\u00e1cil de resolver do que o que separa o Governo do Chega, uma vez que este reiterou, para o Or\u00e7amento do Estado, uma linha vermelha que o Executivo sempre negou: a descida da <strong>idade da reforma.<\/strong><\/p>\n<p>Andr\u00e9 Ventura j\u00e1 disse que isto pode acontecer sob v\u00e1rias formas e moldes, mas a posi\u00e7\u00e3o de Lu\u00eds Montenegro tem sido sempre a mesma: n\u00e3o fazer altera\u00e7\u00f5es estruturais \u00e0 Seguran\u00e7a Social nesta legislatura e muito menos tomar decis\u00f5es que ponham o valor das pens\u00f5es em causa.<\/p>\n<p>Para o Executivo, isto inclui a redu\u00e7\u00e3o da idade da reforma, que \u201ccolocaria em perigo\u201d a sustentabilidade do sistema, como dizia um elemento do Governo ao Observador. Essa discord\u00e2ncia condenou a aprova\u00e7\u00e3o do pacote laboral. Agora, volta a afastar os dois partidos e a colocar o Chega mais longe do centr\u00e3o, a correr em pista pr\u00f3pria na oposi\u00e7\u00e3o.<\/p>\n","protected":false},"excerpt":{"rendered":"Do lado do PS, est\u00e1 claro e assumido que o timing da iniciativa \u00e9 indesej\u00e1vel e que seria&hellip;\n","protected":false},"author":2,"featured_media":504084,"comment_status":"","ping_status":"","sticky":false,"template":"","format":"standard","meta":{"footnotes":"","_share_on_mastodon":"0"},"categories":[8],"tags":[27,28,15,16,301,14,25,26,21,22,12,13,19,20,4532,302,32,23,24,33,17,18,29,30,31],"class_list":["post-504083","post","type-post","status-publish","format-standard","has-post-thumbnail","category-principais-noticias","tag-breaking-news","tag-breakingnews","tag-featured-news","tag-featurednews","tag-governo","tag-headlines","tag-latest-news","tag-latestnews","tag-main-news","tag-mainnews","tag-news","tag-noticias","tag-noticias-principais","tag-noticiasprincipais","tag-parlamento","tag-polu00edtica","tag-portugal","tag-principais-noticias","tag-principaisnoticias","tag-pt","tag-top-stories","tag-topstories","tag-ultimas","tag-ultimas-noticias","tag-ultimasnoticias"],"share_on_mastodon":{"url":"https:\/\/pubeurope.com\/@pt\/117175262015164321","error":""},"_links":{"self":[{"href":"https:\/\/www.europesays.com\/pt\/wp-json\/wp\/v2\/posts\/504083","targetHints":{"allow":["GET"]}}],"collection":[{"href":"https:\/\/www.europesays.com\/pt\/wp-json\/wp\/v2\/posts"}],"about":[{"href":"https:\/\/www.europesays.com\/pt\/wp-json\/wp\/v2\/types\/post"}],"author":[{"embeddable":true,"href":"https:\/\/www.europesays.com\/pt\/wp-json\/wp\/v2\/users\/2"}],"replies":[{"embeddable":true,"href":"https:\/\/www.europesays.com\/pt\/wp-json\/wp\/v2\/comments?post=504083"}],"version-history":[{"count":0,"href":"https:\/\/www.europesays.com\/pt\/wp-json\/wp\/v2\/posts\/504083\/revisions"}],"wp:featuredmedia":[{"embeddable":true,"href":"https:\/\/www.europesays.com\/pt\/wp-json\/wp\/v2\/media\/504084"}],"wp:attachment":[{"href":"https:\/\/www.europesays.com\/pt\/wp-json\/wp\/v2\/media?parent=504083"}],"wp:term":[{"taxonomy":"category","embeddable":true,"href":"https:\/\/www.europesays.com\/pt\/wp-json\/wp\/v2\/categories?post=504083"},{"taxonomy":"post_tag","embeddable":true,"href":"https:\/\/www.europesays.com\/pt\/wp-json\/wp\/v2\/tags?post=504083"}],"curies":[{"name":"wp","href":"https:\/\/api.w.org\/{rel}","templated":true}]}}