{"id":504085,"date":"2026-08-28T21:29:17","date_gmt":"2026-08-28T21:29:17","guid":{"rendered":"https:\/\/www.europesays.com\/pt\/504085\/"},"modified":"2026-08-28T21:29:17","modified_gmt":"2026-08-28T21:29:17","slug":"sessao-saudade-filmes-para-relembrar-o-legado-de-tim-curry-e-dolly-parton","status":"publish","type":"post","link":"https:\/\/www.europesays.com\/pt\/504085\/","title":{"rendered":"Sess\u00e3o saudade: filmes para relembrar o legado de Tim Curry e Dolly Parton"},"content":{"rendered":"<p class=\"wp-block-paragraph\"><strong>Texto por Let\u00edcia Passos \u2014<\/strong> \u00c9 curioso que <a href=\"https:\/\/www.correiobraziliense.com.br\/diversao-e-arte\/2026\/08\/7487670-morre-tim-curry-ator-que-fez-de-viloes-em-icones-aos-80-anos.html\" rel=\"nofollow noopener\" target=\"_blank\">Tim Curry<\/a> e Dolly Parton tenham partido na mesma semana. Mais curioso ainda \u00e9 perceber, que, apesar de terem constru\u00eddo carreiras completamente diferentes. Os dois tinham algo em comum: eram artistas que n\u00e3o cabiam nos moldes que a sociedade impunha.<\/p>\n<p class=\"wp-block-paragraph\">Curry virou o rosto definitivo Dr. Frank-N-Furter em The Rocky Horror Picture Show e o pesadelo de uma gera\u00e7\u00e3o como Pennywise em It. J\u00e1 Dolly poderia ter passado a vida sendo lembrada apenas como a dona de uma das vozes mais reconhec\u00edveis da m\u00fasica country. Contudo, nenhum dos dois se contentou em ser uma coisa s\u00f3.<\/p>\n<p class=\"wp-block-paragraph\">Em Rocky Horror, dispon\u00edvel no Disney+, Tim Curry transforma Frank-N-Furter em uma figura imposs\u00edvel de esquecer. Extravagante, sexual, engra\u00e7ado e completamente fora da curva, o filme continua sendo uma experi\u00eancia t\u00e3o estranha quanto fascinante, e muito disso passa pela disposi\u00e7\u00e3o de Curry em abra\u00e7ar o absurdo.<\/p>\n<p class=\"wp-block-paragraph\">Tamb\u00e9m Disney+, ele aparece de forma bem mais discreta como o concierge do hotel em Esqueceram de Mim 2: Perdido em Nova York. Tamb\u00e9m est\u00e1 em Annie (1999), dispon\u00edvel na plataforma, como o vil\u00e3o Rooster.<\/p>\n<p class=\"wp-block-paragraph\">J\u00e1 <a href=\"https:\/\/www.correiobraziliense.com.br\/diversao-e-arte\/2026\/08\/7486950-morre-dolly-parton-icone-da-musica-country-americana-aos-80-anos.html\" rel=\"nofollow noopener\" target=\"_blank\">Dolly Parton<\/a> levou o carisma \u00e0s telonas. A cantora de cabelos enormes, roupas brilhantes e voz inconfund\u00edvel poderia parecer apenas uma caricatura de si mesma, mas a personalidade e o talento fizeram dela muito mais que isso.<\/p>\n<p class=\"wp-block-paragraph\">A estreia no cinema, em Como Eliminar Seu Chefe, dispon\u00edvel no Disney+, continua sendo uma \u00f3tima porta de entrada para sua carreira como atriz. Ao lado de Jane Fonda e Lily Tomlin, Dolly interpreta uma secret\u00e1ria que se revolta contra um chefe machista e descobre que tinha timing c\u00f4mico de sobra.<\/p>\n","protected":false},"excerpt":{"rendered":"Texto por Let\u00edcia Passos \u2014 \u00c9 curioso que Tim Curry e Dolly Parton tenham partido na mesma semana.&hellip;\n","protected":false},"author":2,"featured_media":504086,"comment_status":"","ping_status":"","sticky":false,"template":"","format":"standard","meta":{"footnotes":"","_share_on_mastodon":"0"},"categories":[145],"tags":[211,210,7539,1579,114,115,148,32,33,940],"class_list":["post-504085","post","type-post","status-publish","format-standard","has-post-thumbnail","category-celebridades","tag-celebridades","tag-celebrities","tag-disney-plus","tag-disney","tag-entertainment","tag-entretenimento","tag-filmes","tag-portugal","tag-pt","tag-streaming"],"share_on_mastodon":{"url":"https:\/\/pubeurope.com\/@pt\/117175265876741621","error":""},"_links":{"self":[{"href":"https:\/\/www.europesays.com\/pt\/wp-json\/wp\/v2\/posts\/504085","targetHints":{"allow":["GET"]}}],"collection":[{"href":"https:\/\/www.europesays.com\/pt\/wp-json\/wp\/v2\/posts"}],"about":[{"href":"https:\/\/www.europesays.com\/pt\/wp-json\/wp\/v2\/types\/post"}],"author":[{"embeddable":true,"href":"https:\/\/www.europesays.com\/pt\/wp-json\/wp\/v2\/users\/2"}],"replies":[{"embeddable":true,"href":"https:\/\/www.europesays.com\/pt\/wp-json\/wp\/v2\/comments?post=504085"}],"version-history":[{"count":0,"href":"https:\/\/www.europesays.com\/pt\/wp-json\/wp\/v2\/posts\/504085\/revisions"}],"wp:featuredmedia":[{"embeddable":true,"href":"https:\/\/www.europesays.com\/pt\/wp-json\/wp\/v2\/media\/504086"}],"wp:attachment":[{"href":"https:\/\/www.europesays.com\/pt\/wp-json\/wp\/v2\/media?parent=504085"}],"wp:term":[{"taxonomy":"category","embeddable":true,"href":"https:\/\/www.europesays.com\/pt\/wp-json\/wp\/v2\/categories?post=504085"},{"taxonomy":"post_tag","embeddable":true,"href":"https:\/\/www.europesays.com\/pt\/wp-json\/wp\/v2\/tags?post=504085"}],"curies":[{"name":"wp","href":"https:\/\/api.w.org\/{rel}","templated":true}]}}