{"id":50410,"date":"2025-08-29T16:38:07","date_gmt":"2025-08-29T16:38:07","guid":{"rendered":"https:\/\/www.europesays.com\/pt\/50410\/"},"modified":"2025-08-29T16:38:07","modified_gmt":"2025-08-29T16:38:07","slug":"cancer-renal-deve-crescer-quase-80-no-brasil-ate-2050-29-08-2025-equilibrio-e-saude","status":"publish","type":"post","link":"https:\/\/www.europesays.com\/pt\/50410\/","title":{"rendered":"C\u00e2ncer renal deve crescer quase 80% no Brasil at\u00e9 2050 &#8211; 29\/08\/2025 &#8211; Equil\u00edbrio e Sa\u00fade"},"content":{"rendered":"<p>O <a href=\"https:\/\/www1.folha.uol.com.br\/folha-topicos\/cancer\/\" rel=\"nofollow noopener\" target=\"_blank\">c\u00e2ncer renal <\/a>deve ter um crescimento expressivo nas pr\u00f3ximas d\u00e9cadas, sobretudo na Am\u00e9rica Latina. A <a href=\"https:\/\/gco.iarc.fr\/tomorrow\/en\/dataviz\/tables?types=0&amp;cancers=29&amp;years=2050\" target=\"_blank\" rel=\"nofollow noopener\">Organiza\u00e7\u00e3o Mundial da Sa\u00fade (OMS) estima<\/a> que, at\u00e9 2050, os casos na regi\u00e3o aumentem 79,8%. Esse cen\u00e1rio deve ser semelhante no Brasil, onde os diagn\u00f3sticos podem subir 79,5% nesse per\u00edodo, segundo a OMS.<\/p>\n<p>M\u00faltiplos fatores est\u00e3o por tr\u00e1s desse salto. &#8220;O envelhecimento da popula\u00e7\u00e3o e o fato de as ferramentas diagn\u00f3sticas estarem mais acess\u00edveis, tanto na <a href=\"https:\/\/www1.folha.uol.com.br\/folha-topicos\/saude\/\" rel=\"nofollow noopener\" target=\"_blank\">sa\u00fade<\/a> p\u00fablica quanto na privada, contribuem para a eleva\u00e7\u00e3o na detec\u00e7\u00e3o dos c\u00e2nceres&#8221;, analisa o nefrologista Ricardo de Araujo Mothe, do Einstein Hospital Israelita em Goi\u00e2nia.<\/p>\n<p>Mas o cen\u00e1rio n\u00e3o se r<a href=\"https:\/\/estudio.folha.uol.com.br\/roche\/2024\/05\/diagnostico-precoce-e-chave-para-reduzir-mortes-por-cancer.shtml\" rel=\"nofollow noopener\" target=\"\">esume ao diagn\u00f3stico precoce:<\/a> mudan\u00e7as no estilo de vida tamb\u00e9m t\u00eam grande peso nessa equa\u00e7\u00e3o. &#8220;Ao longo dos anos, os h\u00e1bitos da popula\u00e7\u00e3o t\u00eam mudado bastante, com aumento da obesidade e do sedentarismo \u2014fatores que, somados ao tabagismo e \u00e0 hereditariedade, elevam o risco do surgimento desse tumor&#8221;, acrescenta o oncologista Ramon Andrade de Mello, pesquisador e professor da Universidade Nove de Julho (Uninove), em S\u00e3o Paulo. Condi\u00e7\u00f5es como diabetes, hipertens\u00e3o e doen\u00e7as renais cr\u00f4nicas tamb\u00e9m elevam o risco.<\/p>\n<p>Embora n\u00e3o haja um \u00fanico fator isolado para explicar o surgimento da doen\u00e7a, o c\u00e2ncer renal est\u00e1 associado a uma combina\u00e7\u00e3o de<a href=\"https:\/\/www1.folha.uol.com.br\/fsp\/saude\/sd2104200903.htm\" rel=\"nofollow noopener\" target=\"\"> condi\u00e7\u00f5es mut\u00e1veis e n\u00e3o mut\u00e1veis.<\/a> Entre as inalter\u00e1veis, destaca-se o g\u00eanero: homens t\u00eam o dobro de risco de desenvolver o tumor em compara\u00e7\u00e3o \u00e0s mulheres, e a incid\u00eancia se concentra principalmente na faixa et\u00e1ria entre 60 e 70 anos.<\/p>\n<p>Doen\u00e7a silenciosa<\/p>\n<p>Esse tipo de tumor costuma ser silencioso, e os sintomas geralmente surgem em <a href=\"https:\/\/www1.folha.uol.com.br\/equilibrioesaude\/2024\/11\/enfermeira-descobre-cancer-raro-e-silencioso-apos-sintomas-de-gastrite.shtml\" rel=\"nofollow noopener\" target=\"\">est\u00e1gios mais avan\u00e7ados da doen\u00e7a<\/a>. Entre eles est\u00e3o: febre persistente, fadiga, fraqueza, perda acentuada de peso e presen\u00e7a de sangue na urina, muitas vezes vis\u00edvel apenas em exames laboratoriais.<\/p>\n<p>Da\u00ed porque, n\u00e3o raro, o c\u00e2ncer renal \u00e9 descoberto durante exames de rotina. H\u00e1 ainda pacientes que, ao receberem o diagn\u00f3stico de um n\u00f3dulo nos rins sem apresentar sinais aparentes, acabam postergando a busca por tratamento, o que pode atrasar o manejo adequado.<\/p>\n<p>A doen\u00e7a n\u00e3o tem um programa de rastreio espec\u00edfico nem no Brasil nem em outros pa\u00edses. Mas t\u00e9cnicas como a an\u00e1lise de DNA tumoral do sangue \u2014exame que detecta fragmentos de DNA liberados pelas c\u00e9lulas cancer\u00edgenas na corrente sangu\u00ednea e permite avaliar a presen\u00e7a de mais de 70 tipos de tumores\u2014 t\u00eam ajudado a detectar precocemente tumores renais. Segundo Mello, pode ser indicado que pessoas do grupo de risco fa\u00e7am o teste uma vez ao ano.<\/p>\n<p>Quando o c\u00e2ncer renal \u00e9 identificado em est\u00e1gio inicial, o tratamento <a href=\"https:\/\/www1.folha.uol.com.br\/equilibrioesaude\/2024\/02\/fila-por-transplante-de-rim-e-a-maior-em-relacao-a-orgaos-no-brasil.shtml\" rel=\"nofollow noopener\" target=\"\">geralmente se resume \u00e0 cirurgia.<\/a> &#8220;N\u00f3dulos pequenos e localizados apenas em um dos rins s\u00e3o tratados com a remo\u00e7\u00e3o parcial do \u00f3rg\u00e3o, sem comprometer seu funcionamento. J\u00e1 quando eles s\u00e3o maiores, temos que retirar o \u00f3rg\u00e3o todo, ainda sem apresentar problemas \u00e0 recupera\u00e7\u00e3o do indiv\u00edduo&#8221;, explica Mothe.<\/p>\n<p>Nos casos em que a doen\u00e7a j\u00e1 se espalhou para al\u00e9m dos rins, atingindo g\u00e2nglios ou mesmo outros \u00f3rg\u00e3os, podem ser indicados tratamentos complementares, como quimioterapia, imunoterapia e terapias-alvo, que atuam de forma mais precisa contra as c\u00e9lulas cancer\u00edgenas, preservando as saud\u00e1veis.<\/p>\n<p>    Cuide-se<\/p>\n<p class=\"c-newsletter__subtitle\">Ci\u00eancia, h\u00e1bitos e preven\u00e7\u00e3o numa newsletter para a sua sa\u00fade e bem-estar<\/p>\n","protected":false},"excerpt":{"rendered":"O c\u00e2ncer renal deve ter um crescimento expressivo nas pr\u00f3ximas d\u00e9cadas, sobretudo na Am\u00e9rica Latina. A Organiza\u00e7\u00e3o Mundial&hellip;\n","protected":false},"author":2,"featured_media":50411,"comment_status":"","ping_status":"","sticky":false,"template":"","format":"standard","meta":{"footnotes":""},"categories":[86],"tags":[6245,1776,236,116,2196,1208,32,33,2197,2198,117,14802],"class_list":{"0":"post-50410","1":"post","2":"type-post","3":"status-publish","4":"format-standard","5":"has-post-thumbnail","7":"category-saude","8":"tag-agencia-einstein","9":"tag-cancer","10":"tag-folha","11":"tag-health","12":"tag-leucemia","13":"tag-medicina","14":"tag-portugal","15":"tag-pt","16":"tag-quimioterapia","17":"tag-radioterapia","18":"tag-saude","19":"tag-tumor-renal"},"share_on_mastodon":{"url":"","error":""},"_links":{"self":[{"href":"https:\/\/www.europesays.com\/pt\/wp-json\/wp\/v2\/posts\/50410","targetHints":{"allow":["GET"]}}],"collection":[{"href":"https:\/\/www.europesays.com\/pt\/wp-json\/wp\/v2\/posts"}],"about":[{"href":"https:\/\/www.europesays.com\/pt\/wp-json\/wp\/v2\/types\/post"}],"author":[{"embeddable":true,"href":"https:\/\/www.europesays.com\/pt\/wp-json\/wp\/v2\/users\/2"}],"replies":[{"embeddable":true,"href":"https:\/\/www.europesays.com\/pt\/wp-json\/wp\/v2\/comments?post=50410"}],"version-history":[{"count":0,"href":"https:\/\/www.europesays.com\/pt\/wp-json\/wp\/v2\/posts\/50410\/revisions"}],"wp:featuredmedia":[{"embeddable":true,"href":"https:\/\/www.europesays.com\/pt\/wp-json\/wp\/v2\/media\/50411"}],"wp:attachment":[{"href":"https:\/\/www.europesays.com\/pt\/wp-json\/wp\/v2\/media?parent=50410"}],"wp:term":[{"taxonomy":"category","embeddable":true,"href":"https:\/\/www.europesays.com\/pt\/wp-json\/wp\/v2\/categories?post=50410"},{"taxonomy":"post_tag","embeddable":true,"href":"https:\/\/www.europesays.com\/pt\/wp-json\/wp\/v2\/tags?post=50410"}],"curies":[{"name":"wp","href":"https:\/\/api.w.org\/{rel}","templated":true}]}}