{"id":504162,"date":"2026-08-29T05:10:28","date_gmt":"2026-08-29T05:10:28","guid":{"rendered":"https:\/\/www.europesays.com\/pt\/504162\/"},"modified":"2026-08-29T05:10:28","modified_gmt":"2026-08-29T05:10:28","slug":"bugalho-insiste-ha-similitudes-entre-carneiro-e-ventura-observador","status":"publish","type":"post","link":"https:\/\/www.europesays.com\/pt\/504162\/","title":{"rendered":"Bugalho insiste: &#8220;H\u00e1 similitudes entre Carneiro e Ventura&#8221; \u2013 Observador"},"content":{"rendered":"<p>Ap\u00f3s v\u00e1rios ataques do PS ao l\u00edder parlamentar do PSD por ter comparado Jos\u00e9 Lu\u00eds Carneiro a Andr\u00e9 Ventura, Sebasti\u00e3o Bugalho reiterou esta sexta-feira que existem \u201c<strong>similitudes<\/strong> entre o l\u00edder do PS e o l\u00edder do Chega\u201d. Nos \u00faltimos dias, o secret\u00e1rio-geral do PS disse que a cr\u00edtica foi \u201cleviana\u201d e Jo\u00e3o Soares disse que foi uma \u201cindec\u00eancia\u201d. J\u00e1 o porta-voz do PSD, na Universidade de Ver\u00e3o do PSD, come\u00e7ou por dizer que Hugo Soares \u201cn\u00e3o precisa\u201d de \u201cdefesa de honra\u201d, mas insistiu na ideia de que os l\u00edderes do PS e do Chega \u201cmuitas vezes <strong>coincidem<\/strong> no <strong>h\u00e1bito<\/strong> e na <strong>forma<\/strong>\u201c.<\/p>\n<p>Ao identificar as \u201csimilitudes\u201d de discurso entre Ventura e Carneiro, Sebasti\u00e3o Bugalho sobe o tom e diz que ambos t\u00eam \u201cnecessidade de incluir <strong>mentiras<\/strong>, <strong>distopia<\/strong> e <strong>narrativas<\/strong> que <strong>n\u00e3o v\u00e3o ao encontro de factos<\/strong> e realidade no discurso pol\u00edtico\u201d. E atira: \u201cA\u00ed t\u00eam sido <strong>muito parecidos<\/strong>\u201c.<\/p>\n<p>O porta-voz do PSD admite que o PS e o Chega t\u00eam diferen\u00e7as, uma vez que \u201co PS \u00e9 um partido fundador da democracia, com hist\u00f3rico constitucional, que participou nas revis\u00f5es constitucionais ao lado do PSD, \u00e9 um partido que em mat\u00e9ria de direitos, liberdades e garantias n\u00e3o est\u00e1 contra esses direitos, essas liberdades, essas garantias.\u201d Bugalho explica que, por isso, \u201ca quest\u00e3o n\u00e3o \u00e9 program\u00e1tica, apesar de muitas vezes no Parlamento <strong>votarem ao lado um do outro\u201d. <\/strong>E acrescenta: \u201cEu tamb\u00e9m <strong>n\u00e3o gosto quando o PS diz que o PSD \u00e9 igual ao Cheg<\/strong>a, portanto eu tamb\u00e9m n\u00e3o vou estar a dizer que o PS \u00e9 a mesma coisa que o Chega. N\u00e3o \u00e9, mas t\u00eam similitudes no seu discurso\u201d.<\/p>\n<p>Sebasti\u00e3o Bugalho acrescentou ainda que o PS abana com \u201c<strong>fantasmas<\/strong> \u00e0 volta da habita\u00e7\u00e3o, estes fantasmas \u00e0 volta da seguran\u00e7a social, fantasmas \u00e0 volta das alian\u00e7as com a extrema direita\u201d porque \u201celes n\u00e3o <strong>t\u00eam nada para dizer<\/strong>\u201c. O porta-voz do PSD diz que o PS n\u00e3o \u00e9 capaz de dizer que \u00e9 \u201ccontra o alargamento do passe ferrovi\u00e1rio verde para as \u00e1reas metropolitanas e para os comboios urbanos\u201d ou que \u00e9 \u201ccontra Portugal deixar de ser o \u00fanico Estado-membro da UE que n\u00e3o tem uma participa\u00e7\u00e3o na sua rede el\u00e9trica\u201d. E garante que o PS n\u00e3o o faz porque concorda com essas medidas: \u201cEles n\u00e3o conseguem dizer que s\u00e3o contra, porque n\u00e3o s\u00e3o.\u201d<\/p>\n<p>Na opini\u00e3o do porta-voz do PSD \u00e9 por concordarem com o Governo em v\u00e1rias mat\u00e9rias que o PS tem que \u201cinventar o fantasma da revis\u00e3o constitucional\u201d e o fantasma da seguran\u00e7a social, \u00e9 sempre um fantasma. Bugalho afirma que \u201c<strong>os fantasmas vendem mais<\/strong>, os fantasmas aparecem mais, os fantasmas motivam mais debates, os fantasmas \u00e0s vezes at\u00e9 podem ser mais interessantes, mas n\u00e3o troquemos os fantasmas pela realidade.\u201d O vice-presidente do PSD atira aos socialistas: \u201cEles que fiquem com os fantasmas, n\u00f3s ficamos com a realidade\u201d.<\/p>\n<p dir=\"ltr\"><strong>[De regresso a Portugal, Carvalh\u00e3o Gil garante que n\u00e3o se vendeu aos russos e que nem sequer sabia que o homem com quem foi detido trabalhava para o SVR. Para ele, era s\u00f3 um \u201cparceiro de neg\u00f3cios\u201d. Mas as buscas \u00e0s casas do espi\u00e3o contam uma hist\u00f3ria diferente: a PJ encontra milhares de euros escondidos em casacos, gavetas e envelopes; dezenas de documentos secretos espalhados pelas v\u00e1rias divis\u00f5es; e at\u00e9 um rev\u00f3lver dissimulado numa estante. J\u00e1 est\u00e1 dispon\u00edvel o quinto epis\u00f3dio do novo Podcast Plus \u201cA Vida Dupla do Espi\u00e3o Traidor\u201d. Pode ouvir no\u00a0<a href=\"https:\/\/observador.pt\/programas\/a-vida-dupla-do-espio-traidor\/episodio-5-um-maco-de-notas-verdes\/\" rel=\"nofollow noopener\" target=\"_blank\">site do Observador<\/a>, na<a href=\"https:\/\/podcasts.apple.com\/pt\/podcast\/epis%C3%B3dio-5-um-ma%C3%A7o-de-notas-verdes\/id6792864997?i=1000785615501\" rel=\"nofollow noopener\" target=\"_blank\">\u00a0Apple Podcasts<\/a>, no\u00a0<a href=\"https:\/\/open.spotify.com\/episode\/0bV3kZduZPEtfcf406MUe0\" rel=\"nofollow noopener\" target=\"_blank\">Spotify\u00a0<\/a>e no<a href=\"https:\/\/www.youtube.com\/watch?v=GuHo5ZaBCyk&amp;list=PLd6-ASW8hah4&amp;index=1\" rel=\"nofollow noopener\" target=\"_blank\">\u00a0YouTube<\/a>.]<\/strong><\/p>\n<p dir=\"ltr\"><a href=\"https:\/\/observador.pt\/programas\/a-vida-dupla-do-espio-traidor\/episodio-5-um-maco-de-notas-verdes\/\" rel=\"nofollow noopener\" target=\"_blank\"><\/p>\n<p>        <img src=\"https:\/\/www.europesays.com\/pt\/wp-content\/uploads\/2026\/08\/1787980228_122_770-a-vida-dupla-do-espiao-traidor-iconplay.png\" alt=\"\" loading=\"lazy\" decoding=\"async\" class=\"alignnone\" onload=\"this.parentElement.classList.remove('spinner')\" onerror=\"this.parentElement.classList.remove('spinner')\" width=\"770\" height=\"433\"\/>    <\/p>\n<p><\/a><\/p>\n","protected":false},"excerpt":{"rendered":"Ap\u00f3s v\u00e1rios ataques do PS ao l\u00edder parlamentar do PSD por ter comparado Jos\u00e9 Lu\u00eds Carneiro a Andr\u00e9&hellip;\n","protected":false},"author":2,"featured_media":504163,"comment_status":"","ping_status":"","sticky":false,"template":"","format":"standard","meta":{"footnotes":"","_share_on_mastodon":"0"},"categories":[10],"tags":[27,28,15,16,14,25,26,21,22,12,13,19,20,302,32,23,24,4579,33,13935,58,17,18,29,30,31],"class_list":["post-504162","post","type-post","status-publish","format-standard","has-post-thumbnail","category-portugal","tag-breaking-news","tag-breakingnews","tag-featured-news","tag-featurednews","tag-headlines","tag-latest-news","tag-latestnews","tag-main-news","tag-mainnews","tag-news","tag-noticias","tag-noticias-principais","tag-noticiasprincipais","tag-polu00edtica","tag-portugal","tag-principais-noticias","tag-principaisnoticias","tag-psd","tag-pt","tag-rentru00e9e","tag-sociedade","tag-top-stories","tag-topstories","tag-ultimas","tag-ultimas-noticias","tag-ultimasnoticias"],"share_on_mastodon":{"url":"https:\/\/pubeurope.com\/@pt\/117177079845414657","error":""},"_links":{"self":[{"href":"https:\/\/www.europesays.com\/pt\/wp-json\/wp\/v2\/posts\/504162","targetHints":{"allow":["GET"]}}],"collection":[{"href":"https:\/\/www.europesays.com\/pt\/wp-json\/wp\/v2\/posts"}],"about":[{"href":"https:\/\/www.europesays.com\/pt\/wp-json\/wp\/v2\/types\/post"}],"author":[{"embeddable":true,"href":"https:\/\/www.europesays.com\/pt\/wp-json\/wp\/v2\/users\/2"}],"replies":[{"embeddable":true,"href":"https:\/\/www.europesays.com\/pt\/wp-json\/wp\/v2\/comments?post=504162"}],"version-history":[{"count":0,"href":"https:\/\/www.europesays.com\/pt\/wp-json\/wp\/v2\/posts\/504162\/revisions"}],"wp:featuredmedia":[{"embeddable":true,"href":"https:\/\/www.europesays.com\/pt\/wp-json\/wp\/v2\/media\/504163"}],"wp:attachment":[{"href":"https:\/\/www.europesays.com\/pt\/wp-json\/wp\/v2\/media?parent=504162"}],"wp:term":[{"taxonomy":"category","embeddable":true,"href":"https:\/\/www.europesays.com\/pt\/wp-json\/wp\/v2\/categories?post=504162"},{"taxonomy":"post_tag","embeddable":true,"href":"https:\/\/www.europesays.com\/pt\/wp-json\/wp\/v2\/tags?post=504162"}],"curies":[{"name":"wp","href":"https:\/\/api.w.org\/{rel}","templated":true}]}}