{"id":504168,"date":"2026-08-29T05:13:13","date_gmt":"2026-08-29T05:13:13","guid":{"rendered":"https:\/\/www.europesays.com\/pt\/504168\/"},"modified":"2026-08-29T05:13:13","modified_gmt":"2026-08-29T05:13:13","slug":"exposicao-em-sp-celebra-centenario-do-artista-baiano-genaro-de-carvalho-pioneiro-da-tapecaria-moderna","status":"publish","type":"post","link":"https:\/\/www.europesays.com\/pt\/504168\/","title":{"rendered":"Exposi\u00e7\u00e3o em SP celebra centen\u00e1rio do artista baiano Genaro de Carvalho, pioneiro da tape\u00e7aria moderna"},"content":{"rendered":"<p class=\"isSelectedEnd\">O centen\u00e1rio de nascimento de <strong>Genaro de Carvalho <\/strong>(1926 \u2013 1971), um dos nomes mais importantes do modernismo baiano, ser\u00e1 celebrado em S\u00e3o Paulo com uma exposi\u00e7\u00e3o que aproxima arte, moda e cultura brasileira. A mostra <strong>\u201cGenaro na Handred\u201d<\/strong> abre nesta sexta-feira (28), na loja da marca nos Jardins, em parceria com a<strong> Galeria Passado Composto S\u00e9culo XX<\/strong>.<\/p>\n<p class=\"isSelectedEnd\">Nascido em Salvador, em 1926, Genaro foi pintor, desenhista, fot\u00f3grafo, designer e tapeceiro. Considerado <strong>pioneiro da tape\u00e7aria moderna no Brasil<\/strong>, o artista ajudou a elevar a t\u00e9cnica ao campo das artes pl\u00e1sticas, explorando em suas obras elementos como paisagens, flores, \u00e1rvores, p\u00e1ssaros e refer\u00eancias \u00e0 cultura baiana.<\/p>\n<p class=\"isSelectedEnd\">A exposi\u00e7\u00e3o re\u00fane pinturas, desenhos, serigrafias, fotografias e tape\u00e7arias \u00fanicas produzidas pelo artista. A curadoria \u00e9 assinada por<strong> Gra\u00e7a Bueno<\/strong> e <strong>Andr\u00e9 Namitala<\/strong>, que recuperam diferentes momentos da trajet\u00f3ria de Genaro e destacam sua contribui\u00e7\u00e3o para a arte brasileira.<\/p>\n<p class=\"isSelectedEnd\">A escolha da <strong>Handred<\/strong>, marca de moda localizada nos Jardins, cria ainda um di\u00e1logo entre a produ\u00e7\u00e3o de Genaro e o universo do <strong>design<\/strong> e do <strong>vestu\u00e1rio<\/strong>. A abertura acontece durante a semana da <strong>SP-Arte Rotas<\/strong> e tamb\u00e9m integra as comemora\u00e7\u00f5es dos oito anos da loja. A programa\u00e7\u00e3o inclui ainda uma conversa com o artista baiano<strong> Ayrson Her\u00e1clito<\/strong>, conhecido por pesquisas relacionadas \u00e0 cultura afro-brasileira, mem\u00f3ria e identidade.<\/p>\n<p>\u00a0<\/p>\n","protected":false},"excerpt":{"rendered":"O centen\u00e1rio de nascimento de Genaro de Carvalho (1926 \u2013 1971), um dos nomes mais importantes do modernismo&hellip;\n","protected":false},"author":2,"featured_media":504169,"comment_status":"","ping_status":"","sticky":false,"template":"","format":"standard","meta":{"footnotes":"","_share_on_mastodon":"0"},"categories":[144],"tags":[207,205,206,203,201,202,204,114,115,32,33],"class_list":["post-504168","post","type-post","status-publish","format-standard","has-post-thumbnail","category-arte-e-design","tag-arte","tag-arte-e-design","tag-artedesign","tag-arts","tag-arts-and-design","tag-artsanddesign","tag-design","tag-entertainment","tag-entretenimento","tag-portugal","tag-pt"],"share_on_mastodon":{"url":"https:\/\/pubeurope.com\/@pt\/117177090530412303","error":""},"_links":{"self":[{"href":"https:\/\/www.europesays.com\/pt\/wp-json\/wp\/v2\/posts\/504168","targetHints":{"allow":["GET"]}}],"collection":[{"href":"https:\/\/www.europesays.com\/pt\/wp-json\/wp\/v2\/posts"}],"about":[{"href":"https:\/\/www.europesays.com\/pt\/wp-json\/wp\/v2\/types\/post"}],"author":[{"embeddable":true,"href":"https:\/\/www.europesays.com\/pt\/wp-json\/wp\/v2\/users\/2"}],"replies":[{"embeddable":true,"href":"https:\/\/www.europesays.com\/pt\/wp-json\/wp\/v2\/comments?post=504168"}],"version-history":[{"count":0,"href":"https:\/\/www.europesays.com\/pt\/wp-json\/wp\/v2\/posts\/504168\/revisions"}],"wp:featuredmedia":[{"embeddable":true,"href":"https:\/\/www.europesays.com\/pt\/wp-json\/wp\/v2\/media\/504169"}],"wp:attachment":[{"href":"https:\/\/www.europesays.com\/pt\/wp-json\/wp\/v2\/media?parent=504168"}],"wp:term":[{"taxonomy":"category","embeddable":true,"href":"https:\/\/www.europesays.com\/pt\/wp-json\/wp\/v2\/categories?post=504168"},{"taxonomy":"post_tag","embeddable":true,"href":"https:\/\/www.europesays.com\/pt\/wp-json\/wp\/v2\/tags?post=504168"}],"curies":[{"name":"wp","href":"https:\/\/api.w.org\/{rel}","templated":true}]}}