{"id":504172,"date":"2026-08-29T05:16:21","date_gmt":"2026-08-29T05:16:21","guid":{"rendered":"https:\/\/www.europesays.com\/pt\/504172\/"},"modified":"2026-08-29T05:16:21","modified_gmt":"2026-08-29T05:16:21","slug":"musico-vencedor-do-grammy-latino-e-detido-pelo-ice-nos-eua","status":"publish","type":"post","link":"https:\/\/www.europesays.com\/pt\/504172\/","title":{"rendered":"M\u00fasico vencedor do Grammy Latino \u00e9 detido pelo ICE nos EUA"},"content":{"rendered":"<p>Degnis Nelson Bofill Miranda, m\u00fasico cubano e vencedor do Grammy Latino 2022, foi detido pelo Servi\u00e7o de Imigra\u00e7\u00e3o e Fiscaliza\u00e7\u00e3o Aduaneira dos Estados Unidos (ICE) ap\u00f3s um show nos Estados Unidos. A opera\u00e7\u00e3o aconteceu no Aeroporto Internacional de Miami quando ele saiu de um voo vindo de Nova York em 19 de agosto.<\/p>\n<p>Em entrevista \u00e0 CBS News Miami, Mara Delgado, sua esposa, relatou momentos de tens\u00e3o e incerteza sobre o futuro: \u201cEstou preocupada com a possibilidade dele ser deportado, porque n\u00e3o sei quando poderei v\u00ea-lo novamente\u201d.<\/p>\n<p>Inicialmente, o m\u00fasico passou dias no escrit\u00f3rio de Opera\u00e7\u00f5es de Execu\u00e7\u00e3o e Remo\u00e7\u00e3o (ERO) do ICE em Miramar. Em seguida, foi transferido para o Centro de Deten\u00e7\u00e3o de Krome, no Condado de Miami-Dade.<\/p>\n<p>\u201cTerr\u00edvel\u201d, continuou Delgado. \u201cComecei a entrar em p\u00e2nico, porque com tudo o que tem acontecido, eu sabia que isso sempre \u00e9 uma possibilidade para n\u00f3s, imigrantes.\u201d<\/p>\n<p><strong>ICE diz que m\u00fasico estava em situa\u00e7\u00e3o irregular<\/strong><\/p>\n<p>Delgado afirmou que Bofill teria um pedido de asilo pendente. Ainda, ela diz que seu desejo \u00e9 seguir com o processo fora da deten\u00e7\u00e3o.<\/p>\n<p>Em contrapartida, o ICE emitiu um comunicado ao ve\u00edculo de imprensa no qual declarava que Bofill estaria em situa\u00e7\u00e3o irregular dentro do pa\u00eds, e sua pris\u00e3o teria se dado em opera\u00e7\u00e3o de \u201cfiscaliza\u00e7\u00e3o de imigra\u00e7\u00e3o\u201d. \u201cEle ter\u00e1 direito a um processo justo\u201d, afirma a declara\u00e7\u00e3o.<\/p>\n<p>A esposa do m\u00fasico iniciou uma campanha que busca reunir dinheiro para custear as despesas jur\u00eddicas. A meta \u00e9 de US$60 mil (cerca de R$312 mil).<\/p>\n<p>Veja Tamb\u00e9m<\/p>\n","protected":false},"excerpt":{"rendered":"Degnis Nelson Bofill Miranda, m\u00fasico cubano e vencedor do Grammy Latino 2022, foi detido pelo Servi\u00e7o de Imigra\u00e7\u00e3o&hellip;\n","protected":false},"author":2,"featured_media":504173,"comment_status":"","ping_status":"","sticky":false,"template":"","format":"standard","meta":{"footnotes":"","_share_on_mastodon":"0"},"categories":[141],"tags":[80249,3853,114,115,19805,17541,149,150,6486,32,33,6813],"class_list":["post-504172","post","type-post","status-publish","format-standard","has-post-thumbnail","category-musica","tag-degnis-bofill","tag-detencao","tag-entertainment","tag-entretenimento","tag-grammy-latino","tag-ice","tag-music","tag-musica","tag-musico","tag-portugal","tag-pt","tag-vencedor"],"share_on_mastodon":{"url":"https:\/\/pubeurope.com\/@pt\/117177102188632826","error":""},"_links":{"self":[{"href":"https:\/\/www.europesays.com\/pt\/wp-json\/wp\/v2\/posts\/504172","targetHints":{"allow":["GET"]}}],"collection":[{"href":"https:\/\/www.europesays.com\/pt\/wp-json\/wp\/v2\/posts"}],"about":[{"href":"https:\/\/www.europesays.com\/pt\/wp-json\/wp\/v2\/types\/post"}],"author":[{"embeddable":true,"href":"https:\/\/www.europesays.com\/pt\/wp-json\/wp\/v2\/users\/2"}],"replies":[{"embeddable":true,"href":"https:\/\/www.europesays.com\/pt\/wp-json\/wp\/v2\/comments?post=504172"}],"version-history":[{"count":0,"href":"https:\/\/www.europesays.com\/pt\/wp-json\/wp\/v2\/posts\/504172\/revisions"}],"wp:featuredmedia":[{"embeddable":true,"href":"https:\/\/www.europesays.com\/pt\/wp-json\/wp\/v2\/media\/504173"}],"wp:attachment":[{"href":"https:\/\/www.europesays.com\/pt\/wp-json\/wp\/v2\/media?parent=504172"}],"wp:term":[{"taxonomy":"category","embeddable":true,"href":"https:\/\/www.europesays.com\/pt\/wp-json\/wp\/v2\/categories?post=504172"},{"taxonomy":"post_tag","embeddable":true,"href":"https:\/\/www.europesays.com\/pt\/wp-json\/wp\/v2\/tags?post=504172"}],"curies":[{"name":"wp","href":"https:\/\/api.w.org\/{rel}","templated":true}]}}