{"id":504196,"date":"2026-08-29T05:31:19","date_gmt":"2026-08-29T05:31:19","guid":{"rendered":"https:\/\/www.europesays.com\/pt\/504196\/"},"modified":"2026-08-29T05:31:19","modified_gmt":"2026-08-29T05:31:19","slug":"8-series-que-chegaram-a-netflix-na-ultima-semana-de-agosto-drama-reality-e-mais","status":"publish","type":"post","link":"https:\/\/www.europesays.com\/pt\/504196\/","title":{"rendered":"8 s\u00e9ries que chegaram \u00e0 Netflix na \u00faltima semana de agosto: drama, reality e mais"},"content":{"rendered":"<p>M\u00eas que para muitos parece ser o mais longo do ano, agosto est\u00e1 chegando ao fim. Antes de se despedir, no entanto, vai deixar algumas novas op\u00e7\u00f5es de s\u00e9ries para assistir na <a href=\"https:\/\/tangerina.uol.com.br\/tag\/netflix\/\" data-type=\"link\" data-id=\"https:\/\/tangerina.uol.com.br\/tag\/netflix\/\" target=\"_blank\" rel=\"noreferrer noopener nofollow\">Netflix<\/a>. A <strong>Tangerina<\/strong> reuniu sete novidades que ficaram dispon\u00edveis no servi\u00e7o de streaming na plataforma de streaming, com destaque para o reality show apresentado por Claudia Raia e uma nova temporada de produ\u00e7\u00e3o criada por Tyler Perry.<\/p>\n<p>1 \u2013 Sua M\u00e3e Te Conhece?<\/p>\n<p>Comandado por Claudia Raia, <a href=\"https:\/\/tangerina.uol.com.br\/filmes-series\/netflix-quem-sao-os-participantes-de-sua-mae-te-conhece-com-claudia-raia\/\" data-type=\"link\" data-id=\"https:\/\/tangerina.uol.com.br\/filmes-series\/netflix-quem-sao-os-participantes-de-sua-mae-te-conhece-com-claudia-raia\/\" target=\"_blank\" rel=\"noreferrer noopener nofollow\">o novo reality show nacional<\/a> coloca filhos em uma rep\u00fablica cheia de provas sem saberem que suas pr\u00f3prias m\u00e3es est\u00e3o assistindo a cada passo nos bastidores. Valendo um pr\u00eamio que pode chegar a R$ 1 milh\u00e3o, as m\u00e3es precisam apostar alto no comportamento deles para provar quem realmente conhece melhor a pr\u00f3pria cria. Quatro cap\u00edtulos j\u00e1 est\u00e3o no cat\u00e1logo e os tr\u00eas \u00faltimos chegam na pr\u00f3xima quarta-feira.<\/p>\n<p>2 \u2013 Beauty in Black \u2013 Temporada 3<\/p>\n<p>Na nova fase da trama criada por Tyler Perry, Kimmie (Taylor Polidore Williams) se estabelece no c\u00edrculo de poder da fam\u00edlia Bellarie, mas precisa selar uma parceria tensa com Mallory (Crystle Stewart) quando disputas internas amea\u00e7am o cl\u00e3. Entre vingan\u00e7as, chantagens e trai\u00e7\u00f5es declaradas, as duas tentam se manter de p\u00e9 enquanto o imp\u00e9rio familiar racha por dentro.<\/p>\n<p>3 \u2013 Quatro M\u00e3os, Duas Sonatas \u2013 Estreia na Netflix no s\u00e1bado (29)<\/p>\n<p>O drama sul-coreano mergulha na rotina de uma conceituada academia musical, onde dois jovens pianistas encontram na paix\u00e3o pelo piano o ponto de partida para uma trajet\u00f3ria de rivalidade, amadurecimento e cumplicidade. Song Kang e Lee Jun Young comandam o elenco interpretando trajet\u00f3rias opostas que acabam se cruzando de forma definitiva.<\/p>\n<p>4 \u2013 A Morte da Esposa do Pastor<\/p>\n<p>A s\u00e9rie documental em tr\u00eas epis\u00f3dios acompanha a vida e a morte de Mica Miller. Ela era esposa do pastor John-Paul Miller, l\u00edder da igreja de sua fam\u00edlia em Myrtle Beach, na Carolina do Sul. Com imagens exclusivas e depoimentos in\u00e9ditos de amigos e familiares, a produ\u00e7\u00e3o investiga as acusa\u00e7\u00f5es de controle e manipula\u00e7\u00e3o, os fatos que antecederam a morte s\u00fabita e misteriosa de Mica e a busca por respostas que permanece at\u00e9 hoje.<\/p>\n<li>5 \u2013 <strong>A Verdade por Tr\u00e1s das Minhas Mentiras (Netflix)<\/strong>\u00a0\u2013 A miniss\u00e9rie espanhola acompanha Coco e Mar\u00edn em uma viagem de despedida de solteira com amigos de longa data. O clima festivo logo desmorona quando mentiras e ressentimentos ocultos do grupo v\u00eam \u00e0 tona.<\/li>\n<li>6 \u2013 <strong>Leanne \u2013 Temporada 2 (Netflix)\u00a0<\/strong>\u2013 Criada por Chuck Lorre (de Two and a Half Men e The Big Bang Theory), a sitcom traz Leanne (Leanne Morgan) recome\u00e7ando a vida ap\u00f3s 33 anos de casamento ao ser trocada pelo marido. Entre a menopausa e os netos, ela encara o novo cotidiano com muito humor e o apoio da fam\u00edlia.<\/li>\n<li>7 \u2013 <strong>Cemit\u00e9rio \u2013 Temporada 3 (Netflix)<\/strong>\u00a0\u2013 A equipe policial turca volta a se reunir em torno de um caso complexo e delicado. Com o retorno inesperado de \u00d6nem, a apura\u00e7\u00e3o ganha contornos pessoais que afetam profundamente a estabilidade de todos os investigadores.<\/li>\n<li>8 \u2013 <strong>O Rato (Netflix)<\/strong>\u00a0\u2013 O suspense coreano re\u00fane o escritor Moon-jae, que teve sua identidade roubada pelo misterioso O Rato, um agiota falido e um detetive obstinado em uma ca\u00e7ada fren\u00e9tica para revelar a face do criminoso. Com Ryu Jun-yeol e Sul Kyung-gu.<\/li>\n<p><strong>*Essas dicas foram publicadas originalmente na newsletter semanal S\u00f3 o que Vale o Play, da Tangerina. Se quiser receber as novidades do fim de semana no seu e-mail, sempre \u00e0s sextas,\u00a0<a href=\"https:\/\/news.us20.list-manage.com\/subscribe?u=d7eaf26706a602510a99c5b90&amp;id=133d7a1e47\" target=\"_blank\" rel=\"noreferrer noopener nofollow\">inscreva-se gratuitamente<\/a>.<\/strong><\/p>\n","protected":false},"excerpt":{"rendered":"M\u00eas que para muitos parece ser o mais longo do ano, agosto est\u00e1 chegando ao fim. Antes de&hellip;\n","protected":false},"author":2,"featured_media":504197,"comment_status":"","ping_status":"","sticky":false,"template":"","format":"standard","meta":{"footnotes":"","_share_on_mastodon":"0"},"categories":[142],"tags":[114,115,716,32,33,941,151],"class_list":["post-504196","post","type-post","status-publish","format-standard","has-post-thumbnail","category-tv","tag-entertainment","tag-entretenimento","tag-netflix","tag-portugal","tag-pt","tag-series","tag-tv"],"share_on_mastodon":{"url":"https:\/\/pubeurope.com\/@pt\/117177161343704257","error":""},"_links":{"self":[{"href":"https:\/\/www.europesays.com\/pt\/wp-json\/wp\/v2\/posts\/504196","targetHints":{"allow":["GET"]}}],"collection":[{"href":"https:\/\/www.europesays.com\/pt\/wp-json\/wp\/v2\/posts"}],"about":[{"href":"https:\/\/www.europesays.com\/pt\/wp-json\/wp\/v2\/types\/post"}],"author":[{"embeddable":true,"href":"https:\/\/www.europesays.com\/pt\/wp-json\/wp\/v2\/users\/2"}],"replies":[{"embeddable":true,"href":"https:\/\/www.europesays.com\/pt\/wp-json\/wp\/v2\/comments?post=504196"}],"version-history":[{"count":0,"href":"https:\/\/www.europesays.com\/pt\/wp-json\/wp\/v2\/posts\/504196\/revisions"}],"wp:featuredmedia":[{"embeddable":true,"href":"https:\/\/www.europesays.com\/pt\/wp-json\/wp\/v2\/media\/504197"}],"wp:attachment":[{"href":"https:\/\/www.europesays.com\/pt\/wp-json\/wp\/v2\/media?parent=504196"}],"wp:term":[{"taxonomy":"category","embeddable":true,"href":"https:\/\/www.europesays.com\/pt\/wp-json\/wp\/v2\/categories?post=504196"},{"taxonomy":"post_tag","embeddable":true,"href":"https:\/\/www.europesays.com\/pt\/wp-json\/wp\/v2\/tags?post=504196"}],"curies":[{"name":"wp","href":"https:\/\/api.w.org\/{rel}","templated":true}]}}