{"id":504218,"date":"2026-08-29T05:44:33","date_gmt":"2026-08-29T05:44:33","guid":{"rendered":"https:\/\/www.europesays.com\/pt\/504218\/"},"modified":"2026-08-29T05:44:33","modified_gmt":"2026-08-29T05:44:33","slug":"casa-muda-l13-pereira-miguel-arquitectos","status":"publish","type":"post","link":"https:\/\/www.europesays.com\/pt\/504218\/","title":{"rendered":"Casa Muda L13 \/ Pereira Miguel Arquitectos"},"content":{"rendered":"<p><a class=\"js-image-size__link \" href=\"https:\/\/www.archdaily.com\/pt\/1184038\/casa-muda-l13-pereira-miguel-arquitectos\/6a8f199d4253050001ca0f91-casa-muda-l13-pereira-miguel-arquitectos-foto\" rel=\"attachment nofollow noopener\" style=\"width: 100%;\" target=\"_blank\"><img decoding=\"async\" alt=\"Casa Muda L13 \/ Pereira Miguel Arquitectos - Imagem 1 de 31\" data-nr-picture-id=\"6a8f199d4253050001ca0f91\" fetchpriority=\"high\" height=\"475\" itemprop=\"image\" loading=\"eager\" longdesc=\"https:\/\/www.archdaily.com\/pt\/1184038\/casa-muda-l13-pereira-miguel-arquitectos\/6a8f199d4253050001ca0f91-casa-muda-l13-pereira-miguel-arquitectos-foto\" src=\"https:\/\/www.europesays.com\/pt\/wp-content\/uploads\/2026\/08\/073.jpg\" style=\"min-height: var(--featured-height, auto); aspect-ratio: auto 640 \/ 475\" width=\"640\"\/><\/a>\u00a9 Fernando Guerra | FG+SG<\/p>\n<p class=\"thumbs afd-desktop-e\"><a class=\"thumbs__link\" data-nr-picture-id=\"6a8f199a4253050001ca0f7c\" href=\"https:\/\/www.archdaily.com\/pt\/1184038\/casa-muda-l13-pereira-miguel-arquitectos\/6a8f199a4253050001ca0f7c-casa-muda-l13-pereira-miguel-arquitectos-foto\" rel=\"attachment nofollow noopener\" target=\"_blank\"><img loading=\"lazy\" decoding=\"async\" alt=\"Casa Muda L13 \/ Pereira Miguel Arquitectos - Fotografia de Exterior\" class=\"thumbs__img b-lazy\" data-nr-picture-id=\"6a8f199a4253050001ca0f7c\" data-pin-nopin=\"true\" src=\"https:\/\/www.europesays.com\/pt\/wp-content\/uploads\/2026\/08\/002.jpg\" height=\"125\" longdesc=\"https:\/\/www.archdaily.com\/pt\/1184038\/casa-muda-l13-pereira-miguel-arquitectos\/6a8f199a4253050001ca0f7c-casa-muda-l13-pereira-miguel-arquitectos-foto\" title=\"\u00a9 Fernando Guerra | FG+SG\" width=\"125\"\/><\/a><a class=\"thumbs__link\" data-nr-picture-id=\"6a8f199a4253050001ca0f7d\" href=\"https:\/\/www.archdaily.com\/pt\/1184038\/casa-muda-l13-pereira-miguel-arquitectos\/6a8f199a4253050001ca0f7d-casa-muda-l13-pereira-miguel-arquitectos-foto\" rel=\"attachment nofollow noopener\" target=\"_blank\"><img loading=\"lazy\" decoding=\"async\" alt=\"Casa Muda L13 \/ Pereira Miguel Arquitectos - Fotografia de Exterior\" class=\"thumbs__img b-lazy\" data-nr-picture-id=\"6a8f199a4253050001ca0f7d\" data-pin-nopin=\"true\" src=\"https:\/\/www.europesays.com\/pt\/wp-content\/uploads\/2026\/08\/007.jpg\" height=\"125\" longdesc=\"https:\/\/www.archdaily.com\/pt\/1184038\/casa-muda-l13-pereira-miguel-arquitectos\/6a8f199a4253050001ca0f7d-casa-muda-l13-pereira-miguel-arquitectos-foto\" title=\"\u00a9 Fernando Guerra | FG+SG\" width=\"125\"\/><\/a><a class=\"thumbs__link\" data-nr-picture-id=\"6a8f199c4253050001ca0f82\" href=\"https:\/\/www.archdaily.com\/pt\/1184038\/casa-muda-l13-pereira-miguel-arquitectos\/6a8f199c4253050001ca0f82-casa-muda-l13-pereira-miguel-arquitectos-foto\" rel=\"attachment nofollow noopener\" target=\"_blank\"><img loading=\"lazy\" decoding=\"async\" alt=\"Casa Muda L13 \/ Pereira Miguel Arquitectos - Fotografia de Interiores, Madeira, Cadeira\" class=\"thumbs__img b-lazy\" data-nr-picture-id=\"6a8f199c4253050001ca0f82\" data-pin-nopin=\"true\" src=\"https:\/\/www.europesays.com\/pt\/wp-content\/uploads\/2026\/08\/042.jpg\" height=\"125\" longdesc=\"https:\/\/www.archdaily.com\/pt\/1184038\/casa-muda-l13-pereira-miguel-arquitectos\/6a8f199c4253050001ca0f82-casa-muda-l13-pereira-miguel-arquitectos-foto\" title=\"\u00a9 Fernando Guerra | FG+SG\" width=\"125\"\/><\/a><a class=\"thumbs__link\" data-nr-picture-id=\"6a8f199c4253050001ca0f83\" href=\"https:\/\/www.archdaily.com\/pt\/1184038\/casa-muda-l13-pereira-miguel-arquitectos\/6a8f199c4253050001ca0f83-casa-muda-l13-pereira-miguel-arquitectos-foto\" rel=\"attachment nofollow noopener\" target=\"_blank\"><img loading=\"lazy\" decoding=\"async\" alt=\"Casa Muda L13 \/ Pereira Miguel Arquitectos - Fotografia de Exterior, Madeira, Terra\u00e7o\" class=\"thumbs__img b-lazy\" data-nr-picture-id=\"6a8f199c4253050001ca0f83\" data-pin-nopin=\"true\" src=\"https:\/\/www.europesays.com\/pt\/wp-content\/uploads\/2026\/08\/043.jpg\" height=\"125\" longdesc=\"https:\/\/www.archdaily.com\/pt\/1184038\/casa-muda-l13-pereira-miguel-arquitectos\/6a8f199c4253050001ca0f83-casa-muda-l13-pereira-miguel-arquitectos-foto\" title=\"\u00a9 Fernando Guerra | FG+SG\" width=\"125\"\/><\/a><a class=\"thumbs__link afd-desktop-e\" href=\"https:\/\/www.archdaily.com\/pt\/1184038\/casa-muda-l13-pereira-miguel-arquitectos\/6a8f199d4253050001ca0f91-casa-muda-l13-pereira-miguel-arquitectos-foto\" rel=\"nofollow noopener\" target=\"_blank\"><img decoding=\"async\" alt=\"Casa Muda L13 \/ Pereira Miguel Arquitectos - Mais Imagens\" class=\"thumbs__img b-lazy\" src=\"https:\/\/www.europesays.com\/pt\/wp-content\/uploads\/2026\/08\/073.jpg\" itemprop=\"image\" bad-src=\"data:image\/gif;base64,R0lGODlhAQABAIAAAAUEBAAAACwAAAAAAQABAAACAkQBADs=\"\/>+ 26<\/a><\/p>\n<p class=\"article-meta__author\">Curadoria de <strong>Susanna Moreira<\/strong><\/p>\n<p>    Compartilhar<\/p>\n<p>Compartilhar<\/p>\n<ul class=\"afd-share__networks clearfix\">\n<li class=\"afd-share__social\"><a aria-label=\"Facebook\" class=\"afd-share__button\" data-insights-category=\"share\" data-insights-label=\"facebook_sharing_options\" data-insights-value=\"1184038\" data-social=\"facebook\" href=\"https:\/\/www.facebook.com\/sharer\/sharer.php?u=https:\/\/www.archdaily.com.br\/pt\/1184038\/casa-muda-l13-pereira-miguel-arquitectos\" rel=\"nofollow noopener\" target=\"_blank\"><\/a>\n<p>Facebook<\/p>\n<\/li>\n<li class=\"afd-share__social\"><a aria-label=\"Twitter\" class=\"afd-share__button\" data-insights-category=\"share\" data-insights-label=\"twitter_sharing_options\" data-insights-value=\"1184038\" data-social=\"twitter\" href=\"https:\/\/twitter.com\/intent\/tweet?text=Casa%20Muda%20L13%20%2F%20Pereira%20Miguel%20Arquitectos&amp;url=https:\/\/www.archdaily.com.br\/pt\/1184038\/casa-muda-l13-pereira-miguel-arquitectos&amp;via=archdailybr\" rel=\"nofollow noopener\" target=\"_blank\"><\/a>\n<p>Twitter<\/p>\n<\/li>\n<li class=\"afd-share__social\"><a class=\"afd-share__button\" data-insights-category=\"share\" data-insights-label=\"email_sharing_options\" data-insights-value=\"1184038\" data-social=\"email\" href=\"mailto:?subject=Casa Muda L13 \/ Pereira Miguel Arquitectos&amp;body=https:\/\/www.archdaily.com.br\/pt\/1184038\/casa-muda-l13-pereira-miguel-arquitectos\"><\/a>\n<p>Mail<\/p>\n<\/li>\n<li class=\"afd-share__social\"><a aria-label=\"Pinterest\" class=\"afd-share__button\" data-insights-category=\"share\" data-insights-label=\"pinterest_sharing_options\" data-insights-value=\"1184038\" data-social=\"pinterest\" href=\"https:\/\/pinterest.com\/pin\/create\/button\/?url=https%3A%2F%2Fwww.archdaily.com.br%2Fpt%2F1184038%2Fcasa-muda-l13-pereira-miguel-arquitectos&amp;media=https%3A%2F%2Fimages.adsttc.com%2Fmedia%2Fimages%2F6a8f%2F199d%2F4253%2F0500%2F01ca%2F0f91%2Flarge_jpg%2F073.jpg%3F1787763180&amp;description=Casa%20Muda%20L13%20%2F%20Pereira%20Miguel%20Arquitectos\" rel=\"nofollow noopener\" target=\"_blank\"><\/a>\n<p>Pinterest<\/p>\n<\/li>\n<li class=\"afd-share__social\"><a aria-label=\"Whatsapp\" class=\"afd-share__button\" data-action=\"share\/whatsapp\/share\" data-insights-category=\"share\" data-insights-label=\"whatsapp_sharing_options\" data-insights-value=\"1184038\" data-social=\"whatsapp\" href=\"whatsapp:\/\/send?text=Casa+Muda+L13+%2F+Pereira+Miguel+Arquitectos+%7C+https%3A%2F%2Fwww.archdaily.com.br%2Fpt%2F1184038%2Fcasa-muda-l13-pereira-miguel-arquitectos%3Futm_source%3DWhatsapp%26utm_medium%3DIM%26utm_campaign%3Dshare-button\" rel=\"nofollow\"><\/a>\n<p>Whatsapp<\/p>\n<\/li>\n<\/ul>\n<p>Ou<\/p>\n<p>https:\/\/www.archdaily.com.br\/pt\/1184038\/casa-muda-l13-pereira-miguel-arquitectos<br \/>\n<a class=\"js-image-size__link lazy-anchor\" href=\"https:\/\/www.archdaily.com\/pt\/1184038\/casa-muda-l13-pereira-miguel-arquitectos\/6a8f199a4253050001ca0f7c-casa-muda-l13-pereira-miguel-arquitectos-foto\" rel=\"nofollow noopener\" target=\"_blank\"><img decoding=\"async\" alt=\"Casa Muda L13 \/ Pereira Miguel Arquitectos - Fotografia de Exterior\" data-nr-picture-id=\"6a8f199a4253050001ca0f7c\" height=\"427\" itemprop=\"image\" loading=\"lazy\" longdesc=\"https:\/\/www.archdaily.com\/pt\/1184038\/casa-muda-l13-pereira-miguel-arquitectos\/6a8f199a4253050001ca0f7c-casa-muda-l13-pereira-miguel-arquitectos-foto\" src=\"https:\/\/www.europesays.com\/pt\/wp-content\/uploads\/2026\/08\/1787982271_835_002.jpg\" width=\"640\"\/>\u00a9 Fernando Guerra | FG+SG<\/a><\/p>\n<p>Descri\u00e7\u00e3o enviada pela equipe de projeto. Localizado em <a href=\"https:\/\/www.archdaily.com\/pt\/tag\/grandola\" rel=\"nofollow noopener\" target=\"_blank\">Gr\u00e2ndola<\/a>, o projeto de habita\u00e7\u00e3o Muda L13 foi desenhado de forma a aproveitar as vistas de um pequeno vale e a ilumina\u00e7\u00e3o, sobretudo de Sul e Poente.<\/p>\n<p><img decoding=\"async\" src=\"https:\/\/www.europesays.com\/pt\/wp-content\/uploads\/2026\/08\/1787982273_692_loader-blue.gif\" alt=\"Content Loader\" style=\"width: 40px; margin: 24px;\"\/><script async src=\"https:\/\/platform.twitter.com\/widgets.js\" charset=\"utf-8\"><\/script><\/p>\n","protected":false},"excerpt":{"rendered":"\u00a9 Fernando Guerra | FG+SG + 26 Curadoria de Susanna Moreira Compartilhar Compartilhar Facebook Twitter Mail Pinterest Whatsapp&hellip;\n","protected":false},"author":2,"featured_media":504219,"comment_status":"","ping_status":"","sticky":false,"template":"","format":"standard","meta":{"footnotes":"","_share_on_mastodon":"0"},"categories":[144],"tags":[304,361,207,205,206,203,201,202,362,204,114,115,6507,32,33],"class_list":["post-504218","post","type-post","status-publish","format-standard","has-post-thumbnail","category-arte-e-design","tag-arquitetura","tag-arquitetura-residencial","tag-arte","tag-arte-e-design","tag-artedesign","tag-arts","tag-arts-and-design","tag-artsanddesign","tag-casas","tag-design","tag-entertainment","tag-entretenimento","tag-grandola","tag-portugal","tag-pt"],"share_on_mastodon":{"url":"https:\/\/pubeurope.com\/@pt\/117177212468446712","error":""},"_links":{"self":[{"href":"https:\/\/www.europesays.com\/pt\/wp-json\/wp\/v2\/posts\/504218","targetHints":{"allow":["GET"]}}],"collection":[{"href":"https:\/\/www.europesays.com\/pt\/wp-json\/wp\/v2\/posts"}],"about":[{"href":"https:\/\/www.europesays.com\/pt\/wp-json\/wp\/v2\/types\/post"}],"author":[{"embeddable":true,"href":"https:\/\/www.europesays.com\/pt\/wp-json\/wp\/v2\/users\/2"}],"replies":[{"embeddable":true,"href":"https:\/\/www.europesays.com\/pt\/wp-json\/wp\/v2\/comments?post=504218"}],"version-history":[{"count":0,"href":"https:\/\/www.europesays.com\/pt\/wp-json\/wp\/v2\/posts\/504218\/revisions"}],"wp:featuredmedia":[{"embeddable":true,"href":"https:\/\/www.europesays.com\/pt\/wp-json\/wp\/v2\/media\/504219"}],"wp:attachment":[{"href":"https:\/\/www.europesays.com\/pt\/wp-json\/wp\/v2\/media?parent=504218"}],"wp:term":[{"taxonomy":"category","embeddable":true,"href":"https:\/\/www.europesays.com\/pt\/wp-json\/wp\/v2\/categories?post=504218"},{"taxonomy":"post_tag","embeddable":true,"href":"https:\/\/www.europesays.com\/pt\/wp-json\/wp\/v2\/tags?post=504218"}],"curies":[{"name":"wp","href":"https:\/\/api.w.org\/{rel}","templated":true}]}}