{"id":504266,"date":"2026-08-29T06:21:19","date_gmt":"2026-08-29T06:21:19","guid":{"rendered":"https:\/\/www.europesays.com\/pt\/504266\/"},"modified":"2026-08-29T06:21:19","modified_gmt":"2026-08-29T06:21:19","slug":"reforco-do-sporting-diz-adeus-ao-palmeiras-despeco-me-do-clube-que-mudou-a-minha-vida","status":"publish","type":"post","link":"https:\/\/www.europesays.com\/pt\/504266\/","title":{"rendered":"Refor\u00e7o do Sporting diz adeus ao Palmeiras: \u00abDespe\u00e7o-me do clube que mudou a minha vida\u00bb"},"content":{"rendered":"<p>Prestes a ser a ser <a href=\"https:\/\/maisfutebol.iol.pt\/sporting\/kaique\/sporting-em-conversacoes-para-contratar-jovem-guarda-redes-do-palmeiras\" rel=\"nofollow noopener\" target=\"_blank\"><strong>oficializado para a baliza do Sporting<\/strong><\/a>, Kaique deixou uma mensagem de despedida do Palmeiras.<\/p>\n<p>\u00abObrigado, Palmeiras! Hoje despe\u00e7o-me deste clube que mudou a minha vida. Cheguei em 2019 e pude viver momentos que ficar\u00e3o eternizados na minha mem\u00f3ria\u00bb, escreveu no Instagram.<\/p>\n<p>\u00abFa\u00e7o quest\u00e3o de agradecer todo o per\u00edodo vivido nas categorias de base, no qual evolui como profissional e pessoa, conquistei titulos e me fez chegar preparado ao profissional. Foi uma honra vestir essa camisa\u00bb, acrescentou o guarda-redes de 23 anos que j\u00e1 est\u00e1 em Portugal.<br \/>\u00a0<\/p>\n<blockquote class=\"instagram-media\" data-instgrm-captioned=\"\" data-instgrm-permalink=\"https:\/\/www.instagram.com\/p\/DcjLwOfjiCP\/?utm_source=ig_embed&amp;utm_campaign=loading\" data-instgrm-version=\"14\" style=\" background:#FFF; border:0; border-radius:3px; box-shadow:0 0 1px 0 rgba(0,0,0,0.5),0 1px 10px 0 rgba(0,0,0,0.15); margin: 1px; max-width:540px; min-width:326px; padding:0; width:99.375%; width:-webkit-calc(100% - 2px); width:calc(100% - 2px);\">\n<\/blockquote>\n<p>                                <script async src=\"\/\/www.instagram.com\/embed.js\"><\/script><\/p>\n","protected":false},"excerpt":{"rendered":"Prestes a ser a ser oficializado para a baliza do Sporting, Kaique deixou uma mensagem de despedida do&hellip;\n","protected":false},"author":2,"featured_media":504267,"comment_status":"","ping_status":"","sticky":false,"template":"","format":"standard","meta":{"footnotes":"","_share_on_mastodon":"0"},"categories":[87],"tags":[726,135,77927,46,42,1621,32,33,47,34,134,35],"class_list":["post-504266","post","type-post","status-publish","format-standard","has-post-thumbnail","category-desporto","tag-brasil","tag-desporto","tag-kaique","tag-maisfutebol","tag-mercado","tag-palmeiras","tag-portugal","tag-pt","tag-pura-paixao","tag-sporting","tag-sports","tag-transferencias"],"share_on_mastodon":{"url":"https:\/\/pubeurope.com\/@pt\/117177361515290559","error":""},"_links":{"self":[{"href":"https:\/\/www.europesays.com\/pt\/wp-json\/wp\/v2\/posts\/504266","targetHints":{"allow":["GET"]}}],"collection":[{"href":"https:\/\/www.europesays.com\/pt\/wp-json\/wp\/v2\/posts"}],"about":[{"href":"https:\/\/www.europesays.com\/pt\/wp-json\/wp\/v2\/types\/post"}],"author":[{"embeddable":true,"href":"https:\/\/www.europesays.com\/pt\/wp-json\/wp\/v2\/users\/2"}],"replies":[{"embeddable":true,"href":"https:\/\/www.europesays.com\/pt\/wp-json\/wp\/v2\/comments?post=504266"}],"version-history":[{"count":0,"href":"https:\/\/www.europesays.com\/pt\/wp-json\/wp\/v2\/posts\/504266\/revisions"}],"wp:featuredmedia":[{"embeddable":true,"href":"https:\/\/www.europesays.com\/pt\/wp-json\/wp\/v2\/media\/504267"}],"wp:attachment":[{"href":"https:\/\/www.europesays.com\/pt\/wp-json\/wp\/v2\/media?parent=504266"}],"wp:term":[{"taxonomy":"category","embeddable":true,"href":"https:\/\/www.europesays.com\/pt\/wp-json\/wp\/v2\/categories?post=504266"},{"taxonomy":"post_tag","embeddable":true,"href":"https:\/\/www.europesays.com\/pt\/wp-json\/wp\/v2\/tags?post=504266"}],"curies":[{"name":"wp","href":"https:\/\/api.w.org\/{rel}","templated":true}]}}