{"id":50430,"date":"2025-08-29T16:57:10","date_gmt":"2025-08-29T16:57:10","guid":{"rendered":"https:\/\/www.europesays.com\/pt\/50430\/"},"modified":"2025-08-29T16:57:10","modified_gmt":"2025-08-29T16:57:10","slug":"reduza-em-20-o-risco-de-cancer-de-intestino-com-este-vegetal-comum-aponta-megaestudo","status":"publish","type":"post","link":"https:\/\/www.europesays.com\/pt\/50430\/","title":{"rendered":"Reduza em 20% o risco de c\u00e2ncer de intestino com este vegetal comum, aponta megaestudo"},"content":{"rendered":"<p>                        <a href=\"https:\/\/img.nsctotal.com.br\/wp-content\/uploads\/2025\/08\/prevencao-cancer-de-intestino.jpg\" data-caption=\"preven\u00e7\u00e3o c\u00e2ncer de intestino\" aria-label=\"preven\u00e7\u00e3o c\u00e2ncer de intestino\" rel=\"nofollow noopener\" target=\"_blank\"><img width=\"944\" height=\"531\" src=\"https:\/\/www.europesays.com\/pt\/wp-content\/uploads\/2025\/08\/prevencao-cancer-de-intestino-944x531.jpg\" class=\"attachment-custom-large size-custom-large article-featured-image\" alt=\"preven\u00e7\u00e3o c\u00e2ncer de intestino\" fetchpriority=\"high\" decoding=\"async\"  \/><\/a><\/p>\n<p>esquisadores apontam um alimento comum como aliado na preven\u00e7\u00e3o do c\u00e2ncer colorretal (Foto: Banco de imagens)<\/p>\n<p>Um novo estudo trouxe esperan\u00e7a na luta contra o c\u00e2ncer de intestino. Pesquisadores descobriram que incluir um alimento simples no dia a dia pode reduzir em 20% as chances de desenvolver a doen\u00e7a.<\/p>\n<p>Continua depois da publicidade<\/p>\n<p>A pesquisa, publicada na revista cient\u00edfica BMC Gastroenterology, analisou dados de quase 640 mil pessoas e identificou que esse item, acess\u00edvel e barato, pode atuar como um poderoso protetor natural.<\/p>\n<p>Logo nos primeiros resultados, os cientistas observaram que a prote\u00e7\u00e3o come\u00e7a com pequenas quantidades di\u00e1rias de vegetais cruc\u00edferos, como br\u00f3colis, couve e repolho, mostrando que mudan\u00e7as discretas na dieta podem ter um impacto expressivo na sa\u00fade a longo prazo.<\/p>\n<p>Por que o c\u00e2ncer de intestino preocupa tanto<\/p>\n<p>O c\u00e2ncer colorretal \u00e9 o terceiro mais comum em todo o mundo e o segundo que mais mata, segundo a OMS. A doen\u00e7a tem crescido especialmente entre os mais jovens, impulsionada por fatores como dieta rica em ultraprocessados, \u00e1lcool e sedentarismo.<\/p>\n<p>Continua depois da publicidade<\/p>\n<p>Nesse cen\u00e1rio, a alimenta\u00e7\u00e3o equilibrada ganha for\u00e7a como aliada na preven\u00e7\u00e3o. O estudo chin\u00eas buscou reunir as evid\u00eancias mais recentes sobre os efeitos de um grupo espec\u00edfico de vegetais. O resultado refor\u00e7ou a import\u00e2ncia de escolhas simples no prato.<\/p>\n<p>Ao contr\u00e1rio de tratamentos caros e dolorosos, inserir vegetais cruc\u00edferos no dia a dia \u00e9 acess\u00edvel e pode gerar impacto real. Essa descoberta traz esperan\u00e7a para reduzir a carga global da doen\u00e7a, que causa quase um milh\u00e3o de mortes por ano.<\/p>\n<p>O poder escondido nos vegetais cruc\u00edferos<\/p>\n<p>Os pesquisadores explicam que esses vegetais s\u00e3o ricos em fibras, vitamina C, carotenoides e flavonoides, nutrientes com efeito protetor. Mais que isso, produzem glucosinolatos, que ajudam a neutralizar c\u00e9lulas cancer\u00edgenas.<\/p>\n<p>Continua depois da publicidade<\/p>\n<p>Esses compostos podem induzir a chamada apoptose, a morte natural de c\u00e9lulas doentes, al\u00e9m de inibir enzimas que ativam subst\u00e2ncias cancer\u00edgenas. Isso faz com que o consumo regular funcione como um escudo contra a progress\u00e3o da doen\u00e7a.<\/p>\n<p>Segundo os autores na pesquisa, \u201cos achados t\u00eam o objetivo de fornecer sugest\u00f5es baseadas em evid\u00eancias para aprimorar estrat\u00e9gias cl\u00ednicas de preven\u00e7\u00e3o e tratamento da doen\u00e7a\u201d. Ou seja, n\u00e3o \u00e9 apenas dieta, mas ci\u00eancia aplicada \u00e0 sa\u00fade.<\/p>\n<p>Br\u00f3colis se destaca entre os protetores naturais<\/p>\n<p>Embora todos os vegetais cruc\u00edferos tenham benef\u00edcios, o br\u00f3colis chama aten\u00e7\u00e3o pela alta concentra\u00e7\u00e3o de sulforafano. Esse fitoqu\u00edmico antic\u00e2ncer j\u00e1 foi relacionado \u00e0 redu\u00e7\u00e3o do risco de tumores no c\u00f3lon, mama, pr\u00f3stata e at\u00e9 boca.<\/p>\n<p>Continua depois da publicidade<\/p>\n<p>A professora Vijaya Surampudi, da Universidade da Calif\u00f3rnia em Los Angeles, lembra que as primeiras evid\u00eancias surgiram ainda em 1997. Desde ent\u00e3o, diversos estudos refor\u00e7am o potencial do alimento como aliado contra diferentes tipos de c\u00e2ncer.<\/p>\n<p>Assim, incluir br\u00f3colis e seus \u201cparentes verdes\u201d nas refei\u00e7\u00f5es pode ser um gesto simples, mas poderoso. Pequenas mudan\u00e7as no card\u00e1pio, quando feitas de forma consistente, s\u00e3o capazes de influenciar a sa\u00fade a longo prazo.<\/p>\n<p>Leia tamb\u00e9m<\/p>\n<p><a href=\"https:\/\/www.nsctotal.com.br\/noticias\/sente-que-seu-foco-derreteu-a-culpa-pode-ser-do-brain-rot-o-efeito-dos-videos-curtos-no-seu-cerebro\" target=\"_blank\" rel=\"noreferrer noopener nofollow\"><strong>Sente que seu foco \u2018derreteu\u2019? A culpa pode ser do \u2018brain rot\u2019, o efeito dos v\u00eddeos curtos no seu c\u00e9rebro<\/strong><\/a><\/p>\n<p>Continua depois da publicidade<\/p>\n<p><strong><a href=\"https:\/\/cbntotal.com.br\/bem-estar\/o-mundo-secreto-sob-seus-pes-o-que-existe-por-baixo-da-areia-da-praia-segundo-a-ciencia\/\" target=\"_blank\" rel=\"noreferrer noopener nofollow\">O mundo secreto sob seus p\u00e9s: o que existe por baixo da areia da praia, segundo a ci\u00eancia<\/a><\/strong><\/p>\n<p><a href=\"https:\/\/www.nsctotal.com.br\/noticias\/caso-inedito-na-medicina-o-parasita-de-piton-que-foi-encontrado-vivo-no-cerebro-de-uma-humana\" target=\"_blank\" rel=\"noreferrer noopener nofollow\"><strong>Caso in\u00e9dito na medicina: o parasita de p\u00edton que foi encontrado vivo no c\u00e9rebro de uma humana<\/strong><\/a><\/p>\n","protected":false},"excerpt":{"rendered":"esquisadores apontam um alimento comum como aliado na preven\u00e7\u00e3o do c\u00e2ncer colorretal (Foto: Banco de imagens) Um novo&hellip;\n","protected":false},"author":2,"featured_media":50431,"comment_status":"","ping_status":"","sticky":false,"template":"","format":"standard","meta":{"footnotes":""},"categories":[86],"tags":[116,32,33,117,794],"class_list":{"0":"post-50430","1":"post","2":"type-post","3":"status-publish","4":"format-standard","5":"has-post-thumbnail","7":"category-saude","8":"tag-health","9":"tag-portugal","10":"tag-pt","11":"tag-saude","12":"tag-voce-viu"},"share_on_mastodon":{"url":"","error":""},"_links":{"self":[{"href":"https:\/\/www.europesays.com\/pt\/wp-json\/wp\/v2\/posts\/50430","targetHints":{"allow":["GET"]}}],"collection":[{"href":"https:\/\/www.europesays.com\/pt\/wp-json\/wp\/v2\/posts"}],"about":[{"href":"https:\/\/www.europesays.com\/pt\/wp-json\/wp\/v2\/types\/post"}],"author":[{"embeddable":true,"href":"https:\/\/www.europesays.com\/pt\/wp-json\/wp\/v2\/users\/2"}],"replies":[{"embeddable":true,"href":"https:\/\/www.europesays.com\/pt\/wp-json\/wp\/v2\/comments?post=50430"}],"version-history":[{"count":0,"href":"https:\/\/www.europesays.com\/pt\/wp-json\/wp\/v2\/posts\/50430\/revisions"}],"wp:featuredmedia":[{"embeddable":true,"href":"https:\/\/www.europesays.com\/pt\/wp-json\/wp\/v2\/media\/50431"}],"wp:attachment":[{"href":"https:\/\/www.europesays.com\/pt\/wp-json\/wp\/v2\/media?parent=50430"}],"wp:term":[{"taxonomy":"category","embeddable":true,"href":"https:\/\/www.europesays.com\/pt\/wp-json\/wp\/v2\/categories?post=50430"},{"taxonomy":"post_tag","embeddable":true,"href":"https:\/\/www.europesays.com\/pt\/wp-json\/wp\/v2\/tags?post=50430"}],"curies":[{"name":"wp","href":"https:\/\/api.w.org\/{rel}","templated":true}]}}