{"id":504302,"date":"2026-08-29T07:01:27","date_gmt":"2026-08-29T07:01:27","guid":{"rendered":"https:\/\/www.europesays.com\/pt\/504302\/"},"modified":"2026-08-29T07:01:27","modified_gmt":"2026-08-29T07:01:27","slug":"apos-separacao-de-catarina-miranda-afonso-leitao-surpreende-com-casa-nova-todos-os-detalhes-aqui-big-brother-verao-2026-ultimas-noticias-videos-e-diretos","status":"publish","type":"post","link":"https:\/\/www.europesays.com\/pt\/504302\/","title":{"rendered":"Ap\u00f3s separa\u00e7\u00e3o de Catarina Miranda, Afonso Leit\u00e3o surpreende com casa nova. Todos os detalhes aqui &#8211; Big Brother Ver\u00e3o 2026: \u00daltimas Not\u00edcias, V\u00eddeos e Diretos"},"content":{"rendered":"<p>Atrav\u00e9s das redes sociais,<strong> Afonso Leit\u00e3o<\/strong> partilhou um novo detalhe da sua vida pessoal. O jovem recorreu aos stories do Instagram para mostrar que a mudan\u00e7a para a<strong> nova casa <\/strong>est\u00e1 a ganhar forma e revelou um dos primeiros elementos que j\u00e1 fazem parte do espa\u00e7o.<\/p>\n<p>Na imagem partilhada, Afonso mostrou uma mesa e escreveu simplesmente: <strong>\u00abE a casa nova j\u00e1 tem mesa\u00bb<\/strong>.<\/p>\n<p>A revela\u00e7\u00e3o acontece depois do<strong> <a href=\"https:\/\/tvi.iol.pt\/bigbrother\/catarina-miranda\/fotografia\/novo-amor-fotografia-comprometedora-de-catarina-miranda-esta-a-dar-que-falar-e-nos-mostramos-tudo\" rel=\"nofollow noopener\" target=\"_blank\">fim da rela\u00e7\u00e3o com Catarina Miranda<\/a><\/strong>, com quem Afonso Leit\u00e3o manteve uma rela\u00e7\u00e3o bastante medi\u00e1tica. Desde ent\u00e3o, o jovem tem seguido o seu caminho e partilhado com os seguidores alguns momentos desta nova etapa.<\/p>\n<p><strong>Veja a imagem.<\/strong><\/p>\n<p><strong><img loading=\"lazy\" decoding=\"async\" alt=\"\" height=\"532\" src=\"https:\/\/www.europesays.com\/pt\/wp-content\/uploads\/2026\/08\/6a900b370cf2f6a1a1e75660.webp\" width=\"300\"\/><\/strong><\/p>\n","protected":false},"excerpt":{"rendered":"Atrav\u00e9s das redes sociais, Afonso Leit\u00e3o partilhou um novo detalhe da sua vida pessoal. O jovem recorreu aos&hellip;\n","protected":false},"author":2,"featured_media":504303,"comment_status":"","ping_status":"","sticky":false,"template":"","format":"standard","meta":{"footnotes":"","_share_on_mastodon":"0"},"categories":[85],"tags":[2031,331,48,8202,342,333,328,335,336,114,115,334,332,330,338,13,32,33,162,227],"class_list":["post-504302","post","type-post","status-publish","format-standard","has-post-thumbnail","category-entretenimento","tag-afonso-leitao","tag-big","tag-big-brother","tag-casa-nova","tag-catarina-miranda","tag-comentadores","tag-concorrentes","tag-confrontos","tag-discussoes","tag-entertainment","tag-entretenimento","tag-exclusivos","tag-expulso","tag-gala","tag-maria-botelho-moniz","tag-noticias","tag-portugal","tag-pt","tag-tvi","tag-videos"],"share_on_mastodon":{"url":"https:\/\/pubeurope.com\/@pt\/117177515659431594","error":""},"_links":{"self":[{"href":"https:\/\/www.europesays.com\/pt\/wp-json\/wp\/v2\/posts\/504302","targetHints":{"allow":["GET"]}}],"collection":[{"href":"https:\/\/www.europesays.com\/pt\/wp-json\/wp\/v2\/posts"}],"about":[{"href":"https:\/\/www.europesays.com\/pt\/wp-json\/wp\/v2\/types\/post"}],"author":[{"embeddable":true,"href":"https:\/\/www.europesays.com\/pt\/wp-json\/wp\/v2\/users\/2"}],"replies":[{"embeddable":true,"href":"https:\/\/www.europesays.com\/pt\/wp-json\/wp\/v2\/comments?post=504302"}],"version-history":[{"count":0,"href":"https:\/\/www.europesays.com\/pt\/wp-json\/wp\/v2\/posts\/504302\/revisions"}],"wp:featuredmedia":[{"embeddable":true,"href":"https:\/\/www.europesays.com\/pt\/wp-json\/wp\/v2\/media\/504303"}],"wp:attachment":[{"href":"https:\/\/www.europesays.com\/pt\/wp-json\/wp\/v2\/media?parent=504302"}],"wp:term":[{"taxonomy":"category","embeddable":true,"href":"https:\/\/www.europesays.com\/pt\/wp-json\/wp\/v2\/categories?post=504302"},{"taxonomy":"post_tag","embeddable":true,"href":"https:\/\/www.europesays.com\/pt\/wp-json\/wp\/v2\/tags?post=504302"}],"curies":[{"name":"wp","href":"https:\/\/api.w.org\/{rel}","templated":true}]}}