{"id":504370,"date":"2026-08-29T08:34:20","date_gmt":"2026-08-29T08:34:20","guid":{"rendered":"https:\/\/www.europesays.com\/pt\/504370\/"},"modified":"2026-08-29T08:34:20","modified_gmt":"2026-08-29T08:34:20","slug":"rui-calafate-diz-que-futebolista-do-sporting-quer-por-se-a-andar-ve-se-que-esta-desconfortavel","status":"publish","type":"post","link":"https:\/\/www.europesays.com\/pt\/504370\/","title":{"rendered":"Rui Calafate diz que futebolista do Sporting quer p\u00f4r-se a andar: &#8220;V\u00ea-se que est\u00e1 desconfort\u00e1vel&#8221;"},"content":{"rendered":"<p><a href=\"https:\/\/www.instagram.com\/calafaterui\/\" target=\"_blank\" rel=\"nofollow noopener\">Rui Calafate<\/a> considera que a temporada do<a href=\"https:\/\/www.transfermarkt.pt\/sporting-cp\/startseite\/verein\/336\" target=\"_blank\" rel=\"nofollow noopener\"> Sporting<\/a> pode ficar inevitavelmente marcada pela situa\u00e7\u00e3o de Luis Su\u00e1rez. O especialista em comunica\u00e7\u00e3o entende que o avan\u00e7ado colombiano poder\u00e1 transformar-se num dos principais focos de aten\u00e7\u00e3o ao longo da \u00e9poca, <b>al\u00e9m de referir que o jogador quer sair de Alvalade.<\/b><\/p>\n<p><\/p>\n<p>&#8220;No Sporting, a \u00e9poca que ter\u00e1 naturalmente altos e baixos devido \u00e0 rota\u00e7\u00e3o do plantel e ao encaixe de novos protagonistas, pode ser marcada pelo assunto Luis Su\u00e1rez. <b>Acredito em Frederico Varandas quando afirma que o colombiano<\/b><a href=\"https:\/\/leonino.pt\/de-luis-suarez-palhinha-mercado-aos-audios-sobre-o-sporting-tudo-o-que-disse-varandas\" target=\"_blank\" rel=\"nofollow noopener\"> \u201c\u00e9 um profissional exemplar\u201d<\/a>. No ano passado nada a apontar e os sportinguistas s\u00f3 podem agradecer o seu empenho numa temporada fant\u00e1stica para o artilheiro que tantas vezes levou a equipa ao colo com os seus golos&#8221;, pode ler-se no jornal &#8216;Record&#8217;.<\/p>\n<p><\/p>\n<blockquote class=\"blockquote\"><p><b>R. Calafate sobre L. Su\u00e1rez: &#8220;\u00c9 vis\u00edvel que est\u00e1 desconfort\u00e1vel e quer sair&#8221;<\/b><\/p><\/blockquote>\n<p><\/p>\n<p>O cen\u00e1rio, por\u00e9m, ter\u00e1 mudado nesta nova temporada, segundo a an\u00e1lise do comentador. Apesar do golo apontado frente ao Alverca, Calafate entende que existem v\u00e1rios sinais de desconforto: &#8220;<b>Os sinais negativos nesta \u00e9poca est\u00e3o l\u00e1 todos, por muito que o presidente e treinador tentem tapar o sol com uma peneira<\/b>. Marcou um belo golo com o Alverca, mas Su\u00e1rez est\u00e1 desligado dos companheiros e, sobretudo, dos adeptos. \u00c9 vis\u00edvel que est\u00e1 desconfort\u00e1vel e quer sair, como comprova a tourn\u00e9e do seu empres\u00e1rio por uma s\u00e9rie de clubes com o \u00edmpeto de o vender a ver se algu\u00e9m lhe pega&#8221;.<\/p>\n<p>O problema ganha outra dimens\u00e3o perante a falta de interessados dispostos a chegar ao valor pretendido pelo Sporting: &#8220;A verdade \u00e9 que n\u00e3o h\u00e1 apetite do mercado pelo colombiano face ao valor pretendido &#8211; e bem &#8211; pela administra\u00e7\u00e3o da SAD. <b>Como se vai gerir este problema? \u00c9 um dilema complicado.<\/b> Jogadores contrariados nunca d\u00e3o tudo e parece que fazem um frete \u00e0 entidade patronal e as bancadas sentem essa frieza de quem n\u00e3o est\u00e1 de alma e cora\u00e7\u00e3o&#8221;.<\/p>\n<p><\/p>\n<p>Perante este cen\u00e1rio, <b>o analista coloca a responsabilidade tamb\u00e9m sobre Rui Borges<\/b>, que ter\u00e1 de encontrar uma solu\u00e7\u00e3o para recuperar o melhor Su\u00e1rez enquanto conduz a reconstru\u00e7\u00e3o do plantel: &#8220;\u00c9 um craque importante e por isso compete a Rui Borges ultrapassar esta vaga revolta. J\u00e1 n\u00e3o basta reconstruir um plantel, o transmontano tem ainda de controlar um ego. \u00c9 uma tarefa herc\u00falea&#8221;.<\/p>\n<p><b>Melhores momentos de Su\u00e1rez:<\/b><\/p>\n<p>                                                        <script async src=\"\/\/www.instagram.com\/embed.js\"><\/script><\/p>\n","protected":false},"excerpt":{"rendered":"Rui Calafate considera que a temporada do Sporting pode ficar inevitavelmente marcada pela situa\u00e7\u00e3o de Luis Su\u00e1rez. O&hellip;\n","protected":false},"author":2,"featured_media":504371,"comment_status":"","ping_status":"","sticky":false,"template":"","format":"standard","meta":{"footnotes":"","_share_on_mastodon":"0"},"categories":[87],"tags":[135,32,33,50076,34,134],"class_list":["post-504370","post","type-post","status-publish","format-standard","has-post-thumbnail","category-desporto","tag-desporto","tag-portugal","tag-pt","tag-rui-calafate","tag-sporting","tag-sports"],"share_on_mastodon":{"url":"https:\/\/pubeurope.com\/@pt\/117177880737892360","error":""},"_links":{"self":[{"href":"https:\/\/www.europesays.com\/pt\/wp-json\/wp\/v2\/posts\/504370","targetHints":{"allow":["GET"]}}],"collection":[{"href":"https:\/\/www.europesays.com\/pt\/wp-json\/wp\/v2\/posts"}],"about":[{"href":"https:\/\/www.europesays.com\/pt\/wp-json\/wp\/v2\/types\/post"}],"author":[{"embeddable":true,"href":"https:\/\/www.europesays.com\/pt\/wp-json\/wp\/v2\/users\/2"}],"replies":[{"embeddable":true,"href":"https:\/\/www.europesays.com\/pt\/wp-json\/wp\/v2\/comments?post=504370"}],"version-history":[{"count":0,"href":"https:\/\/www.europesays.com\/pt\/wp-json\/wp\/v2\/posts\/504370\/revisions"}],"wp:featuredmedia":[{"embeddable":true,"href":"https:\/\/www.europesays.com\/pt\/wp-json\/wp\/v2\/media\/504371"}],"wp:attachment":[{"href":"https:\/\/www.europesays.com\/pt\/wp-json\/wp\/v2\/media?parent=504370"}],"wp:term":[{"taxonomy":"category","embeddable":true,"href":"https:\/\/www.europesays.com\/pt\/wp-json\/wp\/v2\/categories?post=504370"},{"taxonomy":"post_tag","embeddable":true,"href":"https:\/\/www.europesays.com\/pt\/wp-json\/wp\/v2\/tags?post=504370"}],"curies":[{"name":"wp","href":"https:\/\/api.w.org\/{rel}","templated":true}]}}