{"id":50440,"date":"2025-08-29T17:07:13","date_gmt":"2025-08-29T17:07:13","guid":{"rendered":"https:\/\/www.europesays.com\/pt\/50440\/"},"modified":"2025-08-29T17:07:13","modified_gmt":"2025-08-29T17:07:13","slug":"livro-sobre-mestre-da-uniao-do-vegetal-e-lancado-na-cldf-nesta-sexta-feira-29","status":"publish","type":"post","link":"https:\/\/www.europesays.com\/pt\/50440\/","title":{"rendered":"Livro sobre mestre da Uni\u00e3o do Vegetal \u00e9 lan\u00e7ado na CLDF nesta sexta-feira (29) \u00a0"},"content":{"rendered":"<p> Livro sobre mestre da Uni\u00e3o do Vegetal \u00e9 lan\u00e7ado na CLDF nesta sexta-feira (29) \u00a0 <\/p>\n<p>\u201cO Canto do Sabi\u00e1 &#8211; A Hist\u00f3ria de Mestre Flor\u00eancio\u201d percorre os passos de um dos grandes nomes da Uni\u00e3o do Vegetal (UDV), respons\u00e1vel por implantar essa religi\u00e3o em Manaus (AM). Escrito por Edson Lodi, pesquisador e disc\u00edpulo da UDV desde a d\u00e9cada de 1970, o livro ser\u00e1 lan\u00e7ado em Bras\u00edlia nesta sexta-feira (29), no foyer do plen\u00e1rio da C\u00e2mara Legislativa do Distrito Federal, a partir das 19h.\u00a0<\/p>\n<p>O evento, realizado por iniciativa da deputada Paula Belmonte (Cidadania), vai contar com a presen\u00e7a do autor e de Suely Moraes de Carvalho, companheira de mestre Flor\u00eancio por mais de 44 anos. Durante o lan\u00e7amento, ser\u00e1 servido um coquetel; e a solenidade ser\u00e1 transmitida ao vivo pela <a href=\"https:\/\/www.youtube.com\/playlist?list=PLgjufDVoPk_NJlqfd9x5KyI80FcsTb1eW\" rel=\"nofollow noopener\" target=\"_blank\">TV C\u00e2mara Distrital<\/a>.\u00a0<\/p>\n<p>A publica\u00e7\u00e3o resulta de uma pesquisa minuciosa, que visita a inf\u00e2ncia de Flor\u00eancio Siqueira de Carvalho, nascido em Juazeiro do Norte (CE), em 1932; passa por seu trabalho nos seringais na Amaz\u00f4nia e sua viv\u00eancia na floresta; e chega ao encontro, em Porto Velho (RO), com Mestre Gabriel, o fundador do Centro Esp\u00edrita Beneficente Uni\u00e3o do Vegetal. Foi esse l\u00edder espiritual que apelidou Flor\u00eancio de \u201cSabi\u00e1\u201d, por sua forma de fazer as \u201cchamadas\u201d (c\u00e2nticos do ritual religioso) no Sal\u00e3o do Vegetal.\u00a0<br \/>\u00a0<\/p>\n<p>  <img loading=\"lazy\" decoding=\"async\" alt=\"\" height=\"542\" src=\"https:\/\/www.europesays.com\/pt\/wp-content\/uploads\/2025\/08\/56283a3d-0f7c-55cc-83ea-6dd8fe8dbf84\" style=\"margin: 0px;\" width=\"750\"\/> Mestre Flor\u00eancio e Mestre Pequenina, pioneiros da Uni\u00e3o do Vegetal (Foto:\u00a0DMC\/Sede Geral)   <\/p>\n<p>A UDV \u00e9 uma religi\u00e3o de fundamenta\u00e7\u00e3o crist\u00e3 e reencarnacionista, a qual utiliza em seu ritual o ch\u00e1 Hoasca (tamb\u00e9m conhecido como \u201cayahuasca\u201d ou \u201cvegetal\u201d): preparado a partir de duas plantas amaz\u00f4nicas, o cip\u00f3 Mariri e as folhas da \u00e1rvore Chacrona. Mestre Flor\u00eancio, que era um ex\u00edmio conhecedor das plantas, destacou-se como um dos melhores \u201cmestres de preparo\u201d, com grande habilidade para preparar o \u201cvegetal\u201d.\u00a0<\/p>\n<p><strong>A obra\u00a0<\/strong><\/p>\n<p>O escritor e pesquisador Edson Lodi conviveu, por d\u00e9cadas, com mestre Flor\u00eancio e sua fam\u00edlia. Para escrever \u201cO Canto do Sabi\u00e1\u201d, al\u00e9m de sua experi\u00eancia pessoal com o mestre, lan\u00e7ou m\u00e3o de dezenas de entrevistas, relatos e documentos. Ademais, pesquisou o contexto hist\u00f3rico e cultural do Nordeste e da Amaz\u00f4nia para melhor compreender as viv\u00eancias de Flor\u00eancio.\u00a0<br \/>\u00a0<\/p>\n<p style=\"text-align:center\"><img decoding=\"async\" alt=\"\" src=\"https:\/\/www.europesays.com\/pt\/wp-content\/uploads\/2025\/08\/64e97e2b-0324-5ff5-8e7c-3415ec2870b5\"\/><\/p>\n<p>Al\u00e9m de vers\u00e3o impressa, a obra tamb\u00e9m est\u00e1 dispon\u00edvel em audiolivro. &#8220;\u00c9 uma singela homenagem a ele [mestre Flor\u00eancio], que n\u00e3o sabia ler o alfabeto, mas era um professor nas linhas da vida\u201d, destaca Lodi.\u00a0<\/p>\n","protected":false},"excerpt":{"rendered":"Livro sobre mestre da Uni\u00e3o do Vegetal \u00e9 lan\u00e7ado na CLDF nesta sexta-feira (29) \u00a0 \u201cO Canto do&hellip;\n","protected":false},"author":2,"featured_media":50441,"comment_status":"","ping_status":"","sticky":false,"template":"","format":"standard","meta":{"footnotes":""},"categories":[143],"tags":[169,315,1661,114,115,170,14806,32,33],"class_list":{"0":"post-50440","1":"post","2":"type-post","3":"status-publish","4":"format-standard","5":"has-post-thumbnail","7":"category-livros","8":"tag-books","9":"tag-cultura","10":"tag-destaque","11":"tag-entertainment","12":"tag-entretenimento","13":"tag-livros","14":"tag-paula-belmonte","15":"tag-portugal","16":"tag-pt"},"share_on_mastodon":{"url":"","error":""},"_links":{"self":[{"href":"https:\/\/www.europesays.com\/pt\/wp-json\/wp\/v2\/posts\/50440","targetHints":{"allow":["GET"]}}],"collection":[{"href":"https:\/\/www.europesays.com\/pt\/wp-json\/wp\/v2\/posts"}],"about":[{"href":"https:\/\/www.europesays.com\/pt\/wp-json\/wp\/v2\/types\/post"}],"author":[{"embeddable":true,"href":"https:\/\/www.europesays.com\/pt\/wp-json\/wp\/v2\/users\/2"}],"replies":[{"embeddable":true,"href":"https:\/\/www.europesays.com\/pt\/wp-json\/wp\/v2\/comments?post=50440"}],"version-history":[{"count":0,"href":"https:\/\/www.europesays.com\/pt\/wp-json\/wp\/v2\/posts\/50440\/revisions"}],"wp:featuredmedia":[{"embeddable":true,"href":"https:\/\/www.europesays.com\/pt\/wp-json\/wp\/v2\/media\/50441"}],"wp:attachment":[{"href":"https:\/\/www.europesays.com\/pt\/wp-json\/wp\/v2\/media?parent=50440"}],"wp:term":[{"taxonomy":"category","embeddable":true,"href":"https:\/\/www.europesays.com\/pt\/wp-json\/wp\/v2\/categories?post=50440"},{"taxonomy":"post_tag","embeddable":true,"href":"https:\/\/www.europesays.com\/pt\/wp-json\/wp\/v2\/tags?post=50440"}],"curies":[{"name":"wp","href":"https:\/\/api.w.org\/{rel}","templated":true}]}}