{"id":50442,"date":"2025-08-29T17:08:10","date_gmt":"2025-08-29T17:08:10","guid":{"rendered":"https:\/\/www.europesays.com\/pt\/50442\/"},"modified":"2025-08-29T17:08:10","modified_gmt":"2025-08-29T17:08:10","slug":"globo-lanca-a-ge-tv-seu-novo-canal-digital-gratuito-de-entretenimento-esportivo","status":"publish","type":"post","link":"https:\/\/www.europesays.com\/pt\/50442\/","title":{"rendered":"Globo lan\u00e7a a Ge TV, seu novo canal digital gratuito de entretenimento esportivo"},"content":{"rendered":"\n<p class=\" content-text__container \" data-track-category=\"Link no Texto\" data-track-links=\"\"> O novo canal j\u00e1 conta com os direitos do futebol de Clubes e Sele\u00e7\u00f5es (Libertadores, Brasileir\u00e3o S\u00e9rie A, Copa do Brasil, Supercopa do Brasil, sele\u00e7\u00f5es brasileiras masculina e feminina e Brasileiro Feminino S\u00e9rie A) e outros eventos como NFL, Liga das Na\u00e7\u00f5es de V\u00f4lei, WSL, SLS, al\u00e9m de novos formatos. O canal ter\u00e1 tamb\u00e9m pr\u00e9 e p\u00f3s jogos, lives, resenhas, melhores momentos, programas e mesacasts. Na vers\u00e3o linear, que roda 24 horas por dia (substituindo o GE Fast), a Ge TV tamb\u00e9m contar\u00e1 com conte\u00fados de acervo para compor a grade e manter a energia esportiva sempre ligada. <\/p>\n","protected":false},"excerpt":{"rendered":"O novo canal j\u00e1 conta com os direitos do futebol de Clubes e Sele\u00e7\u00f5es (Libertadores, Brasileir\u00e3o S\u00e9rie A,&hellip;\n","protected":false},"author":2,"featured_media":50443,"comment_status":"","ping_status":"","sticky":false,"template":"","format":"standard","meta":{"footnotes":""},"categories":[142],"tags":[114,115,32,33,151],"class_list":{"0":"post-50442","1":"post","2":"type-post","3":"status-publish","4":"format-standard","5":"has-post-thumbnail","7":"category-tv","8":"tag-entertainment","9":"tag-entretenimento","10":"tag-portugal","11":"tag-pt","12":"tag-tv"},"share_on_mastodon":{"url":"","error":""},"_links":{"self":[{"href":"https:\/\/www.europesays.com\/pt\/wp-json\/wp\/v2\/posts\/50442","targetHints":{"allow":["GET"]}}],"collection":[{"href":"https:\/\/www.europesays.com\/pt\/wp-json\/wp\/v2\/posts"}],"about":[{"href":"https:\/\/www.europesays.com\/pt\/wp-json\/wp\/v2\/types\/post"}],"author":[{"embeddable":true,"href":"https:\/\/www.europesays.com\/pt\/wp-json\/wp\/v2\/users\/2"}],"replies":[{"embeddable":true,"href":"https:\/\/www.europesays.com\/pt\/wp-json\/wp\/v2\/comments?post=50442"}],"version-history":[{"count":0,"href":"https:\/\/www.europesays.com\/pt\/wp-json\/wp\/v2\/posts\/50442\/revisions"}],"wp:featuredmedia":[{"embeddable":true,"href":"https:\/\/www.europesays.com\/pt\/wp-json\/wp\/v2\/media\/50443"}],"wp:attachment":[{"href":"https:\/\/www.europesays.com\/pt\/wp-json\/wp\/v2\/media?parent=50442"}],"wp:term":[{"taxonomy":"category","embeddable":true,"href":"https:\/\/www.europesays.com\/pt\/wp-json\/wp\/v2\/categories?post=50442"},{"taxonomy":"post_tag","embeddable":true,"href":"https:\/\/www.europesays.com\/pt\/wp-json\/wp\/v2\/tags?post=50442"}],"curies":[{"name":"wp","href":"https:\/\/api.w.org\/{rel}","templated":true}]}}